{"id":9983,"date":"2025-12-22T10:43:43","date_gmt":"2025-12-22T10:43:43","guid":{"rendered":"https:\/\/info-eforie.ro\/index.php\/2025\/12\/22\/mi-e-scarba-au-vazut-ce-a-facut-fifa-la-tragerea-la-sorti-pentru-cupa-mondiala-absolut-dezgustator\/"},"modified":"2025-12-22T10:43:43","modified_gmt":"2025-12-22T10:43:43","slug":"mi-e-scarba-au-vazut-ce-a-facut-fifa-la-tragerea-la-sorti-pentru-cupa-mondiala-absolut-dezgustator","status":"publish","type":"post","link":"https:\/\/info-eforie.ro\/index.php\/2025\/12\/22\/mi-e-scarba-au-vazut-ce-a-facut-fifa-la-tragerea-la-sorti-pentru-cupa-mondiala-absolut-dezgustator\/","title":{"rendered":"&#8222;Mi-e sc\u00e2rb\u0103!&#8221; Au v\u0103zut ce a f\u0103cut FIFA la tragerea la sor\u021bi pentru Cupa Mondial\u0103: &#8222;Absolut dezgust\u0103tor&#8221;"},"content":{"rendered":"<p>Mi-e sc\u00e2rb\u0103!&#8221; Au v\u0103zut ce a f\u0103cut FIFA la tragerea la sor\u021bi pentru Cupa Mondial\u0103: &#8222;Absolut dezgust\u0103tor&#8230;<br \/><a href=\"https:\/\/www.digisport.ro\/fotbal\/cm-2026\/mi-e-scarba-au-vazut-ce-a-facut-fifa-la-tragerea-la-sorti-pentru-cupa-mondiala-absolut-dezgustator-3963543\" class=\"button purchase\" rel=\"nofollow noopener\" target=\"_blank\">Read More<\/a><\/p>\n","protected":false},"excerpt":{"rendered":"<p>Mi-e sc\u00e2rb\u0103!&#8221; Au v\u0103zut ce a f\u0103cut FIFA la tragerea la sor\u021bi pentru Cupa Mondial\u0103: &#8222;Absolut dezgust\u0103tor&#8230;Read More<\/p>\n","protected":false},"author":1,"featured_media":9984,"comment_status":"open","ping_status":"open","sticky":false,"template":"","format":"standard","meta":{"_monsterinsights_skip_tracking":false,"_monsterinsights_sitenote_active":false,"_monsterinsights_sitenote_note":"","_monsterinsights_sitenote_category":0,"footnotes":""},"categories":[7],"tags":[],"class_list":["post-9983","post","type-post","status-publish","format-standard","has-post-thumbnail","hentry","category-sports"],"aioseo_notices":[],"_links":{"self":[{"href":"https:\/\/info-eforie.ro\/index.php\/wp-json\/wp\/v2\/posts\/9983","targetHints":{"allow":["GET"]}}],"collection":[{"href":"https:\/\/info-eforie.ro\/index.php\/wp-json\/wp\/v2\/posts"}],"about":[{"href":"https:\/\/info-eforie.ro\/index.php\/wp-json\/wp\/v2\/types\/post"}],"author":[{"embeddable":true,"href":"https:\/\/info-eforie.ro\/index.php\/wp-json\/wp\/v2\/users\/1"}],"replies":[{"embeddable":true,"href":"https:\/\/info-eforie.ro\/index.php\/wp-json\/wp\/v2\/comments?post=9983"}],"version-history":[{"count":0,"href":"https:\/\/info-eforie.ro\/index.php\/wp-json\/wp\/v2\/posts\/9983\/revisions"}],"wp:featuredmedia":[{"embeddable":true,"href":"https:\/\/info-eforie.ro\/index.php\/wp-json\/wp\/v2\/media\/9984"}],"wp:attachment":[{"href":"https:\/\/info-eforie.ro\/index.php\/wp-json\/wp\/v2\/media?parent=9983"}],"wp:term":[{"taxonomy":"category","embeddable":true,"href":"https:\/\/info-eforie.ro\/index.php\/wp-json\/wp\/v2\/categories?post=9983"},{"taxonomy":"post_tag","embeddable":true,"href":"https:\/\/info-eforie.ro\/index.php\/wp-json\/wp\/v2\/tags?post=9983"}],"curies":[{"name":"wp","href":"https:\/\/api.w.org\/{rel}","templated":true}]}}