{"id":9906,"date":"2025-12-20T10:41:30","date_gmt":"2025-12-20T10:41:30","guid":{"rendered":"https:\/\/info-eforie.ro\/index.php\/2025\/12\/20\/20-decembrie-s-a-nascut-omul-politic-ion-gh-duca-premierul-asasinat-de-legionari\/"},"modified":"2025-12-20T10:41:30","modified_gmt":"2025-12-20T10:41:30","slug":"20-decembrie-s-a-nascut-omul-politic-ion-gh-duca-premierul-asasinat-de-legionari","status":"publish","type":"post","link":"https:\/\/info-eforie.ro\/index.php\/2025\/12\/20\/20-decembrie-s-a-nascut-omul-politic-ion-gh-duca-premierul-asasinat-de-legionari\/","title":{"rendered":"20 decembrie. S-a n\u0103scut omul politic Ion Gh. Duca, premierul asasinat de legionari"},"content":{"rendered":"<div>\n<p>Ion Gh. Duca s-a n\u0103scut pe 20 decembrie 1879, la Bucure\u0219ti \u0219i a fost un om politic liberal. Tot pe 20 decembrie s-au n\u0103scut mitropolitul Andrei \u0218aguna \u0219i arhitectul Ioan Mincu.<\/p>\n<div><picture loading=\"eager\" width=\"1400\" height=\"750\" alt=\"Ion Gh. Duca, fost prim ministru FOTO: Wikipedia\"><source type=\"image\/webp\"  media=\"(min-width: 1400px)\"><source type=\"image\/webp\"  media=\"(min-width: 1000px)\"><source type=\"image\/webp\"  media=\"(min-width: 700px)\"><source type=\"image\/jpeg\"  media=\"(min-width: 1400px)\"><source type=\"image\/jpeg\"  media=\"(min-width: 1000px)\"><source type=\"image\/jpeg\"  media=\"(min-width: 700px)\"><img fetchpriority=\"high\" decoding=\"async\" src=\"https:\/\/cdn.adh.reperio.news\/image-f\/f3c5bbd4-8243-4cfa-b12a-1c091543dca3\/index.jpeg?p=a%3D1%26co%3D1.05%26w%3D700%26h%3D750%26r%3Dcontain%26f%3Dwebp\" alt=\"Ion Gh. Duca, fost prim ministru FOTO: Wikipedia\" width=\"1400\" height=\"750\" loading=\"eager\"><\/picture>\n<p>Ion Gh. Duca, fost prim ministru FOTO: Wikipedia<\/p>\n<\/div>\n<p><b>1808: s-a n\u0103scut Andrei \u0218aguna, mitropolit ortodox al rom\u00e2nilor din Ardeal\u00a0<\/b><\/p>\n<p>N\u0103scut \u00een Mi\u015fkol\u0163 (Miskolc), \u00een Ungaria, la 20 decembrie 1808\/1 ianuarie 1809, ca fiu al unui negustor macedonean, mitropolitul Andrei \u0218aguna a militant pentru drepturile ortodoc\u0219ilor \u0219i ale rom\u00e2nilor din Transilvania, fiind, de asemenea, fondator al Gimnaziului Rom\u00e2nesc din Bra\u0219ov (1851) \u015fi \u00a0membru de onoare al Academiei Rom\u00e2ne.\u00a0<\/p>\n<div><picture loading=\"lazy\" width=\"1400\" height=\"750\" alt=\"Mitropolitul Andrei \u0218aguna FOTO: Arhive\"><source type=\"image\/webp\"  media=\"(min-width: 1400px)\"><source type=\"image\/webp\"  media=\"(min-width: 1000px)\"><source type=\"image\/webp\"  media=\"(min-width: 700px)\"><source type=\"image\/jpeg\"  media=\"(min-width: 1400px)\"><source type=\"image\/jpeg\"  media=\"(min-width: 1000px)\"><source type=\"image\/jpeg\"  media=\"(min-width: 700px)\"><img decoding=\"async\" src=\"https:\/\/cdn.adh.reperio.news\/image-4\/4f0256f4-57a4-4b19-9173-296b750a838f\/index.jpeg?p=a%3D1%26co%3D1.05%26w%3D700%26h%3D750%26r%3Dcontain%26f%3Dwebp\" alt=\"Mitropolitul Andrei \u0218aguna FOTO: Arhive\" width=\"1400\" height=\"750\" loading=\"lazy\"><\/picture>\n<p>Mitropolitul Andrei \u0218aguna FOTO: Arhive<\/p>\n<\/div>\n<p>Andrei \u015eaguna a sus\u0163inut \u015fi s-a implicat \u00een mi\u015fcarea revolu\u0163ionar\u0103 a rom\u00e2nilor transilv\u0103neni din 1848-1849. La 3\/15 mai 1848, \u00een prima zi a Marii Adun\u0103ri de la Blaj, episcopul Andrei \u015eaguna a fost proclamat pre\u015fedinte al Adun\u0103rii, al\u0103turi de episcopul Ioan Lemeni (unit).\u00a0<\/p>\n<p><b>1852: S-a n\u0103scut Ion Mincu\u00a0<\/b><\/p>\n<p>Ion Mincu s-a n\u0103scut pe 20 decembrie 1852, la Foc\u015fani, \u0219i a murit pe 6 decembrie 1912, \u00een Bucure\u0219ti. El a a fost cel mai de seam\u0103 arhitect din secolul XIX, principalul promotor al stilului rom\u00e2nesc \u00een arhitectur\u0103.\u00a0<\/p>\n<div><picture loading=\"lazy\" width=\"1400\" height=\"750\" alt=\"Arhitectul Ion Mincu FOTO: Arhiv\u0103\"><source type=\"image\/webp\"  media=\"(min-width: 1400px)\"><source type=\"image\/webp\"  media=\"(min-width: 1000px)\"><source type=\"image\/webp\"  media=\"(min-width: 700px)\"><source type=\"image\/jpeg\"  media=\"(min-width: 1400px)\"><source type=\"image\/jpeg\"  media=\"(min-width: 1000px)\"><source type=\"image\/jpeg\"  media=\"(min-width: 700px)\"><img decoding=\"async\" src=\"https:\/\/cdn.adh.reperio.news\/image-0\/055adf12-528a-474f-bee9-4393a1a6cd11\/index.jpeg?p=a%3D1%26co%3D1.05%26w%3D700%26h%3D750%26r%3Dcontain%26f%3Dwebp\" alt=\"Arhitectul Ion Mincu FOTO: Arhiv\u0103\" width=\"1400\" height=\"750\" loading=\"lazy\"><\/picture>\n<p>Arhitectul Ion Mincu FOTO: Arhiv\u0103<\/p>\n<\/div>\n<p>Printre\u00a0<a href=\"https:\/\/adevarul.ro\/stiri-locale\/focsani\/patimile-celui-mai-mare-arhitect-roman-cum-i-au-1822581.html\" target=\"_blank\" rel=\"noreferrer noopener\">cele mai cunoscute lucr\u0103ri arhitectonice<\/a>\u00a0ale lui Ion Mincu se afl\u0103 Casa Lahovari, Casa Vernescu, \u015ecoala central\u0103 de fete, Bufetul de la \u015eoseaua Kiseleff \u00een Bucure\u015fti, Vila Robescu \u00een Sinaia, Palatul Administrativ din Gala\u0163i. Mincu a fost pre\u015fedinte al Societ\u0103\u0163ii Arhitec\u0163ilor Rom\u00e2ni \u00eentre 1903 \u015fi 1912. A fost \u015fi deputat \u00een Parlamentul Rom\u00e2niei \u00een perioada 1895 \u2013 1899.\u00a0<\/p>\n<p><b>1879: S-a n\u0103scut Ion Gheorghe Duca, jurist si om politic rom\u00e2n\u00a0<\/b><\/p>\n<p>Ion Gheorghe Duca a fost un eminent jurist \u015fi om politic liberal, ministru \u00een mai multe cabinete timp de dou\u0103 decenii, \u00eentre 1914 \u015fi 1993, dar \u015fi prim ministru al Rom\u00e2niei \u00eentre 14 noiembrie \u015fi 29 decembrie 1933, zi \u00een care a fost asasinat de legionari pe peronul G\u0103rii Sinaia.<\/p>\n<p>A fost ini\u021biat \u00een francmasonerie, c\u00e2nd se afla la studii \u00een Fran\u021ba.\u00a0<\/p>\n<p>A de\u021binut func\u021biile de ministru al educa\u021biei (1914-1918), ministru al agriculturii (1919-1920), ministru al afacerilor externe (1922-1926), ministru al afacerilor interne (1927-1928), \u0219i prim-ministru al Rom\u00e2niei \u00eentre 14 noiembrie \u0219i 30 decembrie 1933, la aceast\u0103 ultima dat\u0103 fiind asasinat de a\u0219a-numi\u021bii Nicadori din cauza eforturilor sale de a st\u0103vili Mi\u0219carea Legionar\u0103.\u00a0<\/p>\n<p>\u00cen ziua fatidic\u0103 de 29 decembrie 1933, Ion Gh. Duca fusese chemat de regele Carol al II-lea \u00een audien\u0163\u0103, la Sinaia, iar informa\u0163ia fusese anun\u0163at\u0103 deja de pres\u0103, mai ales c\u0103 subiectul era unul important, \u015fi anume \u00eenlocuirea \u015fefului B\u0103ncii Na\u0163ionale.<\/p>\n<div><picture loading=\"lazy\" width=\"1400\" height=\"750\" alt=\"Asasinare Ion Duca\"><source type=\"image\/webp\"  media=\"(min-width: 1400px)\"><source type=\"image\/webp\"  media=\"(min-width: 1000px)\"><source type=\"image\/webp\"  media=\"(min-width: 700px)\"><source type=\"image\/jpeg\"  media=\"(min-width: 1400px)\"><source type=\"image\/jpeg\"  media=\"(min-width: 1000px)\"><source type=\"image\/jpeg\"  media=\"(min-width: 700px)\"><img decoding=\"async\" src=\"https:\/\/cdn.adh.reperio.news\/image-b\/b551fdbf-c711-40f4-bd2f-585a0927f3e1\/index.jpeg?p=a%3D1%26co%3D1.05%26w%3D700%26h%3D750%26r%3Dcontain%26f%3Dwebp\" alt=\"Asasinare Ion Duca\" width=\"1400\" height=\"750\" loading=\"lazy\"><\/picture>\n<p>Asasinare Ion Duca<\/p>\n<\/div>\n<p>Legionarii, care aveau \u00een plan asasinarea primului-ministru, au beneficiat din plin de aceast\u0103 informa\u0163ie. Cei care \u015fi-au asumat aceast\u0103 sarcin\u0103 au fost Nicolae Constantinescu, foc\u015f\u0103nean la origini, care \u015fi-a luat drept parteneri de drum pe Ion Cernica \u015fi Doru Belimace. <\/p>\n<p>&#8222;Nicadorii&#8221;, acronim cu care au r\u0103mas \u00een istorie cei trei, au c\u0103l\u0103torit p\u00e2n\u0103 la Sinaia \u00een acela\u015fi tren cu premierul Duca, dar nu \u015fi-au putut duce la \u00eendeplinire planul din prima, \u00eentruc\u00e2t primul ministru era \u00eenconjurat de suita sa. Acest lucru avea s\u0103 se \u00eent\u00e2mple totu\u015fi, seara.<\/p>\n<p><i>&#8222;Ion Gh. Duca s-a \u00eentors seara, f\u0103r\u0103 s\u0103 fie p\u0103zit de poli\u0163i\u015fti, a\u015fa cum ar fi trebuit ceea ce a u\u015furat sarcina lui Nicolae Constantinescu, care l-a \u00eempu\u015fcat \u00een cap, de la mic\u0103 distan\u0163\u0103, de mai multe ori. Asasinul a r\u0103mas la locul faptei, cu bra\u0163ele \u00eencruci\u015fate pe piept, a\u015ftept\u00e2nd s\u0103 fie arestat, \u00een timp ce complicii s\u0103i, conform \u00een\u0163elegerii, au fugit, urm\u00e2nd s\u0103 se predea la Bucure\u015fti. Nicolae Constantinescu a fost arestat \u015fi dus la Ploie\u015fti, unde fusese arestat \u015fi Doru Belimace. Aici, au fost b\u0103tu\u0163i ore \u00eentregi, dar nu omor\u00e2\u0163i, poate \u015fi de teama unor noi atentate, dar mai ales pentru c\u0103 procesul care urma putea fi marea \u015fans\u0103 de a \u00eenfr\u00e2nge Legiunea&#8221;,<\/i>\u00a0m\u0103rturise\u0219te\u00a0 istoricul Gheorghe Miron.<\/p>\n<p>Potrivit istoricilor, regele nu ar fi fost deloc impresionat de moarte primului ministru, fapt care a st\u00e2rnit la vremea respectiv\u0103 controverse legate de o eventual\u0103 complicitate. De altfel, suveranul nu a participat nici la funeralii, invoc\u00e2nd o indispozi\u0163ie.  Asasinatul a produs consternare \u015fi indignare \u00een \u00eentreaga \u0163ar\u0103, dar eu existat \u015fi situa\u0163ii c\u00e2nd unii cet\u0103\u0163eni nu s-au solidarizat cu marea mas\u0103 a oamenilor.<\/p>\n<div data-props=\"%7B%22data%22%3A%7B%22caption%22%3A%22%22%2C%22embed%22%3A%22https%3A%2F%2Fwww.youtube.com%2Fembed%2FOfxH8Rd28T0%22%2C%22height%22%3A320%2C%22service%22%3A%22youtube%22%2C%22source%22%3A%22https%3A%2F%2Fwww.youtube.com%2Fwatch%3Fv%3DOfxH8Rd28T0%22%2C%22width%22%3A580%7D%2C%22id%22%3A%22xu_D9Wlrn5%22%2C%22type%22%3A%22embed%22%2C%22lines%22%3A10%2C%22linesAbove%22%3A131%2C%22index%22%3A20%2C%22paragraphsAbove%22%3A16%2C%22percentage%22%3A0.524%2C%22linesBellow%22%3A119%7D\" data-context=\"%7B%22parentBlockColumnCount%22%3A%7B%22value%22%3A0%2C%22type%22%3A%22store%2Freadable%22%7D%2C%22parentBlockBackgroundColor%22%3A%7B%22type%22%3A%22store%2Freadable%22%7D%7D\" data-component=\"EditorEmbedViewDefault\">\n<p><iframe src=\"https:\/\/www.youtube.com\/embed\/OfxH8Rd28T0\" width=\"580\" allowfullscreen title=\"embed media\" loading=\"lazy\"><\/iframe><\/p>\n<\/div>\n<p>\u00cen ceea ce-i prive\u015fte pe cei trei asasini, procesul lor a \u00eenceput \u00een martie 1934. Ei \u015fi-au recunoscut crima  \u015fi au precizat c\u0103 au ac\u0163ionat din proprie ini\u0163iativ\u0103, f\u0103r\u0103 \u015ftirea celor afla\u0163i la conducerea Mi\u015fc\u0103rii Legionare. &#8222;Nicadorii&#8221; au fost condamna\u0163i pe via\u0163\u0103 la munc\u0103 silnic\u0103 \u015fi la r\u00e2ndul lor au fost asasina\u0163i prin strangulare de c\u0103tre jandarmi, \u00een noaptea de 29 spre 30 noiembrie 1938, \u00een aceea\u015fi noapte fiind asasinat \u015fi Corneliu Zelea Codreanu.<\/p>\n<p><b>1966: A murit dramaturgul rom\u00e2n Mihail Sorbul\u00a0<\/b><\/p>\n<p>Mihail Smolski, care \u015fi-a semnat piesele de teatru cu numele de Mihail Sorbul, s-a n\u0103scut la 16\/28 octombrie 1885, \u00een Boto\u015fani, \u015fi a fost unul dintre cei mai prolifici \u015fi cunoscu\u0163i dramaturgi \u015fi romancieri rom\u00e2ni din din perioada interbelic\u0103.\u00a0<\/p>\n<div><picture loading=\"lazy\" width=\"1400\" height=\"750\" alt=\"Mihail Sorbul FOTO: Wikipedia\"><source type=\"image\/webp\"  media=\"(min-width: 1400px)\"><source type=\"image\/webp\"  media=\"(min-width: 1000px)\"><source type=\"image\/webp\"  media=\"(min-width: 700px)\"><source type=\"image\/jpeg\"  media=\"(min-width: 1400px)\"><source type=\"image\/jpeg\"  media=\"(min-width: 1000px)\"><source type=\"image\/jpeg\"  media=\"(min-width: 700px)\"><img decoding=\"async\" src=\"https:\/\/cdn.adh.reperio.news\/image-1\/1d3d734d-0645-479e-8f54-ec28f0010e76\/index.jpeg?p=a%3D1%26co%3D1.05%26w%3D700%26h%3D750%26r%3Dcontain%26c%3D0%252C0%252C1%252C0.794%26f%3Dwebp\" alt=\"Mihail Sorbul FOTO: Wikipedia\" width=\"1400\" height=\"750\" loading=\"lazy\"><\/picture>\n<p>Mihail Sorbul FOTO: Wikipedia<\/p>\n<\/div>\n<p>Cele mai cunoscute \u015fi mai des puse \u00een scen\u0103 piese de teatru semnate de Mihail Sorbul sunt \u201ePatima ro\u0219ie\u201d (comedie tragic\u0103 \u00een 3 acte), \u201eDezertorul\u201d (comedie tragic\u0103 \u00een 3 acte) \u015fi \u201eLetopise\u021bul\u201d (dram\u0103 istoric\u0103). De altfel, criticii compar\u0103 adesea \u201ePatima ro\u015fie\u201d cu piese scrise de Ibsen \u0219i Gorki.\u00a0<\/p>\n<p><b>1987: Feribotul de pasageri\u00a0<\/b><b>\u00a0MV Do\u00f1a Paz\u00a0s-a ciocnit cu petrolierul Vector \u00een str\u00e2mtoarea Tablas<\/b><\/p>\n<p>Scufundarea navei a dus la pierderea a 4.341 de vie\u021bi omene\u0219ti; doar 24 de persoane au supravie\u021buit.\u00a0<\/p>\n<div data-props=\"%7B%22data%22%3A%7B%22caption%22%3A%22%22%2C%22embed%22%3A%22https%3A%2F%2Fwww.youtube.com%2Fembed%2F8DPuuxFCtp8%22%2C%22height%22%3A320%2C%22service%22%3A%22youtube%22%2C%22source%22%3A%22https%3A%2F%2Fwww.youtube.com%2Fwatch%3Fv%3D8DPuuxFCtp8%22%2C%22width%22%3A580%7D%2C%22id%22%3A%22OY2t8Kw5aC%22%2C%22type%22%3A%22embed%22%2C%22lines%22%3A10%2C%22linesAbove%22%3A175%2C%22index%22%3A28%2C%22paragraphsAbove%22%3A22%2C%22percentage%22%3A0.7%2C%22linesBellow%22%3A75%7D\" data-context=\"%7B%22parentBlockColumnCount%22%3A%7B%22value%22%3A0%2C%22type%22%3A%22store%2Freadable%22%7D%2C%22parentBlockBackgroundColor%22%3A%7B%22type%22%3A%22store%2Freadable%22%7D%7D\" data-component=\"EditorEmbedViewDefault\">\n<p><iframe src=\"https:\/\/www.youtube.com\/embed\/8DPuuxFCtp8\" width=\"580\" allowfullscreen title=\"embed media\" loading=\"lazy\"><\/iframe><\/p>\n<\/div>\n<p>Este considerat cel mai mare dezastru maritim pe timp de pace.\u00a0<\/p>\n<p><b>1989:\u00a0Timi\u015foara, ora\u015f liber de comunism\u00a0<\/b><\/p>\n<p>Pe 20 decembrie 1989 a luat fiin\u0163\u0103 Frontul Democratic Rom\u00e2n, \u00een foaierul Teatrului Na\u0163ional din Timi\u015foara, fiind primul organism public al Revolu\u0163iei din 1989, \u015fi cur\u00e2nd aveau s\u0103 declare\u00a0<a href=\"https:\/\/adevarul.ro\/stiri-locale\/timisoara\/ziua-in-care-fortele-de-represiune-s-au-dat-la-o-1831861.html\" target=\"_blank\" rel=\"noreferrer noopener\">ora\u015ful liber de comunism<\/a>.\u00a0<\/p>\n<div><picture loading=\"lazy\" width=\"1400\" height=\"750\" alt=\"Revolu\u021bia Timi\u0219oara FOTO: Constantin Duma\"><source type=\"image\/webp\"  media=\"(min-width: 1400px)\"><source type=\"image\/webp\"  media=\"(min-width: 1000px)\"><source type=\"image\/webp\"  media=\"(min-width: 700px)\"><source type=\"image\/jpeg\"  media=\"(min-width: 1400px)\"><source type=\"image\/jpeg\"  media=\"(min-width: 1000px)\"><source type=\"image\/jpeg\"  media=\"(min-width: 700px)\"><img decoding=\"async\" src=\"https:\/\/cdn.adh.reperio.news\/image-2\/2b8b5466-dc77-4f37-a597-a7c3e29d766c\/index.jpeg?p=a%3D1%26co%3D1.05%26w%3D700%26h%3D750%26r%3Dcontain%26f%3Dwebp\" alt=\"Revolu\u021bia Timi\u0219oara FOTO: Constantin Duma\" width=\"1400\" height=\"750\" loading=\"lazy\"><\/picture>\n<p>Revolu\u021bia Timi\u0219oara FOTO: Constantin Duma<\/p>\n<\/div>\n<p>\u00cen seara zilei de 20 decembrie 1989,\u00a0<a href=\"https:\/\/adevarul.ro\/search?q=Nicolae+Ceau%C5%9Fescu&#038;date_start=1990-01-01&#038;date_end=\" target=\"_blank\" rel=\"noreferrer noopener\">Nicolae Ceau\u015fescu<\/a>, \u00eentors din vizita efectuat\u0103 \u00een Iran decreteaz\u0103 instituirea st\u0103rii de necesitate. Seara apare la postul de televiziune, calific\u00e2nd evenimentele de la Timi\u015foara ca fiind opera unor huligani, elemente antina\u0163ionale, teroriste etc.\u00a0<\/p>\n<p>\u00cen cadrul aceluia\u015fi discurs, secretarul general al PCR anun\u0163\u0103 c\u0103, \u00eentruc\u00e2t manifestan\u0163ii au atacat unit\u0103\u0163ile militare, acestea au fost obligate s\u0103 se apere, folosind armamentul din dotare.\u00a0<\/p>\n<p><b>1998: S-a n\u0103scut fotbalistul francez Kylian Mbappe\u00a0<\/b><\/p>\n<p>Kylian Mbappe este cel mai bun marcator din istoria clubului Paris Saint-Germain, cu 256 de goluri \u00een 308 meciuri disputate \u00een toate competi\u0163iile.\u00a0<\/p>\n<p>Kylian Mbappe a fost remarcat \u00een perioada \u00een care juca pentru echipa francez\u0103 Monaco, dar \u0219i \u00een perioada Campionatului Mondial de Fotbal din 2018, c\u00e2nd a fost numit <i>\u201ecel mai bun t\u00e2n\u0103r juc\u0103tor al competi\u021biei\u201d.\u00a0<\/i><\/p>\n<div><picture loading=\"lazy\" width=\"1400\" height=\"750\" alt=\"Kylian Mbappe FOTO: Profimedia\"><source type=\"image\/webp\"  media=\"(min-width: 1400px)\"><source type=\"image\/webp\"  media=\"(min-width: 1000px)\"><source type=\"image\/webp\"  media=\"(min-width: 700px)\"><source type=\"image\/jpeg\"  media=\"(min-width: 1400px)\"><source type=\"image\/jpeg\"  media=\"(min-width: 1000px)\"><source type=\"image\/jpeg\"  media=\"(min-width: 700px)\"><img decoding=\"async\" src=\"https:\/\/cdn.adh.reperio.news\/image-5\/54ff0648-5c3d-47fd-8353-9bf3a216be10\/index.jpeg?p=a%3D1%26co%3D1.05%26w%3D700%26h%3D750%26r%3Dcontain%26f%3Dwebp\" alt=\"Kylian Mbappe FOTO: Profimedia\" width=\"1400\" height=\"750\" loading=\"lazy\"><\/picture>\n<p>Kylian Mbappe FOTO: Profimedia<\/p>\n<\/div>\n<p>Este interna\u021bional cu na\u021bionala Fran\u021bei, cu care a participat la categoriile inferioare ale acestora la Campionatul European de Fotbal sub 19 ani din Germania 2016, unde a \u0219i a primit gheata de argint ca al doilea cel mai mare marcator al turneului. Cu echipa de seniori, la doar 19 ani, a fost proclamat campion mondial la Campionatul Mondial din Rusia 2018, marc\u00e2nd patru goluri \u0219i fiind distins cu premiul pentru \u201dcel mai bun juc\u0103tor t\u00e2n\u0103r al competi\u021biei\u201d. \u00cen plus, a devenit cel mai t\u00e2n\u0103r fotbalist care a marcat \u00eentr-o final\u0103 a Cupei Mondiale de la Pel\u00e9, \u00een 1958.\u00a0<\/p>\n<p>\u00cenainte s\u0103 plece de la PSG,\u00a0<a href=\"https:\/\/adevarul.ro\/sport\/mbappe-a-scapat-de-acuzatia-de-viol-o-procuroare-2408193.html\" target=\"_blank\" rel=\"noreferrer noopener\">Kylian Mbappe<\/a>\u00a0s-a asigurat \u0219i \u00een privin\u021ba drepturilor sale de imagine. Potrivit L&#8217;Equipe, starul francez \u0219i-a rezervat dreptul de copyright asupra modului \u00een care \u00ee\u0219i celebreaz\u0103 golurile, cu m\u00e2inile \u00eencruci\u0219ate la piept, dar \u0219i c\u00e2teva din faimoasele sale citate.\u00a0<\/p>\n<p><b>2004: Jaful din Regatul Unit\u00a0<\/b><\/p>\n<p>Un grup de ho\u021bi au furat 50 de milioane de dolari \u00een lire sterline de la Banca Nordic\u0103 din Belfast, Irlanda de Nord.\u00a0<\/p>\n<p>Jaful este considerat unul dintre cele mai mari din istoria Regatului Unit.\u00a0<\/p>\n<\/p><\/div>\n<p><a href=\"https:\/\/adevarul.ro\/istoria-zilei\/20-decembrie-s-a-nascut-omul-politic-ion-gh-2493017.html\" class=\"button purchase\" rel=\"nofollow noopener\" target=\"_blank\">Read More<\/a><\/p>\n","protected":false},"excerpt":{"rendered":"<p>Ion Gh. Duca s-a n\u0103scut pe 20 decembrie 1879, la Bucure\u0219ti \u0219i a fost un om politic liberal. Tot pe 20 decembrie s-au n\u0103scut mitropolitul [&hellip;]<\/p>\n","protected":false},"author":1,"featured_media":9907,"comment_status":"open","ping_status":"open","sticky":false,"template":"","format":"standard","meta":{"_monsterinsights_skip_tracking":false,"footnotes":""},"categories":[6],"tags":[],"class_list":["post-9906","post","type-post","status-publish","format-standard","has-post-thumbnail","hentry","category-popular"],"aioseo_notices":[],"_links":{"self":[{"href":"https:\/\/info-eforie.ro\/index.php\/wp-json\/wp\/v2\/posts\/9906","targetHints":{"allow":["GET"]}}],"collection":[{"href":"https:\/\/info-eforie.ro\/index.php\/wp-json\/wp\/v2\/posts"}],"about":[{"href":"https:\/\/info-eforie.ro\/index.php\/wp-json\/wp\/v2\/types\/post"}],"author":[{"embeddable":true,"href":"https:\/\/info-eforie.ro\/index.php\/wp-json\/wp\/v2\/users\/1"}],"replies":[{"embeddable":true,"href":"https:\/\/info-eforie.ro\/index.php\/wp-json\/wp\/v2\/comments?post=9906"}],"version-history":[{"count":0,"href":"https:\/\/info-eforie.ro\/index.php\/wp-json\/wp\/v2\/posts\/9906\/revisions"}],"wp:featuredmedia":[{"embeddable":true,"href":"https:\/\/info-eforie.ro\/index.php\/wp-json\/wp\/v2\/media\/9907"}],"wp:attachment":[{"href":"https:\/\/info-eforie.ro\/index.php\/wp-json\/wp\/v2\/media?parent=9906"}],"wp:term":[{"taxonomy":"category","embeddable":true,"href":"https:\/\/info-eforie.ro\/index.php\/wp-json\/wp\/v2\/categories?post=9906"},{"taxonomy":"post_tag","embeddable":true,"href":"https:\/\/info-eforie.ro\/index.php\/wp-json\/wp\/v2\/tags?post=9906"}],"curies":[{"name":"wp","href":"https:\/\/api.w.org\/{rel}","templated":true}]}}