{"id":9902,"date":"2025-12-20T10:41:32","date_gmt":"2025-12-20T10:41:32","guid":{"rendered":"https:\/\/info-eforie.ro\/index.php\/2025\/12\/20\/barbat-din-mures-pus-sub-control-judiciar-timp-de-60-de-zile-dupa-publicarea-de-mesaje-antisemite-online\/"},"modified":"2025-12-20T10:41:32","modified_gmt":"2025-12-20T10:41:32","slug":"barbat-din-mures-pus-sub-control-judiciar-timp-de-60-de-zile-dupa-publicarea-de-mesaje-antisemite-online","status":"publish","type":"post","link":"https:\/\/info-eforie.ro\/index.php\/2025\/12\/20\/barbat-din-mures-pus-sub-control-judiciar-timp-de-60-de-zile-dupa-publicarea-de-mesaje-antisemite-online\/","title":{"rendered":"B\u0103rbat din Mure\u0219 pus sub control judiciar timp de 60 de zile dup\u0103 publicarea de mesaje antisemite online"},"content":{"rendered":"<div>\n<p>Un b\u0103rbat \u00een v\u00e2rst\u0103 de 42 de ani din municipiul Reghin a fost plasat, vineri, sub control judiciar pentru 60 de zile, dup\u0103 ce a postat mesaje antisemite pe o<a href=\"https:\/\/adevarul.ro\/stiri-interne\/societate\/a-murit-fostul-lider-al-romilor-din-neamt-dupa-ce-2485114.html\"> re\u0163ea de socializare<\/a>, a anun\u0163at Inspectoratul de Poli\u0163ie Jude\u0163ean (IPJ) Mure\u015f.<\/p>\n<div><picture loading=\"eager\" width=\"1400\" height=\"750\" alt=\"FOTO: Arhiv\u0103 \"><source type=\"image\/webp\"  media=\"(min-width: 1400px)\"><source type=\"image\/webp\"  media=\"(min-width: 1000px)\"><source type=\"image\/webp\"  media=\"(min-width: 700px)\"><source type=\"image\/jpeg\"  media=\"(min-width: 1400px)\"><source type=\"image\/jpeg\"  media=\"(min-width: 1000px)\"><source type=\"image\/jpeg\"  media=\"(min-width: 700px)\"><img fetchpriority=\"high\" decoding=\"async\" src=\"https:\/\/cdn.adh.reperio.news\/image-6\/6d3f3b9f-3466-420d-b1bf-f572c9f58b82\/index.jpeg?p=a%3D1%26co%3D1.05%26w%3D700%26h%3D750%26r%3Dcontain%26f%3Dwebp\" alt=\"FOTO: Arhiv\u0103 \" width=\"1400\" height=\"750\" loading=\"eager\"><\/picture>\n<p>FOTO: Arhiv\u0103 <\/p>\n<\/div>\n<p><i>\u201eLa data de 3 decembrie 2025, poli\u0163i\u015ftii din cadrul Poli\u0163iei municipiului Reghin &#8211; Biroul de Investiga\u0163ii Criminale, s-au sesizat din oficiu cu privire la faptul c\u0103, la data de 2 decembrie a.c., la o postare a unei re\u0163ele de socializare, au fost postate comentarii cu con\u0163inut amenin\u0163\u0103tor, jignitor \u015fi def\u0103im\u0103tor. De asemenea, \u00een acela\u015fi context, a fost ata\u015fat\u0103 o fotografie ce con\u0163inea o svastic\u0103, precum \u015fi un mesaj cu caracter violent. Persoana \u00een cauz\u0103 a fost identificat\u0103 ca fiind un b\u0103rbat, de 42 de ani, din Reghin. Astfel, \u00een urma probatoriului administrat \u00een cauz\u0103, la data de 19 decembrie 2025, fa\u0163\u0103 de acesta, a fost dispus\u0103 m\u0103sura re\u0163inerii pentru 24 de ore. Ulterior, fa\u0163\u0103 de acesta, procurorul de caz a dispus m\u0103sura controlului judiciar pentru 60 de zile\u201d,<\/i> a ar\u0103tat IPJ Mure\u015f, \u00eentr-un comunicat de pres\u0103.\u00a0<\/p>\n<p>Cercet\u0103rile sunt continuate, sub supravegherea Parchetului de pe l\u00e2ng\u0103 Judec\u0103toria Reghin, pentru infrac\u0163iunea de promovarea \u00een public \u00een orice mod a ideilor, concep\u0163iilor sau\u00a0<a href=\"https:\/\/adevarul.ro\/stiri-interne\/evenimente\/barbat-din-bucuresti-retinut-in-urma-unor-postari-2493383.html\">doctrinelor antisemite.<\/a><\/p>\n<\/p><\/div>\n<p><a href=\"https:\/\/adevarul.ro\/stiri-locale\/targu-mures\/barbat-din-mures-pus-sub-control-judiciar-timp-de-2495758.html\" class=\"button purchase\" rel=\"nofollow noopener\" target=\"_blank\">Read More<\/a><\/p>\n","protected":false},"excerpt":{"rendered":"<p>Un b\u0103rbat \u00een v\u00e2rst\u0103 de 42 de ani din municipiul Reghin a fost plasat, vineri, sub control judiciar pentru 60 de zile, dup\u0103 ce a [&hellip;]<\/p>\n","protected":false},"author":1,"featured_media":9903,"comment_status":"open","ping_status":"open","sticky":false,"template":"","format":"standard","meta":{"_monsterinsights_skip_tracking":false,"footnotes":""},"categories":[6],"tags":[],"class_list":["post-9902","post","type-post","status-publish","format-standard","has-post-thumbnail","hentry","category-popular"],"aioseo_notices":[],"_links":{"self":[{"href":"https:\/\/info-eforie.ro\/index.php\/wp-json\/wp\/v2\/posts\/9902","targetHints":{"allow":["GET"]}}],"collection":[{"href":"https:\/\/info-eforie.ro\/index.php\/wp-json\/wp\/v2\/posts"}],"about":[{"href":"https:\/\/info-eforie.ro\/index.php\/wp-json\/wp\/v2\/types\/post"}],"author":[{"embeddable":true,"href":"https:\/\/info-eforie.ro\/index.php\/wp-json\/wp\/v2\/users\/1"}],"replies":[{"embeddable":true,"href":"https:\/\/info-eforie.ro\/index.php\/wp-json\/wp\/v2\/comments?post=9902"}],"version-history":[{"count":0,"href":"https:\/\/info-eforie.ro\/index.php\/wp-json\/wp\/v2\/posts\/9902\/revisions"}],"wp:featuredmedia":[{"embeddable":true,"href":"https:\/\/info-eforie.ro\/index.php\/wp-json\/wp\/v2\/media\/9903"}],"wp:attachment":[{"href":"https:\/\/info-eforie.ro\/index.php\/wp-json\/wp\/v2\/media?parent=9902"}],"wp:term":[{"taxonomy":"category","embeddable":true,"href":"https:\/\/info-eforie.ro\/index.php\/wp-json\/wp\/v2\/categories?post=9902"},{"taxonomy":"post_tag","embeddable":true,"href":"https:\/\/info-eforie.ro\/index.php\/wp-json\/wp\/v2\/tags?post=9902"}],"curies":[{"name":"wp","href":"https:\/\/api.w.org\/{rel}","templated":true}]}}