{"id":9809,"date":"2025-12-17T10:41:48","date_gmt":"2025-12-17T10:41:48","guid":{"rendered":"https:\/\/info-eforie.ro\/index.php\/2025\/12\/17\/nicusor-dan-le-a-explicat-protestatarilor-din-londra-de-ce-au-fost-anulate-alegerile-o-campanie-de-manipulare-si-dezinformare-a-rusiei-de-10-ani\/"},"modified":"2025-12-17T10:41:48","modified_gmt":"2025-12-17T10:41:48","slug":"nicusor-dan-le-a-explicat-protestatarilor-din-londra-de-ce-au-fost-anulate-alegerile-o-campanie-de-manipulare-si-dezinformare-a-rusiei-de-10-ani","status":"publish","type":"post","link":"https:\/\/info-eforie.ro\/index.php\/2025\/12\/17\/nicusor-dan-le-a-explicat-protestatarilor-din-londra-de-ce-au-fost-anulate-alegerile-o-campanie-de-manipulare-si-dezinformare-a-rusiei-de-10-ani\/","title":{"rendered":"Nicu\u015for Dan le-a explicat protestatarilor din Londra de ce au fost anulate alegerile: \u201eO campanie de manipulare \u0219i dezinformare a Rusiei de 10 ani\u201d"},"content":{"rendered":"<div>\n<p>Pre\u0219edintele Rom\u00e2niei, Nicu\u015for Dan, a stat de vorb\u0103 mar\u021bi seara cu un grup de protestatari rom\u00e2ni la Londra, oferind explica\u021bii despre anularea turului doi al alegerilor preziden\u021biale.\u00a0<\/p>\n<div><picture loading=\"eager\" width=\"1400\" height=\"750\" alt=\"Nicu\u0219or Dan FOTO: inquam photos\"><source type=\"image\/webp\"  media=\"(min-width: 1400px)\"><source type=\"image\/webp\"  media=\"(min-width: 1000px)\"><source type=\"image\/webp\"  media=\"(min-width: 700px)\"><source type=\"image\/jpeg\"  media=\"(min-width: 1400px)\"><source type=\"image\/jpeg\"  media=\"(min-width: 1000px)\"><source type=\"image\/jpeg\"  media=\"(min-width: 700px)\"><img fetchpriority=\"high\" decoding=\"async\" src=\"https:\/\/cdn.adh.reperio.news\/image-a\/a47bc571-db9d-44cc-b864-ac3931d79cb2\/index.jpeg?p=a%3D1%26co%3D1.05%26w%3D700%26h%3D750%26r%3Dcontain%26f%3Dwebp\" alt=\"Nicu\u0219or Dan FOTO: inquam photos\" width=\"1400\" height=\"750\" loading=\"eager\"><\/picture>\n<p>Nicu\u0219or Dan FOTO: inquam photos<\/p>\n<\/div>\n<p>\u00centrebat de un grup de protestatari c\u00e2nd vor primi rom\u00e2nii un r\u0103spuns privind anularea turului doi al alegerilor preziden\u021biale de anul trecut, \u0219eful statului a precizat c\u0103 \u201e<i>\u00een parte, r\u0103spunsul a venit\u201d.<\/i><\/p>\n<p><i>\u201e\u00cen parte, el a venit, \u00een sensul c\u0103 a fost un raport al Parchetului, care a ar\u0103tat c\u0103 \u00een campania electoral\u0103 au fost implicate patru firme de comunicare ruse\u0219ti. A doua parte a r\u0103spunsului este c\u0103 am avut un candidat care a declarat zero cheltuieli, dar pentru care au existat cheltuieli dovedite. Cea mai mare parte din r\u0103spuns este \u00eens\u0103 c\u0103 noi avem o campanie de manipulare \u0219i dezinformare a Rusiei de 10 ani\u201d,<\/i> le-a spus Nicu\u015for Dan protestatarilor, potrivit<a href=\"https:\/\/www.antena3.ro\/politica\/nicusor-dan-a-vorbit-cu-un-grup-de-protestatari-la-londra-despre-alegerile-anulate-avem-o-campanie-de-manipulare-a-rusiei-de-10-ani-770549.html\" rel=\"nofollow\"> Antena3.<\/a><\/p>\n<p>Pre\u0219edintele a subliniat astfel implica\u021biile pe termen lung ale dezinform\u0103rii externe \u0219i a confirmat c\u0103 exist\u0103 deja documente oficiale care eviden\u021biaz\u0103 implicarea unor firme de comunicare din Rusia \u00een scrutinul anterior.<\/p>\n<p><i>Sursa  Bogdan Iasinovschi \/ Facebook<\/i><\/p>\n<p>Potrivit agendei, miercuri, 17 decembrie,\u00a0<a href=\"https:\/\/adevarul.ro\/politica\/mesajul-lui-nicusor-dan-pentru-romanii-din-marea-2494878.html\">Nicu\u0219or Dan se va \u00eent\u00e2lni cu reprezentan\u0163i rom\u00e2ni ai mediului de afaceri din Regatul Unit<\/a>\u00a0al Marii Britanii \u015fi Irlandei de Nord iar apoi cu reprezentan\u0163i ai companiilor britanice.\u00a0<\/p>\n<\/p><\/div>\n<p><a href=\"https:\/\/adevarul.ro\/stiri-interne\/evenimente\/nicusor-dan-le-a-explicat-protestatarilor-din-2494879.html\" class=\"button purchase\" rel=\"nofollow noopener\" target=\"_blank\">Read More<\/a><\/p>\n","protected":false},"excerpt":{"rendered":"<p>Pre\u0219edintele Rom\u00e2niei, Nicu\u015for Dan, a stat de vorb\u0103 mar\u021bi seara cu un grup de protestatari rom\u00e2ni la Londra, oferind explica\u021bii despre anularea turului doi al [&hellip;]<\/p>\n","protected":false},"author":1,"featured_media":9810,"comment_status":"open","ping_status":"open","sticky":false,"template":"","format":"standard","meta":{"_monsterinsights_skip_tracking":false,"footnotes":""},"categories":[6],"tags":[],"class_list":["post-9809","post","type-post","status-publish","format-standard","has-post-thumbnail","hentry","category-popular"],"aioseo_notices":[],"_links":{"self":[{"href":"https:\/\/info-eforie.ro\/index.php\/wp-json\/wp\/v2\/posts\/9809","targetHints":{"allow":["GET"]}}],"collection":[{"href":"https:\/\/info-eforie.ro\/index.php\/wp-json\/wp\/v2\/posts"}],"about":[{"href":"https:\/\/info-eforie.ro\/index.php\/wp-json\/wp\/v2\/types\/post"}],"author":[{"embeddable":true,"href":"https:\/\/info-eforie.ro\/index.php\/wp-json\/wp\/v2\/users\/1"}],"replies":[{"embeddable":true,"href":"https:\/\/info-eforie.ro\/index.php\/wp-json\/wp\/v2\/comments?post=9809"}],"version-history":[{"count":0,"href":"https:\/\/info-eforie.ro\/index.php\/wp-json\/wp\/v2\/posts\/9809\/revisions"}],"wp:featuredmedia":[{"embeddable":true,"href":"https:\/\/info-eforie.ro\/index.php\/wp-json\/wp\/v2\/media\/9810"}],"wp:attachment":[{"href":"https:\/\/info-eforie.ro\/index.php\/wp-json\/wp\/v2\/media?parent=9809"}],"wp:term":[{"taxonomy":"category","embeddable":true,"href":"https:\/\/info-eforie.ro\/index.php\/wp-json\/wp\/v2\/categories?post=9809"},{"taxonomy":"post_tag","embeddable":true,"href":"https:\/\/info-eforie.ro\/index.php\/wp-json\/wp\/v2\/tags?post=9809"}],"curies":[{"name":"wp","href":"https:\/\/api.w.org\/{rel}","templated":true}]}}