{"id":9743,"date":"2025-12-15T10:41:50","date_gmt":"2025-12-15T10:41:50","guid":{"rendered":"https:\/\/info-eforie.ro\/index.php\/2025\/12\/15\/masurile-de-austeritate-aduc-economii-mai-mici-decat-cresterea-colectarii-de-tva\/"},"modified":"2025-12-15T10:41:50","modified_gmt":"2025-12-15T10:41:50","slug":"masurile-de-austeritate-aduc-economii-mai-mici-decat-cresterea-colectarii-de-tva","status":"publish","type":"post","link":"https:\/\/info-eforie.ro\/index.php\/2025\/12\/15\/masurile-de-austeritate-aduc-economii-mai-mici-decat-cresterea-colectarii-de-tva\/","title":{"rendered":"M\u0103surile de austeritate aduc economii mai mici dec\u00e2t cre\u0219terea colect\u0103rii de TVA"},"content":{"rendered":"<div>\n<p>Rom\u00e2nia a economisit, prin m\u0103suri dure de austeritate, mai pu\u021bin de jum\u0103tate din c\u00e2t ar putea economisi prin aducerea \u00eencas\u0103rilor din TVA la nivelul UE27, se arat\u0103 \u00eentr-o analiz\u0103 realizat\u0103 de Friedrich Ebert Romania.<\/p>\n<div><picture loading=\"eager\" width=\"1400\" height=\"733\" alt=\"TVA verificaretva ro jpg\"><source type=\"image\/webp\"  media=\"(min-width: 1400px)\"><source type=\"image\/webp\"  media=\"(min-width: 1000px)\"><source type=\"image\/webp\"  media=\"(min-width: 700px)\"><source type=\"image\/jpeg\"  media=\"(min-width: 1400px)\"><source type=\"image\/jpeg\"  media=\"(min-width: 1000px)\"><source type=\"image\/jpeg\"  media=\"(min-width: 700px)\"><img fetchpriority=\"high\" decoding=\"async\" src=\"https:\/\/cdn.adh.reperio.news\/image-b\/beac61cd-7b8c-453a-9372-33ce5de41070\/index.jpeg?p=a%3D1%26co%3D1.05%26w%3D700%26h%3D733%26r%3Dcontain%26f%3Dwebp\" alt=\"TVA verificaretva ro jpg\" width=\"1400\" height=\"733\" loading=\"eager\"><\/picture>\n\t\t\t<\/div>\n<p>Rom\u00e2nia are de departe cel mai mare gap de colectare a TVA-ului din Uniunea European\u0103: <a href=\"https:\/\/adevarul.ro\/stiri-interne\/evenimente\/cat-trebuie-sa-aloce-romania-pentru-aparare-2467562.html\" target=\"_blank\">diferen\u021ba dintre ce ar trebui s\u0103 colecteze din TVA <\/a>\u0219i ce colecteaz\u0103 efectiv este de 30% \u00een 2023, mult peste Polonia (16%), Ungaria (7,4%), Bulgaria (8,6%) \u0219i media UE27 ( 9,5%) se arat\u0103 o analiz\u0103 realizat\u0103 de Monitorul Social, proiect al funda\u021biei Friedrich Ebert Romania, pe baza datelor furnizate de Eurostat.<\/p>\n<p>Potrivit acesteia, \u021bara noastr\u0103 nu are doar cel mai mare deficit bugetar din UE, ci \u0219i una dintre cele mai sc\u0103zute rate de \u00eencas\u0103ri bugetare din UE, ca procent din PIB, fiind dep\u0103\u0219it\u0103 doar de Irlanda. Acest  decalaj masiv erodeaz\u0103 baza de  venituri bugetare, limit\u00e2nd capacitatea statului de a finan\u021ba domenii esen\u021biale precum educa\u021bia, s\u0103n\u0103tatea \u0219i ap\u0103rarea.<\/p>\n<p>\u201e<i>Situa\u021bia Rom\u00e2niei contrasteaz\u0103 puternic cu media UE27, unde gap-ul de TVA este \u00een sc\u0103dere la 9,5% de la 11,1% \u00een ultimii ani, \u00een timp ce \u00een Rom\u00e2nia nu a cobor\u00e2t sub 29%. Reducerea gap-ului de la 30% la 9,5% c\u00e2t este media UE27 ar aduce 1,4% din PIB \u00eencas\u0103ri suplimentare, suficient pentru a acoperi diferen\u021ba dintre cheltuielile Rom\u00e2niei pentru educa\u021bie \u0219i media european\u0103, mai mult de jum\u0103tate din diferen\u021ba fa\u021b\u0103 de aloc\u0103rile UE27 pentru s\u0103n\u0103tate sau aproape dublarea bugetului rom\u00e2nesc pentru ap\u0103rare. Colectarea complet\u0103 a TVA-ului ar m\u0103ri gradul de colectare cu 2% din PIB, comparabil cu bugetul na\u021bional pentru educa\u021bie \u0219i mai mult dec\u00e2t cel pentru ap\u0103rare \u00een 2023<\/i>\u201d, se arat\u0103 \u00een analiz\u0103.<\/p>\n<p>Aceast\u0103 diferen\u021b\u0103 perpetueaz\u0103 un cerc vicios: \u00eencas\u0103ri bugetare mult mai mici fa\u021b\u0103 de poten\u021bial, deficit bugetar record de 6,6% \u00een 2023 \u0219i 9,3% \u00een 2024, impunerea unor m\u0103suri de austeritate care afecteaz\u0103 cet\u0103\u021benii cu venituri mici \u0219i incapacitatea statului de a finan\u021ba servicii publici la nivel optim.<\/p>\n<p>Impactul pentru bugetul public este major, \u00eentruc\u00e2t \u00eenchiderea gap-ului p\u00e2n\u0103 la nivelul colect\u0103rii UE pe cheltuielile din 2023 ar genera mai mul\u021bi bani dec\u00e2t toate m\u0103surile de austeritate adoptate de Guvernul Bolojan, conform estim\u0103rii Consiliului Fiscal din octombrie 2025 . Acest lucru ar aduce deficitul bugetar al Rom\u00e2niei aproape de nivelul Poloniei \u0219i Fran\u021bei.<\/p>\n<p><i>\u201eAceast\u0103 problem\u0103 nu poate fi dep\u0103\u0219it\u0103 dec\u00e2t prin interven\u021bii coordonate \u00een colectarea fiscal\u0103, digitalizarea ANAF \u0219i o strategie de conformare fiscal\u0103 cu \u021binte clare. \u00cen anii 2000-2010, Bulgaria se afla \u00eentr-o situa\u021bie chiar mai rea dec\u00e2t Rom\u00e2nia \u00een ceea ce prive\u0219te colectarea TVA. Azi, gap-ul s\u0103u de TVA a sc\u0103zut la 4,9%, sub media UE \u0219i aproape de 10 ori mai mic dec\u00e2t cel din Rom\u00e2nia. Prin adoptarea de m\u0103suri similare, R<\/i><a href=\"https:\/\/adevarul.ro\/economie\/platformele-digitale-noul-angajator-al-romanilor-2492783.html\" target=\"_blank\">om\u00e2nia ar putea s\u0103-\u0219i creasc\u0103 considerabil \u00eencas\u0103rile din TVA<\/a><i> \u00een urm\u0103torii ani, astfel evit\u00e2nd alte m\u0103suri \u0219oc de austeritate \u0219i o aliniere la standardele europene de cheltuieli pentru Educa\u021bie, S\u0103n\u0103tate sau chiar \u0219i Ap\u0103rare<\/i>\u201d, potrivit documentului citat.<\/p>\n<div><picture loading=\"lazy\" width=\"1400\" height=\"750\" alt=\"image\"><source type=\"image\/webp\"  media=\"(min-width: 1400px)\"><source type=\"image\/webp\"  media=\"(min-width: 1000px)\"><source type=\"image\/webp\"  media=\"(min-width: 700px)\"><source type=\"image\/png\"  media=\"(min-width: 1400px)\"><source type=\"image\/png\"  media=\"(min-width: 1000px)\"><source type=\"image\/png\"  media=\"(min-width: 700px)\"><img decoding=\"async\" src=\"https:\/\/cdn.adh.reperio.news\/image-a\/ab8f6141-c5ad-4883-b8e8-f1082169664e\/index.png?p=a%3D1%26co%3D1.05%26w%3D700%26h%3D750%26r%3Dcontain%26f%3Dwebp\" alt=\"image\" width=\"1400\" height=\"750\" loading=\"lazy\"><\/picture>\n\t\t\t<\/div>\n<\/p><\/div>\n<p><a href=\"https:\/\/adevarul.ro\/economie\/masurile-de-austeritate-aduc-economii-mai-mici-2494195.html\" class=\"button purchase\" rel=\"nofollow noopener\" target=\"_blank\">Read More<\/a><\/p>\n","protected":false},"excerpt":{"rendered":"<p>Rom\u00e2nia a economisit, prin m\u0103suri dure de austeritate, mai pu\u021bin de jum\u0103tate din c\u00e2t ar putea economisi prin aducerea \u00eencas\u0103rilor din TVA la nivelul UE27, [&hellip;]<\/p>\n","protected":false},"author":1,"featured_media":9744,"comment_status":"open","ping_status":"open","sticky":false,"template":"","format":"standard","meta":{"_monsterinsights_skip_tracking":false,"_monsterinsights_sitenote_active":false,"_monsterinsights_sitenote_note":"","_monsterinsights_sitenote_category":0,"footnotes":""},"categories":[6],"tags":[],"class_list":["post-9743","post","type-post","status-publish","format-standard","has-post-thumbnail","hentry","category-popular"],"aioseo_notices":[],"_links":{"self":[{"href":"https:\/\/info-eforie.ro\/index.php\/wp-json\/wp\/v2\/posts\/9743","targetHints":{"allow":["GET"]}}],"collection":[{"href":"https:\/\/info-eforie.ro\/index.php\/wp-json\/wp\/v2\/posts"}],"about":[{"href":"https:\/\/info-eforie.ro\/index.php\/wp-json\/wp\/v2\/types\/post"}],"author":[{"embeddable":true,"href":"https:\/\/info-eforie.ro\/index.php\/wp-json\/wp\/v2\/users\/1"}],"replies":[{"embeddable":true,"href":"https:\/\/info-eforie.ro\/index.php\/wp-json\/wp\/v2\/comments?post=9743"}],"version-history":[{"count":0,"href":"https:\/\/info-eforie.ro\/index.php\/wp-json\/wp\/v2\/posts\/9743\/revisions"}],"wp:featuredmedia":[{"embeddable":true,"href":"https:\/\/info-eforie.ro\/index.php\/wp-json\/wp\/v2\/media\/9744"}],"wp:attachment":[{"href":"https:\/\/info-eforie.ro\/index.php\/wp-json\/wp\/v2\/media?parent=9743"}],"wp:term":[{"taxonomy":"category","embeddable":true,"href":"https:\/\/info-eforie.ro\/index.php\/wp-json\/wp\/v2\/categories?post=9743"},{"taxonomy":"post_tag","embeddable":true,"href":"https:\/\/info-eforie.ro\/index.php\/wp-json\/wp\/v2\/tags?post=9743"}],"curies":[{"name":"wp","href":"https:\/\/api.w.org\/{rel}","templated":true}]}}