{"id":9594,"date":"2025-12-11T10:41:10","date_gmt":"2025-12-11T10:41:10","guid":{"rendered":"https:\/\/info-eforie.ro\/index.php\/2025\/12\/11\/kevin-ciubotaru-la-fcsb-reactia-lui-dorinel-munteanu-abia-instalat-la-hermannstadt\/"},"modified":"2025-12-11T10:41:10","modified_gmt":"2025-12-11T10:41:10","slug":"kevin-ciubotaru-la-fcsb-reactia-lui-dorinel-munteanu-abia-instalat-la-hermannstadt","status":"publish","type":"post","link":"https:\/\/info-eforie.ro\/index.php\/2025\/12\/11\/kevin-ciubotaru-la-fcsb-reactia-lui-dorinel-munteanu-abia-instalat-la-hermannstadt\/","title":{"rendered":"Kevin Ciubotaru, la FCSB? Reac\u021bia lui Dorinel Munteanu, abia instalat la Hermannstadt"},"content":{"rendered":"<div>\n<p>Dup\u0103 evolu\u021biile bune de la FC Hermannstadt, Ciubotaru a devenit titular la na\u021bionala U21 a Rom\u00e2niei \u0219i a fost debutat de Mircea Lucescu la prima reprezentativ\u0103. <a href=\"https:\/\/www.sport.ro\/liga-1\/gigi-becali-vrea-sa-l-aduca-la-fcsb-pe-jucatorul-despre-care-spunea-recent-ce-sa-fac-cu-el.html\" rel=\"noopener noreferrer\"><strong>FCSB a anun\u021bat \u00een ultimele zile<\/strong><\/a> c\u0103 are deja un acord cu gruparea sibian\u0103 pentru un transfer \u00een iarn\u0103, pentru <strong>450.000 de euro<\/strong>, \u00eens\u0103 mai r\u0103m\u00e2ne ca \u0219i juc\u0103torul s\u0103 accepte mutarea.<\/p>\n<h2><strong>Dorinel Munteanu e preg\u0103tit s\u0103 \u00eel piard\u0103 pe Kevin Ciubotaru. Daniel Niculae spune c\u0103 funda\u0219ul ar putea ajunge \u00een str\u0103in\u0103tate<\/strong><\/h2>\n<p>Miercuri, \u00een ziua \u00een care a fost prezentat oficial la FC Hermannstadt, <a href=\"https:\/\/www.sport.ro\/liga-1\/dorinel-munteanu-noul-antrenor-al-lui-hermannstadt-vreau-ca-echipa-sa-fie-de-temut.html\" rel=\"noopener noreferrer\"><strong>noul antrenor Dorinel Munteanu<\/strong><\/a> a fost \u00eentrebat despre posibilitatea ca juc\u0103torul s\u0103u s\u0103 ajung\u0103 la FCSB \u00een ianuarie.<\/p>\n<p><strong>&#8222;Eu v\u0103d un lucru bun ca dac\u0103 ai juc\u0103tori valoro\u0219i s\u0103 \u0219i vinzi. Dac\u0103 va trebui s\u0103 plece Ciubotaru, care e un juc\u0103tor valoros, nu putem s\u0103-l oprim. Suntem pu\u0219i aici ca s\u0103 g\u0103sim solu\u021bii \u0219i s\u0103 compens\u0103m plecarea lui&#8221;<\/strong>, a spus Dorinel Munteanu.<\/p>\n<p>Prezent la conferin\u021b\u0103, pre\u0219edintele Daniel Niculae nu a exclus nici varianta ca Kevin Ciubotaru s\u0103 fie v\u00e2ndut \u00een str\u0103in\u0103tate: <strong>&#8222;E clar c\u0103 este un interes pentru Kevin at\u00e2t pe plan intern, c\u00e2t \u0219i pe plan extern. A\u021bi v\u0103zut c\u0103 Sibiul a \u00eenceput s\u0103 transfere \u0219i \u00een str\u0103in\u0103tate. C\u00e2nd lucrurile se vor semna, cu siguran\u021b\u0103 vom face anun\u021bul respectiv&#8221;.<\/strong><\/p>\n<\/div>\n<div>\n<ul>\n<li>La Hermannstadt, funda\u0219ul st\u00e2nga este titular incontestabil. A evoluat \u00een 18 meciuri, \u00een campionat \u0219i Cupa Rom\u00e2niei, reu\u0219ind s\u0103 bifeze un assist.<\/li>\n<\/ul>\n<\/div>\n<p><a href=\"https:\/\/www.sport.ro\/liga-1\/kevin-ciubotaru-la-fcsb-reactia-lui-dorinel-munteanu-abia-instalat-la-hermannstadt.html\" class=\"button purchase\" rel=\"nofollow noopener\" target=\"_blank\">Read More<\/a><\/p>\n","protected":false},"excerpt":{"rendered":"<p>Dup\u0103 evolu\u021biile bune de la FC Hermannstadt, Ciubotaru a devenit titular la na\u021bionala U21 a Rom\u00e2niei \u0219i a fost debutat de Mircea Lucescu la prima [&hellip;]<\/p>\n","protected":false},"author":1,"featured_media":9595,"comment_status":"open","ping_status":"open","sticky":false,"template":"","format":"standard","meta":{"_monsterinsights_skip_tracking":false,"_monsterinsights_sitenote_active":false,"_monsterinsights_sitenote_note":"","_monsterinsights_sitenote_category":0,"footnotes":""},"categories":[7],"tags":[],"class_list":["post-9594","post","type-post","status-publish","format-standard","has-post-thumbnail","hentry","category-sports"],"aioseo_notices":[],"_links":{"self":[{"href":"https:\/\/info-eforie.ro\/index.php\/wp-json\/wp\/v2\/posts\/9594","targetHints":{"allow":["GET"]}}],"collection":[{"href":"https:\/\/info-eforie.ro\/index.php\/wp-json\/wp\/v2\/posts"}],"about":[{"href":"https:\/\/info-eforie.ro\/index.php\/wp-json\/wp\/v2\/types\/post"}],"author":[{"embeddable":true,"href":"https:\/\/info-eforie.ro\/index.php\/wp-json\/wp\/v2\/users\/1"}],"replies":[{"embeddable":true,"href":"https:\/\/info-eforie.ro\/index.php\/wp-json\/wp\/v2\/comments?post=9594"}],"version-history":[{"count":0,"href":"https:\/\/info-eforie.ro\/index.php\/wp-json\/wp\/v2\/posts\/9594\/revisions"}],"wp:featuredmedia":[{"embeddable":true,"href":"https:\/\/info-eforie.ro\/index.php\/wp-json\/wp\/v2\/media\/9595"}],"wp:attachment":[{"href":"https:\/\/info-eforie.ro\/index.php\/wp-json\/wp\/v2\/media?parent=9594"}],"wp:term":[{"taxonomy":"category","embeddable":true,"href":"https:\/\/info-eforie.ro\/index.php\/wp-json\/wp\/v2\/categories?post=9594"},{"taxonomy":"post_tag","embeddable":true,"href":"https:\/\/info-eforie.ro\/index.php\/wp-json\/wp\/v2\/tags?post=9594"}],"curies":[{"name":"wp","href":"https:\/\/api.w.org\/{rel}","templated":true}]}}