{"id":9550,"date":"2025-12-09T10:42:20","date_gmt":"2025-12-09T10:42:20","guid":{"rendered":"https:\/\/info-eforie.ro\/index.php\/2025\/12\/09\/ciprian-ciucu-anunta-reforme-dupa-victorie-urmeaza-o-perioada-grea\/"},"modified":"2025-12-09T10:42:20","modified_gmt":"2025-12-09T10:42:20","slug":"ciprian-ciucu-anunta-reforme-dupa-victorie-urmeaza-o-perioada-grea","status":"publish","type":"post","link":"https:\/\/info-eforie.ro\/index.php\/2025\/12\/09\/ciprian-ciucu-anunta-reforme-dupa-victorie-urmeaza-o-perioada-grea\/","title":{"rendered":"Ciprian Ciucu anun\u021b\u0103 reforme dup\u0103 victorie: \u201eUrmeaz\u0103 o perioad\u0103 grea\u201d"},"content":{"rendered":"<div>\n<p>Liberalul Ciprian Ciucu, c\u00e2\u0219tig\u0103torul alegerilor pentru Prim\u0103ria Capitalei, \u0219i-a anun\u021bat luni diminea\u021b\u0103 planurile pentru urm\u0103toarele s\u0103pt\u0103m\u00e2ni. El a indicat c\u0103, \u00een locul s\u0103u, pe scaunul de primar al Sectorului 6, viceprimarul Paul Moldovan este \u201ecu siguran\u021b\u0103\u201d o op\u021biune.\u00a0 \u00a0<\/p>\n<div><picture loading=\"eager\" width=\"1400\" height=\"750\" alt=\"Ciucu anun\u021b\u0103 primele planuri pentru transferul la PMB FOTO Inquam \/ Alex Nechez \"><source type=\"image\/webp\"  media=\"(min-width: 1400px)\"><source type=\"image\/webp\"  media=\"(min-width: 1000px)\"><source type=\"image\/webp\"  media=\"(min-width: 700px)\"><source type=\"image\/jpeg\"  media=\"(min-width: 1400px)\"><source type=\"image\/jpeg\"  media=\"(min-width: 1000px)\"><source type=\"image\/jpeg\"  media=\"(min-width: 700px)\"><img fetchpriority=\"high\" decoding=\"async\" src=\"https:\/\/cdn.adh.reperio.news\/image-b\/bc135337-764f-48d1-be98-45bab63454e5\/index.jpeg?p=a%3D1%26co%3D1.05%26w%3D700%26h%3D750%26r%3Dcontain%26f%3Dwebp\" alt=\"Ciucu anun\u021b\u0103 primele planuri pentru transferul la PMB FOTO Inquam \/ Alex Nechez \" width=\"1400\" height=\"750\" loading=\"eager\"><\/picture>\n<p>Ciucu anun\u021b\u0103 primele planuri pentru transferul la PMB FOTO Inquam \/ Alex Nechez <\/p>\n<\/div>\n<p>\u00cen urm\u0103toarea lun\u0103 \u0219i jum\u0103tate se va pune la punct cu trecerea de la o institu\u021bie la alta, a anun\u021bat Ciprian Ciucu.\u00a0<\/p>\n<p><i>\u201ePentru mine este o perioad\u0103 de \u201ephase out\u201d, \u00een sensul c\u0103 trebuie s\u0103 las lucrurile \u00een regul\u0103 la PS6, \u0219i o perioad\u0103 de \u201ephase in\u201d, \u00een sensul c\u0103 trebuie s\u0103 m\u0103 pun la punct cu ceea ce se \u00eent\u00e2mpl\u0103 la nivelul PMB. Probabil c\u0103 cea mai mare provocare pe anul acesta va fi \u00eentocmirea bugetului. Pe acest sf\u00e2r\u0219it pe an, \u00een func\u021bie \u0219i de momentul \u00een care Guvernul va adopta legea bugetului, noi dup\u0103 aceea, primarii, avem 45 de zile pentru a \u00eentocmi bugetul prim\u0103riei \u0219i al consiliului local sau general.\u00a0<\/i><\/p>\n<p>Va urma o perioad\u0103 destul de grea, pentru c\u0103 \u0219tim, sunt probleme financiare la nivelul Municipiului Bucure\u0219ti.\u00a0A\u0219tept\u0103rile mele pentru primul an vor fi mai degrab\u0103 temperate, \u00een sensul c\u0103 sper s\u0103 aduc c\u00e2teva \u00eembun\u0103t\u0103\u021biri vizibile \u00een cel pu\u021bin zona central\u0103 dar, proiecte semnificative vor dura, va fi nevoie probabil \u0219i de ni\u0219te reforme, dar nu mai intru \u00een alt detalii p\u00e2n\u0103 nu m\u0103 pun efectiv la punct cu toate informa\u021biile de care am nevoie pentru a vorbi mult mai competent \u0219i mult mai informat odat\u0103 ce voi fi \u00eenv\u0103\u021bat aceste informa\u021bii\u201d<i>,<\/i>\u00a0a precizat Ciprian Ciucu, \u00eentr-o conferin\u021b\u0103 de pres\u0103.<\/p>\n<h2>Cine preia proiectele de la Sectorul 6<\/h2>\n<p>Primarul PNL a discutat luni diminea\u021b\u0103 proiectele sectorului 6, realiz\u00e2nd un bilan\u021b cu viceprimarul Paul Moldovan.:\u00a0<i>\u201e\u00cen aceast\u0103 diminea\u021b\u0103 am stat \u00eempreun\u0103 cu echipa mea \u0219i am discutat despre continuarea proiectelor, pentru c\u0103 sunt foarte multe care trebuie s\u0103 continue \u00een Sectorul 6. Pot s\u0103 men\u021bionez c\u00e2teva. A\u0219tept\u0103m \u00een aceast\u0103 s\u0103pt\u0103m\u00e2n\u0103 OK-ul de la ANAF pentru a semna contractul spitalului pe care \u00eel construim \u00een sectorul 6. Continu\u0103m s\u0103 lucr\u0103m la Parcul Liniei, Parcul Lacul Morii, Parcul Groz\u0103ve\u0219ti, sunt mai multe \u0219coli \u00een construc\u021bie, s\u0103 vedem care este stadiul \u0219antierelor.\u00a0Este o perioad\u0103 de sf\u00e2r\u0219it de an foarte important\u0103 pentru a evalua maturitatea proiectelor, acolo unde am reu\u0219it s\u0103 cheltuim banii.<\/i><\/p>\n<p><i>Vedem care sunt \u00eent\u00e2rziate \u0219i de ce sunt \u00eent\u00e2rziate pentru c\u0103 sunt \u0219i astfel de proiecte, a\u0219a este \u00een administra\u021bie din p\u0103cate, \u0219i este un moment \u00een care facem acest bilan\u021b \u0219i urmeaz\u0103 s\u0103 \u00eentocmeasc\u0103 domnul Moldovan, pentru c\u0103 este viceprimarul unu al Sectorului 6, deci, automat pe codul administrativ, odat\u0103 ce voi semna demisia pentru c\u0103 m\u0103 g\u00e2ndesc c\u0103 aceasta este calea prin care pot s\u0103 eliberez pozi\u021bia pentru a putea s\u0103 semnez, s\u0103 depun jur\u0103m\u00e2ntul pentru a fi Primar General.\u00a0D\u00e2nsul automat, conform codului administrativ, va deveni primarul interimar al Sectorului 6\u201d.<\/i><\/p>\n<p>Ciprian Ciucu a ar\u0103tat c\u0103 se a\u0219teapt\u0103 la un transfer rapid \u00eentre institu\u021bii, indic\u00e2nd c\u0103 termenele sunt \u00eenjum\u0103t\u0103\u021bite, chiar \u0219i \u00een cazul unor contesta\u021bii ale alegerilor de duminic\u0103. La Prim\u0103ria Sectorului 6, <i>\u201ecu siguran\u021b\u0103\u201d<\/i> viceprimarul Paul Moldovan este o op\u021biune pentru sectorul 6, a mai subliniat liderul liberal.\u00a0\u00a0<\/p>\n<p><a href=\"https:\/\/adevarul.ro\/stiri-locale\/bucuresti\/rezultate-oficiale-alegeri-bucuresti-2025-ciprian-2492632.html\">Rezultatele oficiale ale votului pentru Prim\u0103ria Capitalei<\/a>, comunicate de Biroul Electoral, \u00eel confirm\u0103 pe Ciprian Ciucu (PNL) drept c\u00e2\u0219tig\u0103tor al alegerilor pentru func\u021bia de primar general, cu 211.562 de voturi, ceea ce reprezint\u0103 36,16% din total.\u00a0Surpriza scrutinului apare la pozi\u021bia secund\u0103: Anca Alexandrescu (Dreptate pentru Bucure\u0219ti) urc\u0103 pe locul al doilea, ob\u021bin\u00e2nd 128.405 voturi (21,94%).\u00a0Daniel B\u0103lu\u021b\u0103 se claseaz\u0103, potrivit num\u0103r\u0103torii oficiale, pe locul al treilea, cu 120.001 voturi (20,51%).\u00a0Pe pozi\u021bia a patra se afl\u0103 C\u0103t\u0103lin Drul\u0103 (USR), care a str\u00e2ns 81.310 voturi (13,90%), urmat de Ana-Maria Ciceal\u0103 (S\u0103n\u0103tate Educa\u021bie Natur\u0103 Sustenabilitate) cu 34.239 voturi (5,85%).<\/p>\n<p><a href=\"https:\/\/adevarul.ro\/politica\/cine-preia-interimatul-la-sectorul-6-pana-la-noi-2492663.html\">Dac\u0103 Guvernul va respecta termenul legal de 90 de zile<\/a>, Sectorul 6 ar trebui s\u0103-\u0219i aleag\u0103 noul primar cel t\u00e2rziu \u00een luna martie 2026.<\/p>\n<\/p><\/div>\n<p><a href=\"https:\/\/adevarul.ro\/politica\/ciprian-ciucu-anunta-reforme-dupa-victorie-2492677.html\" class=\"button purchase\" rel=\"nofollow noopener\" target=\"_blank\">Read More<\/a><\/p>\n","protected":false},"excerpt":{"rendered":"<p>Liberalul Ciprian Ciucu, c\u00e2\u0219tig\u0103torul alegerilor pentru Prim\u0103ria Capitalei, \u0219i-a anun\u021bat luni diminea\u021b\u0103 planurile pentru urm\u0103toarele s\u0103pt\u0103m\u00e2ni. El a indicat c\u0103, \u00een locul s\u0103u, pe scaunul [&hellip;]<\/p>\n","protected":false},"author":1,"featured_media":9551,"comment_status":"open","ping_status":"open","sticky":false,"template":"","format":"standard","meta":{"_monsterinsights_skip_tracking":false,"footnotes":""},"categories":[6],"tags":[],"class_list":["post-9550","post","type-post","status-publish","format-standard","has-post-thumbnail","hentry","category-popular"],"aioseo_notices":[],"_links":{"self":[{"href":"https:\/\/info-eforie.ro\/index.php\/wp-json\/wp\/v2\/posts\/9550","targetHints":{"allow":["GET"]}}],"collection":[{"href":"https:\/\/info-eforie.ro\/index.php\/wp-json\/wp\/v2\/posts"}],"about":[{"href":"https:\/\/info-eforie.ro\/index.php\/wp-json\/wp\/v2\/types\/post"}],"author":[{"embeddable":true,"href":"https:\/\/info-eforie.ro\/index.php\/wp-json\/wp\/v2\/users\/1"}],"replies":[{"embeddable":true,"href":"https:\/\/info-eforie.ro\/index.php\/wp-json\/wp\/v2\/comments?post=9550"}],"version-history":[{"count":0,"href":"https:\/\/info-eforie.ro\/index.php\/wp-json\/wp\/v2\/posts\/9550\/revisions"}],"wp:featuredmedia":[{"embeddable":true,"href":"https:\/\/info-eforie.ro\/index.php\/wp-json\/wp\/v2\/media\/9551"}],"wp:attachment":[{"href":"https:\/\/info-eforie.ro\/index.php\/wp-json\/wp\/v2\/media?parent=9550"}],"wp:term":[{"taxonomy":"category","embeddable":true,"href":"https:\/\/info-eforie.ro\/index.php\/wp-json\/wp\/v2\/categories?post=9550"},{"taxonomy":"post_tag","embeddable":true,"href":"https:\/\/info-eforie.ro\/index.php\/wp-json\/wp\/v2\/tags?post=9550"}],"curies":[{"name":"wp","href":"https:\/\/api.w.org\/{rel}","templated":true}]}}