{"id":9519,"date":"2025-12-08T10:41:07","date_gmt":"2025-12-08T10:41:07","guid":{"rendered":"https:\/\/info-eforie.ro\/index.php\/2025\/12\/08\/louis-munteanu-interzis-la-tv-iuliu-muresan-a-comentat-un-subiect-bomba-si-a-rostit-un-adevar-dureros\/"},"modified":"2025-12-08T10:41:07","modified_gmt":"2025-12-08T10:41:07","slug":"louis-munteanu-interzis-la-tv-iuliu-muresan-a-comentat-un-subiect-bomba-si-a-rostit-un-adevar-dureros","status":"publish","type":"post","link":"https:\/\/info-eforie.ro\/index.php\/2025\/12\/08\/louis-munteanu-interzis-la-tv-iuliu-muresan-a-comentat-un-subiect-bomba-si-a-rostit-un-adevar-dureros\/","title":{"rendered":"Louis Munteanu, interzis la TV?! Iuliu Mure\u0219an a comentat un subiect-bomb\u0103 \u0219i a rostit un adev\u0103r dureros"},"content":{"rendered":"<div>\n<p>Se spune c\u0103 dragoste cu sil\u0103 nu se poate. Din p\u0103cate pentru CFR, \u0219efii clubului pare c\u0103 n-au aflat acest lucru. Pentru c\u0103 p\u0103strarea lui Louis Munteanu \u00een lot se \u00eentoarce acum \u00eempotriva lor, precum un bumerang!<\/p>\n<p>\u00cen partida <a href=\"https:\/\/www.sport.ro\/liga-1\/universitatea-craiova-cfr-cluj-de-la-20-30-pe-sport-ro.html\" rel=\"noopener noreferrer\"><strong>Universitatea Craiova \u2013 CFR Cluj (1-1),<\/strong> <\/a>atacantul de 23 de ani a fost \u00een prim-planul unei faze bizare, <a href=\"https:\/\/www.sport.ro\/liga-1\/louis-munteanu-reactie-bizara-dupa-ce-a-marcat-la-craiova-pancu-a-intrat-pe-teren.html\" rel=\"noopener noreferrer\"><strong>dup\u0103 cum Sport.ro a ar\u0103tat aici. <\/strong><\/a>Iar ca show-ul s\u0103 fie complet, dup\u0103 meci a ap\u0103rut urm\u0103toarea specula\u021bie: clubul CFR i-ar fi interzis lui Louis Munteanu s\u0103 mearg\u0103 \u00een zona mixt\u0103, pentru a acorda declara\u021bii!<\/p>\n<p>Pentru a l\u0103muri aceast\u0103 variant\u0103, Digi Sport l-a contactat telefonic pe Iuliu Mure\u0219an, pre\u0219edintele grup\u0103rii ardelene. Acesta a negat povestea cu interzicerea lui Louis Munteanu, la TV, \u00eens\u0103 a admis c\u0103 CFR a procedat gre\u0219it \u00een cazul fostului interna\u021bional de tineret.<\/p>\n<p>\u201e<strong>N-a fost interzis s\u0103 dea interviu, dar e bine s\u0103 vorbeasc\u0103 \u0219i al\u021bi juc\u0103tori, care au lucruri interesante de spus. Louis Munteanu nu e sup\u0103rat pe club. El e un juc\u0103tor cu personalitate. \u0218i personalitatea lui se vede \u0219i pe teren. Eu am spus mereu c\u0103 a fost gestionat\u0103 gre\u0219it rela\u021bia clubului cu Louis Munteanu. Important e ca el s\u0103 \u00een\u021beleag\u0103, s\u0103 marcheze \u00een continuare. Fiindc\u0103 doar a\u0219a se poate transfera. Dac\u0103 nu joac\u0103 \u0219i e demoralizat, atunci cota sa va sc\u0103dea \u00eentruna. Dac\u0103 am primi acum o ofert\u0103 de 10 milioane pentru el? Da! I-a\u0219 recomanda patronului s\u0103-l dea. Dar suma o stabile\u0219te patronul. E clubul lui \u0219i sub patronatul lui Nelu\u021bu Varga, CFR a luat cinci titluri<\/strong>\u201c, a spus Iuliu Mure\u0219an.<\/p>\n<h2>\u0218anse mici la play-off \u0219i datorii tot mai mari<\/h2>\n<p>\u00cen continuarea interven\u021biei sale telefonice, la Digi Sport, \u0219eful forma\u021biei din Gruia a fost nevoit s\u0103 rosteasc\u0103 \u0219i un adev\u0103r dureros: CFR are \u0219anse minime, la play-off. Mai mult dec\u00e2t at\u00e2t, datoriile c\u0103tre juc\u0103tori au tot crescut.<\/p>\n<p>\u201e<strong>Play-off? E foarte greu. E un vis mai \u00eendep\u0103rtat. Noi vrem s\u0103 mergem mai departe \u00een cup\u0103. Sigur c\u0103 \u0219i \u00een campionat trebuie s\u0103 termin\u0103m c\u00e2t mai sus. Dar nu \u0219tiu dac\u0103 se poate mai sus de locul 7&#8230; Da, exist\u0103 \u00eent\u00e2rzieri salariale. Sunt normale la CFR. Avem promisiuni c\u0103 se vor reduce restan\u021bele p\u00e2n\u0103 de S\u0103rb\u0103tori. Promisiuni, \u00een primul r\u00e2nd, din partea patronului echipei<\/strong>\u201c, a precizat Iuliu Mure\u0219an.<\/p>\n<\/div>\n<p><a href=\"https:\/\/www.sport.ro\/fotbal-intern\/louis-munteanu-interzis-la-tv-iuliu-muresan-a-comentat-un-subiect-bomba-si-a-rostit-un-adevar-dureros.html\" class=\"button purchase\" rel=\"nofollow noopener\" target=\"_blank\">Read More<\/a><\/p>\n","protected":false},"excerpt":{"rendered":"<p>Se spune c\u0103 dragoste cu sil\u0103 nu se poate. Din p\u0103cate pentru CFR, \u0219efii clubului pare c\u0103 n-au aflat acest lucru. Pentru c\u0103 p\u0103strarea lui [&hellip;]<\/p>\n","protected":false},"author":1,"featured_media":0,"comment_status":"open","ping_status":"open","sticky":false,"template":"","format":"standard","meta":{"_monsterinsights_skip_tracking":false,"_monsterinsights_sitenote_active":false,"_monsterinsights_sitenote_note":"","_monsterinsights_sitenote_category":0,"footnotes":""},"categories":[7],"tags":[],"class_list":["post-9519","post","type-post","status-publish","format-standard","hentry","category-sports"],"aioseo_notices":[],"_links":{"self":[{"href":"https:\/\/info-eforie.ro\/index.php\/wp-json\/wp\/v2\/posts\/9519","targetHints":{"allow":["GET"]}}],"collection":[{"href":"https:\/\/info-eforie.ro\/index.php\/wp-json\/wp\/v2\/posts"}],"about":[{"href":"https:\/\/info-eforie.ro\/index.php\/wp-json\/wp\/v2\/types\/post"}],"author":[{"embeddable":true,"href":"https:\/\/info-eforie.ro\/index.php\/wp-json\/wp\/v2\/users\/1"}],"replies":[{"embeddable":true,"href":"https:\/\/info-eforie.ro\/index.php\/wp-json\/wp\/v2\/comments?post=9519"}],"version-history":[{"count":0,"href":"https:\/\/info-eforie.ro\/index.php\/wp-json\/wp\/v2\/posts\/9519\/revisions"}],"wp:attachment":[{"href":"https:\/\/info-eforie.ro\/index.php\/wp-json\/wp\/v2\/media?parent=9519"}],"wp:term":[{"taxonomy":"category","embeddable":true,"href":"https:\/\/info-eforie.ro\/index.php\/wp-json\/wp\/v2\/categories?post=9519"},{"taxonomy":"post_tag","embeddable":true,"href":"https:\/\/info-eforie.ro\/index.php\/wp-json\/wp\/v2\/tags?post=9519"}],"curies":[{"name":"wp","href":"https:\/\/api.w.org\/{rel}","templated":true}]}}