{"id":9458,"date":"2025-12-05T10:41:10","date_gmt":"2025-12-05T10:41:10","guid":{"rendered":"https:\/\/info-eforie.ro\/index.php\/2025\/12\/05\/franta-risca-sa-incheie-anul-fara-buget-fostul-aliat-al-lui-macron-edouard-philippe-devine-principalul-obstacol-pentru-guvern\/"},"modified":"2025-12-05T10:41:10","modified_gmt":"2025-12-05T10:41:10","slug":"franta-risca-sa-incheie-anul-fara-buget-fostul-aliat-al-lui-macron-edouard-philippe-devine-principalul-obstacol-pentru-guvern","status":"publish","type":"post","link":"https:\/\/info-eforie.ro\/index.php\/2025\/12\/05\/franta-risca-sa-incheie-anul-fara-buget-fostul-aliat-al-lui-macron-edouard-philippe-devine-principalul-obstacol-pentru-guvern\/","title":{"rendered":"Fran\u021ba risc\u0103 s\u0103 \u00eencheie anul f\u0103r\u0103 buget. Fostul aliat al lui Macron, \u00c9douard Philippe, devine principalul obstacol pentru guvern"},"content":{"rendered":"<div>\n<p>Parisul se apropie de finalul anului cu un risc real de a r\u0103m\u00e2ne f\u0103r\u0103 buget, dup\u0103 ce \u00c9douard Philippe \u2013 fost premier al lui Emmanuel Macron \u0219i ast\u0103zi rival politic \u2013 a decis s\u0103 retrag\u0103 sprijinul partidului s\u0103u, Horizons, din coali\u021bia guvernamental\u0103. Mi\u0219carea, venit\u0103 din partea unui aliat \u201edoar cu numele\u201d, a provocat stupefac\u021bie chiar \u00een interiorul executivului.<\/p>\n<div><picture loading=\"eager\" width=\"1400\" height=\"596\" alt=\"\u00c9douard Philippe \u00eel tr\u0103deaz\u0103 pe Macron\/FOTO:EPA\/EFE\"><source type=\"image\/webp\"  media=\"(min-width: 1400px)\"><source type=\"image\/webp\"  media=\"(min-width: 1000px)\"><source type=\"image\/webp\"  media=\"(min-width: 700px)\"><source type=\"image\/jpeg\"  media=\"(min-width: 1400px)\"><source type=\"image\/jpeg\"  media=\"(min-width: 1000px)\"><source type=\"image\/jpeg\"  media=\"(min-width: 700px)\"><img fetchpriority=\"high\" decoding=\"async\" src=\"https:\/\/cdn.adh.reperio.news\/image-c\/c1fdb10b-d2f1-412e-85d6-38a35d1fcccb\/index.jpeg?p=a%3D1%26co%3D1.05%26w%3D700%26h%3D596%26r%3Dcontain%26f%3Dwebp\" alt=\"\u00c9douard Philippe \u00eel tr\u0103deaz\u0103 pe Macron\/FOTO:EPA\/EFE\" width=\"1400\" height=\"596\" loading=\"eager\"><\/picture>\n<p>\u00c9douard Philippe \u00eel tr\u0103deaz\u0103 pe Macron\/FOTO:EPA\/EFE<\/p>\n<\/div>\n<p>\u201eCe nemernic\u2026\u201d, a sc\u0103pat, iritat, un ministru francez dup\u0103 ce a aflat mar\u021bi c\u0103 cei 34 de deputa\u021bi ai lui Philippe vor vota \u00eempotriv\u0103 sau se vor ab\u021bine la bugetul asigur\u0103rilor sociale de s\u0103pt\u0103m\u00e2na viitoare. \u00centr-un parlament deja fracturat, un asemenea bloc este suficient ca Fran\u021ba s\u0103 intre \u00een 2026 f\u0103r\u0103 un plan fiscal valid.<\/p>\n<p>Pentru pie\u021bele financiare, mesajul nu poate fi mai prost. Fran\u021ba se afl\u0103 pe un munte de datorii de 3,4 trilioane de euro, iar deficitul bugetar este estimat la 5,4% din PIB pentru acest an. Premierul S\u00e9bastien Lecornu promite o sc\u0103dere a deficitului la maximum 5% \u00een 2026, dar f\u0103r\u0103 un buget adoptat, aceste angajamente risc\u0103 s\u0103 r\u0103m\u00e2n\u0103 vorbe goale.<\/p>\n<p>Surse din echipa lui Lecornu admit c\u0103 Philippe \u00ee\u0219i construie\u0219te calculul politic pe termen lung, dar avertizeaz\u0103 c\u0103 asta \u201enu \u00eenseamn\u0103 c\u0103 trebuie s\u0103 dinamiteze bugetul \u021b\u0103rii\u201d. Fostul premier a justificat decizia Horizons sus\u021bin\u00e2nd c\u0103 proiectul guvernului nu taie suficient din deficit. Pu\u021bine voturi, dar decisive: cele 34 de mandate pot \u00eenclina balan\u021ba \u00eentr-o Adunare Na\u021bional\u0103 paralizat\u0103 de diviziuni.<\/p>\n<p>Situa\u021bia este agravat\u0103 de limit\u0103rile autoimpuse ale lui Lecornu. Premierul a promis \u00een octombrie c\u0103 nu va folosi articolul 49.3 din Constitu\u021bie \u2013 mecanismul care \u00eei permite s\u0103 adopte bugetul f\u0103r\u0103 vot. Un gest menit s\u0103 salveze guvernul atunci. \u00cens\u0103 acum mul\u021bi v\u0103d promisiunea drept o eroare strategic\u0103 care \u00eei leag\u0103 m\u00e2inile exact c\u00e2nd situa\u021bia o cere.<\/p>\n<p>Conservatorul Bruno Retailleau, fost ministru \u00een timpul celei de-a doua administra\u021bii Macron, \u00eei cere deja lui Lecornu s\u0103 renun\u021be la promisiune \u0219i s\u0103 foloseasc\u0103 articolul 49.3 \u201epentru un buget \u00een interesul na\u021biunii\u201d. Dar chiar \u0219i aceast\u0103 solu\u021bie comport\u0103 riscuri: opozi\u021bia poate r\u0103spunde cu o mo\u021biune de cenzur\u0103 \u2013 a\u0219a cum s-a \u00eent\u00e2mplat anul trecut, c\u00e2nd Michel Barnier a fost demis \u00eencerc\u00e2nd exact aceea\u0219i manevr\u0103.<\/p>\n<p>\u00cen pofida crizei, un \u201eshutdown\u201d \u00een stil american nu este probabil. Parlamentul poate prelungi temporar bugetul pe 2025 sau poate aproba \u00eemprumuturi pe termen scurt pentru a \u021bine \u00een via\u021b\u0103 sistemul social. \u00cens\u0103 incertitudinea politic\u0103, mesajele contradictorii \u0219i lipsa unei majorit\u0103\u021bi clare las\u0103 Guvernul Lecornu \u00eentr-o pozi\u021bie tot mai vulnerabil\u0103.<\/p>\n<p>Purt\u0103toarea de cuv\u00e2nt a Guvernului, Maud Bregeon, a \u00eencercat s\u0103 paseze responsabilitatea pe umerii parlamentarilor, avertiz\u00e2nd c\u0103 \u201efiecare deputat va r\u0103spunde pentru votul s\u0103u\u201d. Dar a \u0219i recunoscut ceva ce la Paris \u00eencepe s\u0103 sune alarmant de familiar: \u201eNu exist\u0103 un plan B.\u201d<\/p>\n<\/p><\/div>\n<p><a href=\"https:\/\/adevarul.ro\/stiri-externe\/europa\/franta-risca-sa-incheie-anul-fara-buget-fostul-2491921.html\" class=\"button purchase\" rel=\"nofollow noopener\" target=\"_blank\">Read More<\/a><\/p>\n","protected":false},"excerpt":{"rendered":"<p>Parisul se apropie de finalul anului cu un risc real de a r\u0103m\u00e2ne f\u0103r\u0103 buget, dup\u0103 ce \u00c9douard Philippe \u2013 fost premier al lui Emmanuel [&hellip;]<\/p>\n","protected":false},"author":1,"featured_media":9459,"comment_status":"open","ping_status":"open","sticky":false,"template":"","format":"standard","meta":{"_monsterinsights_skip_tracking":false,"footnotes":""},"categories":[6],"tags":[],"class_list":["post-9458","post","type-post","status-publish","format-standard","has-post-thumbnail","hentry","category-popular"],"aioseo_notices":[],"_links":{"self":[{"href":"https:\/\/info-eforie.ro\/index.php\/wp-json\/wp\/v2\/posts\/9458","targetHints":{"allow":["GET"]}}],"collection":[{"href":"https:\/\/info-eforie.ro\/index.php\/wp-json\/wp\/v2\/posts"}],"about":[{"href":"https:\/\/info-eforie.ro\/index.php\/wp-json\/wp\/v2\/types\/post"}],"author":[{"embeddable":true,"href":"https:\/\/info-eforie.ro\/index.php\/wp-json\/wp\/v2\/users\/1"}],"replies":[{"embeddable":true,"href":"https:\/\/info-eforie.ro\/index.php\/wp-json\/wp\/v2\/comments?post=9458"}],"version-history":[{"count":0,"href":"https:\/\/info-eforie.ro\/index.php\/wp-json\/wp\/v2\/posts\/9458\/revisions"}],"wp:featuredmedia":[{"embeddable":true,"href":"https:\/\/info-eforie.ro\/index.php\/wp-json\/wp\/v2\/media\/9459"}],"wp:attachment":[{"href":"https:\/\/info-eforie.ro\/index.php\/wp-json\/wp\/v2\/media?parent=9458"}],"wp:term":[{"taxonomy":"category","embeddable":true,"href":"https:\/\/info-eforie.ro\/index.php\/wp-json\/wp\/v2\/categories?post=9458"},{"taxonomy":"post_tag","embeddable":true,"href":"https:\/\/info-eforie.ro\/index.php\/wp-json\/wp\/v2\/tags?post=9458"}],"curies":[{"name":"wp","href":"https:\/\/api.w.org\/{rel}","templated":true}]}}