{"id":9366,"date":"2025-11-27T11:07:10","date_gmt":"2025-11-27T11:07:10","guid":{"rendered":"https:\/\/info-eforie.ro\/index.php\/2025\/11\/27\/cristi-chivu-n-a-mai-stat-pe-ganduri-si-a-inaintat-oferta-de-30-milioane-de-euro\/"},"modified":"2025-11-27T11:07:10","modified_gmt":"2025-11-27T11:07:10","slug":"cristi-chivu-n-a-mai-stat-pe-ganduri-si-a-inaintat-oferta-de-30-milioane-de-euro","status":"publish","type":"post","link":"https:\/\/info-eforie.ro\/index.php\/2025\/11\/27\/cristi-chivu-n-a-mai-stat-pe-ganduri-si-a-inaintat-oferta-de-30-milioane-de-euro\/","title":{"rendered":"Cristi Chivu n-a mai stat pe g\u00e2nduri \u0219i a \u00eenaintat oferta de 30 milioane de euro"},"content":{"rendered":"<div>\n<p>Potrivit presei din Italia, tehnicianul rom\u00e2n l-a plasat pe Giovane Santana do Nascimento, atacantul brazilian de 22 de ani de la Hellas Verona, \u00een fruntea listei sale de transferuri.<\/p>\n<p>Giovane a ajuns la Verona \u00een aceast\u0103 var\u0103, liber de contract, dup\u0103 desp\u0103r\u021birea de Corinthians. \u00cen doar 12 apari\u021bii \u00een Serie A, t\u00e2n\u0103rul sud-american a str\u00e2ns dou\u0103 goluri \u0219i trei pase decisive, suficient c\u00e2t s\u0103 atrag\u0103 aten\u021bia marilor cluburi, inclusiv Interului lui Chivu.<\/p>\n<h2><strong>Cristi Chivu n-a mai stat pe g\u00e2nduri \u0219i a \u00eenaintat oferta de 30 milioane de euro<\/strong><\/h2>\n<p>Brazilianul l-a impresionat pe Chivu \u00een meciul direct Verona &#8211; Inter, meci \u00een care Giovane a \u00eenscris un gol spectaculos. <strong>\u201eChivu, vr\u0103jit de un t\u00e2n\u0103r. Inter l-a plasat \u00een fruntea listei de transferuri\u201d<\/strong>, a scris atunci Gazzetta dello Sport.<\/p>\n<p>Publica\u021bia SempreInter, care citeaz\u0103 ESPN, anun\u021b\u0103 c\u0103 Inter a ini\u021biat contactele cu aproximativ o s\u0103pt\u0103m\u00e2n\u0103 \u00een urm\u0103, la cererea expres\u0103 a lui Chivu.<\/p>\n<p>Potrivit sursei citate, clubul milanez ar fi gata s\u0103 pl\u0103teasc\u0103 \u00eentre 20 \u0219i 30 de milioane de euro pentru fotbalistul cotat \u00een prezent la 4 milioane pe Transfermarkt.<\/p>\n<\/div>\n<p><a href=\"https:\/\/www.sport.ro\/italia\/cristi-chivu-n-a-mai-stat-pe-ganduri-si-a-inaintat-oferta-de-30-milioane-de-euro.html\" class=\"button purchase\" rel=\"nofollow noopener\" target=\"_blank\">Read More<\/a><\/p>\n","protected":false},"excerpt":{"rendered":"<p>Potrivit presei din Italia, tehnicianul rom\u00e2n l-a plasat pe Giovane Santana do Nascimento, atacantul brazilian de 22 de ani de la Hellas Verona, \u00een fruntea [&hellip;]<\/p>\n","protected":false},"author":1,"featured_media":9367,"comment_status":"open","ping_status":"open","sticky":false,"template":"","format":"standard","meta":{"_monsterinsights_skip_tracking":false,"footnotes":""},"categories":[7],"tags":[],"class_list":["post-9366","post","type-post","status-publish","format-standard","has-post-thumbnail","hentry","category-sports"],"aioseo_notices":[],"_links":{"self":[{"href":"https:\/\/info-eforie.ro\/index.php\/wp-json\/wp\/v2\/posts\/9366","targetHints":{"allow":["GET"]}}],"collection":[{"href":"https:\/\/info-eforie.ro\/index.php\/wp-json\/wp\/v2\/posts"}],"about":[{"href":"https:\/\/info-eforie.ro\/index.php\/wp-json\/wp\/v2\/types\/post"}],"author":[{"embeddable":true,"href":"https:\/\/info-eforie.ro\/index.php\/wp-json\/wp\/v2\/users\/1"}],"replies":[{"embeddable":true,"href":"https:\/\/info-eforie.ro\/index.php\/wp-json\/wp\/v2\/comments?post=9366"}],"version-history":[{"count":0,"href":"https:\/\/info-eforie.ro\/index.php\/wp-json\/wp\/v2\/posts\/9366\/revisions"}],"wp:featuredmedia":[{"embeddable":true,"href":"https:\/\/info-eforie.ro\/index.php\/wp-json\/wp\/v2\/media\/9367"}],"wp:attachment":[{"href":"https:\/\/info-eforie.ro\/index.php\/wp-json\/wp\/v2\/media?parent=9366"}],"wp:term":[{"taxonomy":"category","embeddable":true,"href":"https:\/\/info-eforie.ro\/index.php\/wp-json\/wp\/v2\/categories?post=9366"},{"taxonomy":"post_tag","embeddable":true,"href":"https:\/\/info-eforie.ro\/index.php\/wp-json\/wp\/v2\/tags?post=9366"}],"curies":[{"name":"wp","href":"https:\/\/api.w.org\/{rel}","templated":true}]}}