{"id":9248,"date":"2025-11-22T13:06:38","date_gmt":"2025-11-22T13:06:38","guid":{"rendered":"https:\/\/info-eforie.ro\/index.php\/2025\/11\/22\/aparatura-care-resusciteaza-automat-pacientul-noile-autospeciale-cu-dotari-de-top-vor-ajunge-la-echipajele-smurd-cum-functioneaza-dispozitivele\/"},"modified":"2025-11-22T13:06:38","modified_gmt":"2025-11-22T13:06:38","slug":"aparatura-care-resusciteaza-automat-pacientul-noile-autospeciale-cu-dotari-de-top-vor-ajunge-la-echipajele-smurd-cum-functioneaza-dispozitivele","status":"publish","type":"post","link":"https:\/\/info-eforie.ro\/index.php\/2025\/11\/22\/aparatura-care-resusciteaza-automat-pacientul-noile-autospeciale-cu-dotari-de-top-vor-ajunge-la-echipajele-smurd-cum-functioneaza-dispozitivele\/","title":{"rendered":"Aparatur\u0103 care resusciteaz\u0103 automat pacientul. Noile autospeciale cu dot\u0103ri de top vor ajunge la echipajele SMURD. Cum func\u021bioneaz\u0103 dispozitivele"},"content":{"rendered":"<div>\n<p>Noi dispozitive necesare echipajelor de prim-ajutor vor intra \u00een dotarea ISU Olt p\u00e2n\u0103 la sf\u00e2r\u0219itul acestui an. Aparatura care permite inclusiv compresii toracice automate intr\u0103 \u00een dotarea noilor ambulan\u021be SMURD.<\/p>\n<p>Trei ambulan\u021be noi tip B2, dotate cu aparatur\u0103 peste cea aflat\u0103 \u00een uz la acest moment, vor intra \u00een dotarea Inspectoratului pentru Situa\u021bii de Urgen\u021b\u0103 Olt p\u00e2n\u0103 la sf\u00e2r\u0219itul acestui an. Autospecialele au fost achizi\u021bionate \u00een cadrul  programului \u201eDezvoltare durabil\u0103 2021\u20132027\u201d, finan\u021bat prin PNRR \u0219i derulat de Departamentul pentru Situa\u021bii de Urgen\u021b\u0103 \u0219i Inspectoratul General pentru Situa\u021bii de Urgen\u021b\u0103.<\/p>\n<p>Prima ambulan\u021b\u0103 a fost deja recep\u021bionat\u0103 \u0219i va fi opera\u021bionalizat\u0103 \u00een cadrul Deta\u0219amentului de Pompieri Slatina. \u00cen cursul acestei s\u0103pt\u0103m\u00e2ni urmeaz\u0103 s\u0103 fie livrat\u0103 \u0219i a doua ambulan\u021b\u0103, care va dota Deta\u0219amentul de Pompieri Caracal, iar a treia ambulan\u021b\u0103 va intra \u00een dotarea Sta\u021biei de Pompieri Scornice\u0219ti, a precizat prim-adjunctul inspectorului \u0219ef, col. Alin Petri\u0219an, \u00een cadrul conferin\u021bei de pres\u0103 organizate cu aceast\u0103 ocazie. \u00cen prezent, \u00een dotarea ISU Olt exist\u0103 zece ambulan\u021be SMURD de tip B2, achizi\u021bionate tot \u00een cadrul unui proiect european, \u00een perioada 2018-2019, \u0219apte fiind \u00eencadrate cu echipaje de prim ajutor, iar trei aflate \u00een rezerva operativ\u0103 \u0219i asigur\u00e2nd misiunile atunci c\u00e2nd ambulan\u021bele aflate \u00een interven\u021bie sunt planificate la revizii sau repara\u021bii.<\/p>\n<p>Noile ambulan\u021be sunt construite pe o platform\u0103 Volkswagen Crafter, 4\u00d74, cu motorizare diesel de 2,0 litri \u2013 177 de cai putere. <i>\u201eMasa maxim\u0103 autorizat\u0103 a ambulan\u021bei este de 3880 kg, ceea ce impune ca \u0219oferul s\u0103 de\u021bin\u0103 permis de conducere categoria C. Vehiculele au o rezerv\u0103 de greutate de 250 kg, util\u0103 pentru materiale suplimentare fa\u021b\u0103 de dotarea standard \u0219i sunt g\u00e2ndite pentru a transporta \u00een siguran\u021b\u0103 at\u00e2t echipajul complet, c\u00e2t \u0219i pacientul\u201d, <\/i>a explicat \u0219eful Serviciului logistic, col. Cornel Gogolan. <\/p>\n<h2>Cinci noi dispozitive, care nu intr\u0103 \u00een dotarea standard<\/h2>\n<p>Cele trei ambulan\u021be au, pe l\u00e2ng\u0103 dot\u0103rile medicale standard &#8211; defibrilator semiautomat, oxigenoterapie, aspirator de secre\u021bii, trus\u0103 de resuscitare, monitor de func\u021bii vitale, t\u0103rgi, scaun rulant pliabil, saltele vacuum, guler cervical \u0219i alte dispozitive necesare acord\u0103rii primului ajutor calificat -,  cinci noi echipamente moderne care cresc calitatea interven\u021biilor.<\/p>\n<div><picture loading=\"eager\" width=\"1400\" height=\"750\" alt=\"Aparatul, montat \u0219i reglat corect, va face singur compresiile toracice FOTO: Alina Mitran\"><source type=\"image\/webp\"  media=\"(min-width: 1400px)\"><source type=\"image\/webp\"  media=\"(min-width: 1000px)\"><source type=\"image\/webp\"  media=\"(min-width: 700px)\"><source type=\"image\/jpeg\"  media=\"(min-width: 1400px)\"><source type=\"image\/jpeg\"  media=\"(min-width: 1000px)\"><source type=\"image\/jpeg\"  media=\"(min-width: 700px)\"><img fetchpriority=\"high\" decoding=\"async\" src=\"https:\/\/cdn.adh.reperio.news\/image-c\/c8bc684c-3925-4ee1-9d8b-01f65c2acb68\/index.jpeg?p=a%3D1%26co%3D1.05%26w%3D700%26h%3D750%26r%3Dcontain%26f%3Dwebp\" alt=\"Aparatul, montat \u0219i reglat corect, va face singur compresiile toracice FOTO: Alina Mitran\" width=\"1400\" height=\"750\" loading=\"eager\"><\/picture>\n<p>Aparatul, montat \u0219i reglat corect, va face singur compresiile toracice FOTO: Alina Mitran<\/p>\n<\/div>\n<p>Generatorul de ozon (nebulizator) permite igienizarea rapid\u0103 a compartimentului medical.<\/p>\n<p>\u201e<i>Ne ajut\u0103 s\u0103 dezinfect\u0103m ambulan\u021ba \u00eentr-un timp relativ scurt, f\u0103r\u0103 efort suplimentar. Se porne\u0219te dup\u0103 ce autospeciala este \u00eenchis\u0103 etan\u0219, are programe prestabilite, nimeni nu mai intr\u0103 \u00een autospecial\u0103 dec\u00e2t \u00een momentul \u00een care acest dispozitiv \u00ee\u0219i \u00eencheie \u00eentregul proces de dezinfec\u021bie al autospecialei. Ulterior poate s\u0103 fie alocat\u0103 din nou la caz\u201d, <\/i>a explicat plutonier adjutant \u0219ef C\u0103t\u0103lin St\u0103nciuleasa, asistent medical principal.<\/p>\n<p>Dispozitivul automat pentru compresii toracice, pe de alt\u0103 parte, poate chiar \u00eenlocui un membru al echipajului \u00een timpul resuscit\u0103rii, compresiile toracice fiind efectuate automat de aparat, dup\u0103 selectarea parametrilor \u00een func\u021bie de caracteristicile pacientului. \u00cen timp ce aparatul execut\u0103 automat compresiile toracice, membrii echipajului pot efectua ventila\u021bie sau aspira\u021bie, dup\u0103 caz. <\/p>\n<p>\u201e<i>Dispozitivul are setat protocolul de resuscitare &#8211; 30 de compresii cu dou\u0103 ventila\u021bii pentru adult \u2013 motiv pentru care tu po\u021bi s\u0103 ventilezi, s\u0103 faci abord venos sau alte opera\u021biuni. Ulterior, dac\u0103 avem de a face cu un copil, se schimb\u0103 protocolul de resuscitare &#8211; toate sunt introduse \u00een memoria dispozitivului &#8211; \u0219i printr-o simpl\u0103 ap\u0103sare de buton vom trece pe modul resuscitare cardio-pulmonar\u0103 copil. Se regleaz\u0103 \u00een func\u021bie de necesit\u0103\u021bi\u201d<\/i>, a ar\u0103tat <a href=\"https:\/\/adevarul.ro\/stiri-locale\/slatina\/de-meserie-salvator-de-15-ani-la-smurd-daca-ti-2343652.html\">St\u0103nciuleasa. <\/a><\/p>\n<div><picture loading=\"lazy\" width=\"1400\" height=\"750\" alt=\"Trei ambulan\u021be noi \u00een garajul ISU Olt p\u00e2n\u0103 la sf\u00e2r\u0219itul anului FOTO: Alian Mitran\"><source type=\"image\/webp\"  media=\"(min-width: 1400px)\"><source type=\"image\/webp\"  media=\"(min-width: 1000px)\"><source type=\"image\/webp\"  media=\"(min-width: 700px)\"><source type=\"image\/jpeg\"  media=\"(min-width: 1400px)\"><source type=\"image\/jpeg\"  media=\"(min-width: 1000px)\"><source type=\"image\/jpeg\"  media=\"(min-width: 700px)\"><img decoding=\"async\" src=\"https:\/\/cdn.adh.reperio.news\/image-5\/5ce906a9-abda-42cf-ae7a-0507f64b125c\/index.jpeg?p=a%3D1%26co%3D1.05%26w%3D700%26h%3D750%26r%3Dcontain%26f%3Dwebp\" alt=\"Trei ambulan\u021be noi \u00een garajul ISU Olt p\u00e2n\u0103 la sf\u00e2r\u0219itul anului FOTO: Alian Mitran\" width=\"1400\" height=\"750\" loading=\"lazy\"><\/picture>\n<p>Trei ambulan\u021be noi \u00een garajul ISU Olt p\u00e2n\u0103 la sf\u00e2r\u0219itul anului FOTO: Alian Mitran<\/p>\n<\/div>\n<p>Dac\u0103 nu este montat corect pe pacient, aparatul nu func\u021bioneaz\u0103.  <\/p>\n<p>Noile ambulan\u021be sunt dotate \u0219i cu body-cam, un sistem de transmitere \u0219i \u00eenregistrare video pe care echipajul \u00eel folose\u0219te at\u00e2t pentru a \u021bine leg\u0103tura video cu dispeceratul \u00een care se afl\u0103 medicul coordonator (echipajele de pe ambulan\u021bele de tip B2 nu sunt \u00eencadrate cu medic), c\u00e2t \u0219i pentru siguran\u021ba echipajului. <\/p>\n<p>Tot din dot\u0103rile suplimentare face parte \u0219i detectorul de gaze. <i>\u201eEste un alt dispozitiv introdus pe autospecialele noi. Acest dispozitiv este salvator de vie\u021bi omene\u0219ti. Foarte bine \u0219tim to\u021bi ce se \u00eent\u00e2mpl\u0103 dac\u0103 p\u0103trunzi \u00eentr-o camer\u0103 unde vom g\u0103si substan\u021be periculoase. Acest dispozitiv nu face dec\u00e2t s\u0103 te avertizeze c\u0103 acolo este un pericol, s\u0103 nu intr\u0103m acolo. Accesul \u00eel va face echipajul de c\u0103utare salvare, care va fi echipat cu aparat de respirat \u0219i dup\u0103 ce este scoas\u0103 victima \u00eentr-un mediu sigur, atunci putem s\u0103 intervenim noi, ca salvatori\u201d,<\/i> a precizat St\u0103nciuleasa. <\/p>\n<div><picture loading=\"lazy\" width=\"1400\" height=\"750\" alt=\"Reprezentan\u021bii ISU Olt au prezentat \u00een detaliu noile dot\u0103ri FOTO: Alina Mitran\"><source type=\"image\/webp\"  media=\"(min-width: 1400px)\"><source type=\"image\/webp\"  media=\"(min-width: 1000px)\"><source type=\"image\/webp\"  media=\"(min-width: 700px)\"><source type=\"image\/jpeg\"  media=\"(min-width: 1400px)\"><source type=\"image\/jpeg\"  media=\"(min-width: 1000px)\"><source type=\"image\/jpeg\"  media=\"(min-width: 700px)\"><img decoding=\"async\" src=\"https:\/\/cdn.adh.reperio.news\/image-0\/0d2db096-7a45-498b-ae7a-267f1dbdba6c\/index.jpeg?p=a%3D1%26co%3D1.05%26w%3D700%26h%3D750%26r%3Dcontain%26f%3Dwebp\" alt=\"Reprezentan\u021bii ISU Olt au prezentat \u00een detaliu noile dot\u0103ri FOTO: Alina Mitran\" width=\"1400\" height=\"750\" loading=\"lazy\"><\/picture>\n<p>Reprezentan\u021bii ISU Olt au prezentat \u00een detaliu noile dot\u0103ri FOTO: Alina Mitran<\/p>\n<\/div>\n<p>Un alt aparat aflat la \u00eendem\u00e2na echipajului SMURD este aparatul care m\u0103soar\u0103 nivelul de alcool \u00een s\u00e2nge. Se folose\u0219te similar cu un aparat de m\u0103surat glicemia (glucometru). Testarea se face strict pentru a exclude alte probleme medicale \u00een cazul pacientului. <i>\u201eNu trebuie s\u0103 catalog\u0103m pacientul care are o tulburare de comportament,  care este cu halen\u0103 etanolic\u0103, automat ca fiind un consumator de b\u0103uturi alcoolice, ci noi trebuie s\u0103 excludem. S\u0103 avem  grij\u0103 s\u0103 nu fie o com\u0103 hipoglicemic\u0103, s\u0103 nu fie un accident vascular, s\u0103 nu aib\u0103 alte probleme de s\u0103n\u0103tate. Evident, m\u0103sur\u00e2nd alcoolemia, m\u0103sur\u00e2nd nivelul de glucoz\u0103, corobor\u00e2nd toate aspectele acestea cu afec\u021biunile medicale, putem s\u0103 punem un diagnostic prezumptiv\u201d<\/i>, a mai ad\u0103ugat as. C\u0103t\u0103lin St\u0103nciuleasa.  <\/p>\n<\/p><\/div>\n<p><a href=\"https:\/\/adevarul.ro\/stiri-locale\/slatina\/aparatura-care-resusciteaza-automat-pacientul-2488050.html\" class=\"button purchase\" rel=\"nofollow noopener\" target=\"_blank\">Read More<\/a><\/p>\n","protected":false},"excerpt":{"rendered":"<p>Noi dispozitive necesare echipajelor de prim-ajutor vor intra \u00een dotarea ISU Olt p\u00e2n\u0103 la sf\u00e2r\u0219itul acestui an. Aparatura care permite inclusiv compresii toracice automate intr\u0103 [&hellip;]<\/p>\n","protected":false},"author":1,"featured_media":9249,"comment_status":"open","ping_status":"open","sticky":false,"template":"","format":"standard","meta":{"_monsterinsights_skip_tracking":false,"footnotes":""},"categories":[6],"tags":[],"class_list":["post-9248","post","type-post","status-publish","format-standard","has-post-thumbnail","hentry","category-popular"],"aioseo_notices":[],"_links":{"self":[{"href":"https:\/\/info-eforie.ro\/index.php\/wp-json\/wp\/v2\/posts\/9248","targetHints":{"allow":["GET"]}}],"collection":[{"href":"https:\/\/info-eforie.ro\/index.php\/wp-json\/wp\/v2\/posts"}],"about":[{"href":"https:\/\/info-eforie.ro\/index.php\/wp-json\/wp\/v2\/types\/post"}],"author":[{"embeddable":true,"href":"https:\/\/info-eforie.ro\/index.php\/wp-json\/wp\/v2\/users\/1"}],"replies":[{"embeddable":true,"href":"https:\/\/info-eforie.ro\/index.php\/wp-json\/wp\/v2\/comments?post=9248"}],"version-history":[{"count":0,"href":"https:\/\/info-eforie.ro\/index.php\/wp-json\/wp\/v2\/posts\/9248\/revisions"}],"wp:featuredmedia":[{"embeddable":true,"href":"https:\/\/info-eforie.ro\/index.php\/wp-json\/wp\/v2\/media\/9249"}],"wp:attachment":[{"href":"https:\/\/info-eforie.ro\/index.php\/wp-json\/wp\/v2\/media?parent=9248"}],"wp:term":[{"taxonomy":"category","embeddable":true,"href":"https:\/\/info-eforie.ro\/index.php\/wp-json\/wp\/v2\/categories?post=9248"},{"taxonomy":"post_tag","embeddable":true,"href":"https:\/\/info-eforie.ro\/index.php\/wp-json\/wp\/v2\/tags?post=9248"}],"curies":[{"name":"wp","href":"https:\/\/api.w.org\/{rel}","templated":true}]}}