{"id":9246,"date":"2025-11-22T13:06:39","date_gmt":"2025-11-22T13:06:39","guid":{"rendered":"https:\/\/info-eforie.ro\/index.php\/2025\/11\/22\/trump-ii-da-un-termen-limita-lui-zelenski-sa-aprobe-planul-de-pace-al-sua-presedintele-ucrainean-sub-presiune-si-in-plan-intern\/"},"modified":"2025-11-22T13:06:39","modified_gmt":"2025-11-22T13:06:39","slug":"trump-ii-da-un-termen-limita-lui-zelenski-sa-aprobe-planul-de-pace-al-sua-presedintele-ucrainean-sub-presiune-si-in-plan-intern","status":"publish","type":"post","link":"https:\/\/info-eforie.ro\/index.php\/2025\/11\/22\/trump-ii-da-un-termen-limita-lui-zelenski-sa-aprobe-planul-de-pace-al-sua-presedintele-ucrainean-sub-presiune-si-in-plan-intern\/","title":{"rendered":"Trump \u00eei d\u0103 un termen-limit\u0103 lui Zelenski s\u0103 aprobe planul de pace al SUA. Pre\u0219edintele ucrainean, sub presiune \u0219i \u00een plan intern"},"content":{"rendered":"<div>\n<p>Pre\u0219edintele Ucrainei se afl\u0103 sub presiune dup\u0103 ce SUA au semnalat c\u0103 se a\u0219teapt\u0103 ca Kievul s\u0103 aprobe un plan de pace american p\u00e2n\u0103 de Ziua Recuno\u0219tin\u021bei.\u00a0\u00cen prezent, \u201epresiunea asupra Ucrainei este printre cele mai puternice\u201d, a declarat Zelenski \u00eentr-un discurs adresat na\u021biunii vineri.\u00a0<\/p>\n<div><picture loading=\"eager\" width=\"1400\" height=\"750\" alt=\"image\"><source type=\"image\/webp\"  media=\"(min-width: 1400px)\"><source type=\"image\/webp\"  media=\"(min-width: 1000px)\"><source type=\"image\/webp\"  media=\"(min-width: 700px)\"><source type=\"image\/jpeg\"  media=\"(min-width: 1400px)\"><source type=\"image\/jpeg\"  media=\"(min-width: 1000px)\"><source type=\"image\/jpeg\"  media=\"(min-width: 700px)\"><img fetchpriority=\"high\" decoding=\"async\" src=\"https:\/\/cdn.adh.reperio.news\/image-3\/349c281f-5157-4790-8086-a55f569bb2cf\/index.jpeg?p=a%3D1%26co%3D1.05%26w%3D700%26h%3D750%26r%3Dcontain%26f%3Dwebp\" alt=\"image\" width=\"1400\" height=\"750\" loading=\"eager\"><\/picture>\n\t\t\t<\/div>\n<p>Presiunea din partea SUA vine pe nea\u0219teptate dup\u0103 ce un plan de pace elaborat \u00een mod discret de administra\u021bia american\u0103, \u00een principal de emisarul special Steve Witkoff, s-a scurs \u0219i a \u00eenceput s\u0103 circule \u00een pres\u0103. Dup\u0103 o confuzie ini\u021bial\u0103 privind sursa acestei scurgeri, SUA au confirmat c\u0103 acesta este o propunere pe care o consider\u0103 viabil\u0103 \u0219i pe care o sus\u021bine. Surse au declarat pentru presa american\u0103 c\u0103 delega\u021bia SUA au transmis Kievului a\u0219teptarea administra\u021biei Trump \u00een ceea ce prive\u0219te un calendar accelerat al discu\u021biilor despre planul ce include termeni inacceptabil pentru Ucraina, inclusiv ced\u0103ri de teritorii \u0219i renun\u021barea la aderarea la NATO.<\/p>\n<p>Vorbind cu ocazia Zilei Demnit\u0103\u021bii \u0219i Libert\u0103\u021bii, Zelenski a prezentat miza planului f\u00eentr-un discurs video de 10 minute.<\/p>\n<p>\u201eOri cele 28 de puncte dificile, ori o iarn\u0103 extrem de grea. O via\u021b\u0103 f\u0103r\u0103 libertate, f\u0103r\u0103 demnitate, f\u0103r\u0103 dreptate. \u0218i s\u0103 avem \u00eencredere \u00een cineva care ne-a atacat deja de dou\u0103 ori.\u201d<\/p>\n<p>Discursul, \u00eenregistrat pe fundalul unui Kiev ploios \u0219i devastat de \u00eentreruperi de curent, a venit \u00een contextul \u00een care Ucraina a confirmat joi primirea unui proiect de pace care a sucitat \u00eengrijor\u0103ri c\u0103 ar echivala cu capitularea Kievului. Un \u00eenalt oficial de la Kiev a declarat vineri diminea\u021b\u0103 c\u0103 Ucraina examineaz\u0103 planul.<\/p>\n<p>Reuters, cit\u00e2nd \u201edou\u0103 persoane familiarizate cu situa\u021bia\u201d, a relatat vineri c\u0103 unele p\u0103r\u021bi ale strategiei implic\u0103 amenin\u021barea cu reducerea ajutorului pentru armament \u0219i a informa\u021biilor cruciale pentru ap\u0103rarea Kievului \u00eempotriva invaziei Moscovei.<\/p>\n<p>\u00cen discursul s\u0103u de vineri \u00eens\u0103, Zelenski a declarat c\u0103 Ucraina \u00ee\u0219i va ap\u0103ra suveranitatea \u0219i interesele na\u021bionale. El a amintit jur\u0103m\u00e2ntul pe care l-a depus ca pre\u0219edinte \u00een 2019, angaj\u00e2ndu-se s\u0103 protejeze independen\u021ba \u021b\u0103rii \u0219i drepturile cet\u0103\u021benilor s\u0103i.<\/p>\n<p>\u201ePentru mine, aceasta nu este o formalitate ceremonial\u0103. \u00cen fiecare zi, respect fiecare cuv\u00e2nt al acelui jur\u0103m\u00e2nt. Nu-l voi tr\u0103da niciodat\u0103\u201d, a spus el.<\/p>\n<h2>O alegere grea pentru poporul ucrainean<\/h2>\n<p>\u00a0Ucraina se afl\u0103 \u00eentr-un moment critic \u00een lupta sa pentru a respinge invazia Rusiei, a declarat Zelenski \u00eentr-un discurs adresat na\u021biunii vineri. Ucrainenii s-ar putea vedere nevoi\u021bi s\u0103 aleag\u0103 \u00eentre a-\u0219i ap\u0103ra demnitatea \u0219i dreptul suveran de a face propriile alegeri sau a pierde sprijinul american.<\/p>\n<p>Planul SUA con\u021bine multe dintre vechile cerin\u021be ale pre\u0219edintelui rus Vladimir Putin, oferind \u00een acela\u0219i timp garan\u021bii de securitate limitate Ucrainei. Acesta prevede cedarea de teritorii Rusiei, ceea ce Zelenski a exclus \u00een repetate r\u00e2nduri, reducerea dimensiunii armatei sale \u0219i blocarea ader\u0103rii mult dorite la NATO.<\/p>\n<p>Zelenski a promis c\u0103 va purta discu\u021bii constructive cu Washingtonul \u00een ceea ce a numit \u201erealmente unul dintre cele mai dificile momente din istoria noastr\u0103\u201d. Pre\u0219edintele ucrainean a declarat c\u0103 a vorbit vineri timp de aproape o or\u0103 cu vicepre\u0219edintele american JD Vance \u0219i cu secretarul armatei, Dan Driscoll, despre planul de pace.<\/p>\n<p>Pre\u0219edintele american Donald Trump a declarat vineri, \u00eentr-un interviu radio, c\u0103 dore\u0219te un r\u0103spuns din partea lui Zelenski cu privire la planul s\u0103u \u00een 28 de puncte p\u00e2n\u0103 joi, dar c\u0103 ar fi dispus s\u0103 prelungeasc\u0103 \u00een caz de nevoie acest termen.<\/p>\n<p>\u201eAm dat multe termene limit\u0103, dar dac\u0103 lucrurile merg bine, ai tendin\u021ba s\u0103 prelunge\u0219ti termenele limit\u0103\u201d, a spus Trump \u00eentr-un interviu acordat emisiunii Brian Kilmeade de la Fox News Radio. \u201eDar joi este ziua potrivit\u0103 \u2013 credem c\u0103 este momentul potrivit.\u201d<\/p>\n<p>De\u0219i Zelenski s-a oferit s\u0103 negocieze cu SUA \u0219i Rusia, el a semnalat c\u0103 Ucraina s-ar putea s\u0103 nu ob\u021bin\u0103 tot ce \u00ee\u0219i dore\u0219te \u0219i astfel se poate confrunta cu un scenariu \u00een care s\u0103 piard\u0103 sprijinul american dac\u0103 \u00ee\u0219i men\u021bine pozi\u021bia de principiu.<\/p>\n<p>\u201e\u00cen prezent, presiunea asupra Ucrainei este printre cele mai puternice\u201d, a transmis \u0219eful statului ucrainean\u00a0 Zelenski \u00eentr-un discurs \u00eenregistrat. \u201eUcraina ar putea fi pus\u0103 acum \u00een fa\u021ba unei alegeri foarte dificile, fie s\u0103-\u0219i piard\u0103 demnitatea, fie s\u0103 ri\u0219te s\u0103 piard\u0103 un partener cheie.\u201d<\/p>\n<p>\u201eVom lucra cu calm cu America \u0219i cu to\u021bi partenerii\u201d, a spus el.<\/p>\n<p>El i-a \u00eendemnat pe ucraineni s\u0103 \u201e\u00eenceteze s\u0103 se mai lupte\u201d \u00eentre ei &#8211; cel mai probabil f\u0103c\u00e2nd referire la scandalul major de corup\u021bie care a atras critici vehemente la adresa guvernului -el subliniind c\u0103 discu\u021biile de pace de s\u0103pt\u0103m\u00e2na viitoare \u201evor fi foarte dificile\u201d.<\/p>\n<h2>Europenii str\u00e2ng r\u00e2ndurile \u00een jurul lui Zelenski<\/h2>\n<p>Cancelarul german Friedrich Merz, pre\u0219edintele francez Emmanuel Macron \u0219i prim-ministrul britanic Keir Starmer l-au asigurat pe Zelenski de \u201esprijinul lor neclintit pe calea c\u0103tre o pace durabil\u0103 \u0219i just\u0103\u201d \u00een Ucraina, a declarat biroul lui Merz.<\/p>\n<p>Cei patru lideri au salutat eforturile SUA de a pune cap\u0103t r\u0103zboiului. \u201e\u00cen special, au salutat angajamentul fa\u021b\u0103 de suveranitatea Ucrainei \u0219i disponibilitatea de a acorda Ucrainei garan\u021bii solide de securitate\u201d, se arat\u0103 \u00een declara\u021bie.<\/p>\n<p>Starmer a declarat c\u0103 dreptul Ucrainei de a \u201edetermina viitorul s\u0103u \u00een condi\u021bii de suveranitate este un principiu fundamental\u201d.<\/p>\n<p>\u201eR\u0103zboiul Rusiei \u00eempotriva Ucrainei reprezint\u0103 o amenin\u021bare existen\u021bial\u0103 pentru Europa. Cu to\u021bii vrem ca acest r\u0103zboi s\u0103 se \u00eencheie. Dar conteaz\u0103 cum se va termina\u201d, a declarat, la Bruxelles, Kaja Kallas, \u0219efa politicii externe a UE. \u201eRusia nu are niciun drept legal la concesii din partea \u021b\u0103rii pe care a invadat-o. \u00cen cele din urm\u0103, termenii oric\u0103rui acord sunt la latitudinea Ucrainei.\u201d<\/p>\n<p>\u00cen interviul radiofonic, Trump a respins ideea c\u0103 acordul, care ofer\u0103 numeroase concesii Rusiei, l-ar \u00eencuraja pe Putin s\u0103 \u00eentreprind\u0103 noi ac\u021biuni maligne \u00eempotriva vecinilor s\u0103i europeni.<\/p>\n<p>\u201eNu se g\u00e2nde\u0219te la mai mult r\u0103zboi\u201d, a spus Trump despre Putin. \u201eSe g\u00e2nde\u0219te la pedeaps\u0103. Spune\u021bi ce vre\u021bi. Adic\u0103, acesta trebuia s\u0103 fie un r\u0103zboi de o zi, care dureaz\u0103 deja patru ani.\u201d<\/p>\n<p>Un oficial guvernamental european a declarat c\u0103 planurile SUA nu au fost prezentate oficial sus\u021bin\u0103torilor europeni ai Ucrainei.<\/p>\n<p>Multe dintre propuneri sunt \u201edestul de \u00eengrijor\u0103toare\u201d, a declarat oficialul, ad\u0103ug\u00e2nd c\u0103 o \u00een\u021belegere proast\u0103 pentru Ucraina ar reprezenta, de asemenea, o amenin\u021bare la adresa securit\u0103\u021bii europene \u00een sens larg.<\/p>\n<p>Kremlinul a oferit o reac\u021bie rezervat\u0103, purt\u0103torul de cuv\u00e2nt Dmitri Peskov declar\u00e2nd c\u0103 Moscova nu a primit oficial propunerea SUA.<\/p>\n<p>\u201eObserv\u0103m unele inova\u021bii. Dar, oficial, nu am primit nimic. \u0218i nu a existat o discu\u021bie de fond pe aceste puncte\u201d, a declarat Peskov reporterilor, f\u0103r\u0103 a oferi mai multe detalii.<\/p>\n<h2>Presiuni \u0219i \u00een plan intern<\/h2>\n<p>Zelenski se confrunt\u0103 cu o rebeliune din partea parlamentarilor din propriul partid de c\u00e2nd organismele de supraveghere a corup\u021biei din \u021bar\u0103 au dezv\u0103luit c\u0103 100 de milioane de dolari au fost delapidate din sectorul energetic prin intermediul unor mite pl\u0103tite de contractori.<\/p>\n<p>Dup\u0103 ce anchetatorii \u0219i-au f\u0103cut publice concluziile, Zelenski a demis doi oficiali de rang \u00eenalt \u0219i a impus sanc\u021biuni unor fo\u0219ti apropia\u021bi.\u00a0<\/p>\n<p>Unii parlamentari \u0219i activi\u0219ti ucraineni cer pre\u0219edintelui s\u0103-l demit\u0103 pe puternicul s\u0103u \u0219ef de cabinet, Andrii Iermak.<\/p>\n<p>Motivul este c\u0103 acesta din urm\u0103 decide numirile cheie \u00een guvern \u0219i are influen\u021b\u0103 \u00een afacerile politice de la v\u00e2rf, astfel c\u0103 deputa\u021bii consider\u0103 c\u0103 ar trebui s\u0103 \u00ee\u0219i asume responsabilitatea ca o modalitate de a ajuta la restabilirea \u00eencrederii publicului.<\/p>\n<p>Partidul Slujitorul Poporului, condus de Zelenski, a c\u00e2\u0219tigat peste dou\u0103 treimi din locurile parlamentare \u00een 2019. \u00cens\u0103 unii politicieni avertizeaz\u0103 c\u0103 o divizare a partidului sau o serie de dezert\u0103ri l-ar putea duce pe Zelenski la pierderea majorit\u0103\u021bii parlamentare, dac\u0103 nu se desparte de Ermak.<\/p>\n<p>Mul\u021bi dintre alia\u021bii politici ai lui Zelenski au sentimentul c\u0103 ceva trebuie s\u0103 se schimbe, chiar dac\u0103 nu \u0219i-au exprimat public \u00eengrijor\u0103rile, a declarat Mykola Davidiuk, expert politic independent. Una dintre principalele critici la adresa guvernului lui Zelenski este c\u0103 prea mult\u0103 putere este concentrat\u0103 \u00een m\u00e2inile lui Yermak \u0219i ale consilierilor s\u0103i, a spus Davidiuk.<\/p>\n<p>\u201eStilul de management al lui Zelenski nu func\u021bioneaz\u0103\u201d, a spus el.<\/p>\n<p>C\u00e2t de decisiv va reac\u021biona Zelenski la scandalul de corup\u021bie ar putea determina dac\u0103 consecin\u021bele vor afecta negativ reputa\u021bia Ucrainei \u00een r\u00e2ndul alia\u021bilor, a declarat Davidiuk.<\/p>\n<p>Dificult\u0103\u021bile politice tot mai mari cu care se confrunt\u0103 Zelenski i-ar putea pune la \u00eencercare capacitatea de a promova \u00een Parlament orice posibil acord de pace negociat cu Rusia. Iar dac\u0103 ar candida pentru realegere dup\u0103 r\u0103zboi, \u0219ansele sale ar putea fi compromise dac\u0103 Iermak r\u00e2m\u00e2ne \u00een joc, spun anali\u0219tii politici.<\/p>\n<\/p><\/div>\n<p><a href=\"https:\/\/adevarul.ro\/stiri-externe\/europa\/trump-ii-da-un-termen-limita-lui-zelenski-sa-2488935.html\" class=\"button purchase\" rel=\"nofollow noopener\" target=\"_blank\">Read More<\/a><\/p>\n","protected":false},"excerpt":{"rendered":"<p>Pre\u0219edintele Ucrainei se afl\u0103 sub presiune dup\u0103 ce SUA au semnalat c\u0103 se a\u0219teapt\u0103 ca Kievul s\u0103 aprobe un plan de pace american p\u00e2n\u0103 de [&hellip;]<\/p>\n","protected":false},"author":1,"featured_media":9247,"comment_status":"open","ping_status":"open","sticky":false,"template":"","format":"standard","meta":{"_monsterinsights_skip_tracking":false,"_monsterinsights_sitenote_active":false,"_monsterinsights_sitenote_note":"","_monsterinsights_sitenote_category":0,"footnotes":""},"categories":[6],"tags":[],"class_list":["post-9246","post","type-post","status-publish","format-standard","has-post-thumbnail","hentry","category-popular"],"aioseo_notices":[],"_links":{"self":[{"href":"https:\/\/info-eforie.ro\/index.php\/wp-json\/wp\/v2\/posts\/9246","targetHints":{"allow":["GET"]}}],"collection":[{"href":"https:\/\/info-eforie.ro\/index.php\/wp-json\/wp\/v2\/posts"}],"about":[{"href":"https:\/\/info-eforie.ro\/index.php\/wp-json\/wp\/v2\/types\/post"}],"author":[{"embeddable":true,"href":"https:\/\/info-eforie.ro\/index.php\/wp-json\/wp\/v2\/users\/1"}],"replies":[{"embeddable":true,"href":"https:\/\/info-eforie.ro\/index.php\/wp-json\/wp\/v2\/comments?post=9246"}],"version-history":[{"count":0,"href":"https:\/\/info-eforie.ro\/index.php\/wp-json\/wp\/v2\/posts\/9246\/revisions"}],"wp:featuredmedia":[{"embeddable":true,"href":"https:\/\/info-eforie.ro\/index.php\/wp-json\/wp\/v2\/media\/9247"}],"wp:attachment":[{"href":"https:\/\/info-eforie.ro\/index.php\/wp-json\/wp\/v2\/media?parent=9246"}],"wp:term":[{"taxonomy":"category","embeddable":true,"href":"https:\/\/info-eforie.ro\/index.php\/wp-json\/wp\/v2\/categories?post=9246"},{"taxonomy":"post_tag","embeddable":true,"href":"https:\/\/info-eforie.ro\/index.php\/wp-json\/wp\/v2\/tags?post=9246"}],"curies":[{"name":"wp","href":"https:\/\/api.w.org\/{rel}","templated":true}]}}