{"id":9210,"date":"2025-11-21T12:09:50","date_gmt":"2025-11-21T12:09:50","guid":{"rendered":"https:\/\/info-eforie.ro\/index.php\/2025\/11\/21\/premierul-vede-luminita-de-la-capatul-tunelului-economistii-au-rezerve-sa-nu-dam-intr-un-populism-mai-degraba-contraproductiv\/"},"modified":"2025-11-21T12:09:50","modified_gmt":"2025-11-21T12:09:50","slug":"premierul-vede-luminita-de-la-capatul-tunelului-economistii-au-rezerve-sa-nu-dam-intr-un-populism-mai-degraba-contraproductiv","status":"publish","type":"post","link":"https:\/\/info-eforie.ro\/index.php\/2025\/11\/21\/premierul-vede-luminita-de-la-capatul-tunelului-economistii-au-rezerve-sa-nu-dam-intr-un-populism-mai-degraba-contraproductiv\/","title":{"rendered":"Premierul vede lumini\u021ba de la cap\u0103tul tunelului, economi\u0219tii au rezerve: \u201eS\u0103 nu d\u0103m \u00eentr-un populism mai degrab\u0103 contraproductiv\u201d"},"content":{"rendered":"<div>\n<p>Premierul<br \/>\nIlie Bolojan se laud\u0103 \u00eentr-o postare pe Facebook c\u0103 m\u0103surile de<br \/>\nausteritate \u00eencep s\u0103 dea rezultate. Profesor<br \/>\nla Academia de \u0218tiin\u021be Economice Bucure\u0219ti, Cristian P\u0103un<br \/>\nanalizeaz\u0103 pentru \u201eAdev\u0103rul\u201d situa\u021bia \u0219i este de o cu totul<br \/>\nalt\u0103 p\u0103rere. P\u0103un avertizeaz\u0103 c\u0103 lipsa reformei, coroborat\u0103 cu<br \/>\ncre\u0219terea impozitelor \u00een continuare este re\u021beta pentru dezastru<br \/>\neconomic.<\/p>\n<div><picture loading=\"eager\" width=\"1400\" height=\"750\" alt=\"Ilie Bolojan se laud\u0103, dar exper\u021bii \u00eel contrazic. FOTO: Mediafax\"><source type=\"image\/webp\"  media=\"(min-width: 1400px)\"><source type=\"image\/webp\"  media=\"(min-width: 1000px)\"><source type=\"image\/webp\"  media=\"(min-width: 700px)\"><source type=\"image\/jpeg\"  media=\"(min-width: 1400px)\"><source type=\"image\/jpeg\"  media=\"(min-width: 1000px)\"><source type=\"image\/jpeg\"  media=\"(min-width: 700px)\"><img fetchpriority=\"high\" decoding=\"async\" src=\"https:\/\/cdn.adh.reperio.news\/image-c\/c268e603-96eb-4213-be27-cd74431fd43e\/index.jpeg?p=a%3D1%26co%3D1.05%26w%3D700%26h%3D750%26r%3Dcontain%26f%3Dwebp\" alt=\"Ilie Bolojan se laud\u0103, dar exper\u021bii \u00eel contrazic. FOTO: Mediafax\" width=\"1400\" height=\"750\" loading=\"eager\"><\/picture>\n<p>Ilie Bolojan se laud\u0103, dar exper\u021bii \u00eel contrazic. FOTO: Mediafax<\/p>\n<\/div>\n<p>Premierul<br \/>\nIlie Bolojan a f\u0103cut o postare pe Facebook<br \/>\n\u00een care anun\u021b\u0103 c\u0103 m\u0103surile de redresare pe care le-a luat p\u00e2n\u0103<br \/>\nacum func\u021bioneaz\u0103, iar veniturile bugetare cresc \u0219i cheltuielile<br \/>\nscad. Rom\u00e2nia a \u00eenregistrat, sus\u021bine Bolojan, o cre\u0219tere a<br \/>\nveniturilor bugetare cu 12,5% fa\u021b\u0103 de aceea\u0219i perioad\u0103 a anului<br \/>\ntrecut, ceea ce \u00een cifre absolute \u00eenseamn\u0103 aproximativ 10 miliarde<br \/>\nde lei.\n<\/p>\n<p>Profesor<br \/>\nuniversitar la ASE Bucure\u0219ti, Cristian P\u0103un explic\u0103, pentru<br \/>\n\u201eAdev\u0103rul\u201d, \u00een ce m\u0103sur\u0103 \u0219i unde are dreptate premierul,<br \/>\nrespectiv unde gre\u0219e\u0219te.\n<\/p>\n<p>\u00cen<br \/>\nopinia sa, optimismul premierului este nesus\u021binut de realitate, \u00eens\u0103<br \/>\nexist\u0103 \u00eentr-adev\u0103r \u0219i unele realiz\u0103ri. Cea mai mare este c\u0103<br \/>\nRom\u00e2nia a evitat falimentul sau intrarea \u00een junk. Pe de alt\u0103<br \/>\nparte, r\u0103m\u00e2n multe e\u0219ecuri economice \u00een discu\u021bie, despre care<br \/>\nprim-ministrul Rom\u00e2niei a evitat s\u0103 fac\u0103 vreo referire \u00een<br \/>\npostare.<\/p>\n<p>\u201e<i>Sigur,<br \/>\ndac\u0103 ne uit\u0103m pe faptul c\u0103 \u00een urma cre\u0219terii de taxe ne-am<br \/>\np\u0103strat c\u00e2t de c\u00e2t credibilitatea \u0219i agen\u021biile de rating nu<br \/>\nne-au trecut \u00een categoria junk, ceea ce ar fi dus la retragerea<br \/>\nmasiv\u0103 de capitaluri private din Rom\u00e2nia. Da, din acest punct de<br \/>\nvedere putem s\u0103 spunem c\u0103 m\u0103surile de cre\u0219tere a fiscalit\u0103\u021bii<br \/>\n\u00een principal \u0219i-au atins scopul. Adic\u0103 n-am fost depuncta\u021bi de<br \/>\nagen\u021biile de rating, n-am fost trecu\u021bi la gunoi, cu ghilimele de<br \/>\nrigoare\u201d,<\/i> spune profesorul P\u0103un.<\/p>\n<h2>M\u0103surile Guvernului Bolojan fac mai mult r\u0103u dec\u00e2t bine<\/h2>\n<p>\u00cen<br \/>\nschimb, noile m\u0103suri fiscale au gripat \u0219i mai mult economia \u0219i au<br \/>\nlovit \u00een industrie \u0219i nu numai.<a href=\"https:\/\/adevarul.ro\/stiri-interne\/evenimente\/franta-noul-scut-al-romaniei-cum-ar-putea-2483623.html\"> Economia Rom\u00e2niei este \u00een<br \/>\ncontinuare grav bolnav\u0103<\/a>, iar tratamentul i-a \u00eempiedicat decesul,<br \/>\n\u00eens\u0103 nu a vindecat-o absolut deloc. Taxele \u0219i impozitele crescute<br \/>\nau lovit \u00een plin aceast\u0103 economie \u0219i a\u0219a bolnav\u0103 \u0219i \u00eempov\u0103reaz\u0103<br \/>\ncompaniile rom\u00e2ne\u0219ti deja anemice. Nu \u00eent\u00e2mpl\u0103tor, <a href=\"https:\/\/adevarul.ro\/economie\/vesti-proaste-pentru-economie-romania-va-avea-o-2487732.html\">Comisia<br \/>\nEuropean\u0103 a revizuit \u00een sc\u0103dere prognoza de cre\u0219tere a PIB-ului<br \/>\nRom\u00e2niei,<\/a> estim\u00e2nd un avans modest de 0,7% \u00een 2025 \u0219i 1,1% \u00een<br \/>\n2026, dar exist\u0103 riscul real s\u0103 trecem \u00een recesiune.<\/p>\n<p><i>\u201ePe<br \/>\npartea cealalt\u0103, \u00eens\u0103 dac\u0103 ne uit\u0103m la dinamica produsului \u00een<br \/>\ntermen brut, mai ales a produc\u021biei industriale, vedem c\u0103 de fapt se<br \/>\n\u00eent\u00e2mpl\u0103 exact contrariul. Adic\u0103, odat\u0103 cu cre\u0219terea taxelor,<br \/>\nsperan\u021ba era s\u0103 \u00eencasez mai multe venituri la bugetul statului, ca<br \/>\ns\u0103 repar problema deficitului bugetar. Ori, noi vedem c\u0103 economia<br \/>\nse contract\u0103 \u0219i mai tare, mai ales economia privat\u0103, \u0219i c\u0103 de<br \/>\nfapt aceast\u0103 m\u0103sur\u0103 n-a fost dec\u00e2t o m\u0103sur\u0103 prociclic\u0103, care<br \/>\ncel pu\u021bin trebuia \u00eenso\u021bit\u0103 aproape simultan, dac\u0103 nu era mai<br \/>\nbine \u00eenainte, de reforme care s\u0103 genereze ajust\u0103rile pe partea de<br \/>\ncheltuieli pe care le a\u0219teapt\u0103 toat\u0103 lumea p\u00e2n\u0103 la urm\u0103. Iar<br \/>\naici t\u0103ierile astea nu trebuie s\u0103 se fac\u0103, cum s\u0103 spun eu, de<br \/>\nochii lumii sau s\u0103 se fac\u0103 de gura lumii, de gura Europei. Trebuie<br \/>\ns\u0103 se fac\u0103 foarte, foarte \u0219tiin\u021bific, ca s\u0103 zic a\u0219a, cu reforme<br \/>\n\u00een spate\u201d, <\/i>subliniaz\u0103 Cristian P\u0103un.<\/p>\n<h2>Guvernul mimeaz\u0103 \u00een continuare reforma<\/h2>\n<p>\u00cengrijor\u0103tor<br \/>\neste, mai spune profesorul P\u0103un, \u0219i faptul c\u0103 aparent m\u0103surile<br \/>\nguvernului sunt haotice, iar reforma este inexistent\u0103. \u00cen schimb,<br \/>\nse opereaz\u0103 cre\u0219teri interminabile ale taxelor, coroborate cu<br \/>\namenin\u021b\u0103ri de reduceri de personal care oricum nu au fost \u00een<br \/>\ngeneral puse \u00een practic\u0103. De altfel, cheltuielile bugetare ale<a href=\"https:\/\/adevarul.ro\/stiri-interne\/evenimente\/un-fost-sef-de-spionaj-militar-roman-explica-de-ce-2484860.html\"><br \/>\nRom\u00e2niei<\/a> au crescut, iar deficitul uria\u0219 a sc\u0103zut mult prea pu\u021bin,<br \/>\nf\u0103r\u0103 a fi atins\u0103 \u021binta fixat\u0103 la \u00eenceputul anului. Reforma<br \/>\nadministrativ-teritorial\u0103 a Rom\u00e2niei, care ar fi redus<br \/>\ncheltuielile, r\u0103m\u00e2ne un obiectiv mult prea \u00eendep\u0103rtat.<\/p>\n<div><picture loading=\"lazy\" width=\"1400\" height=\"750\" alt=\"Profesorul Cristian P\u0103un\"><source type=\"image\/webp\"  media=\"(min-width: 1400px)\"><source type=\"image\/webp\"  media=\"(min-width: 1000px)\"><source type=\"image\/webp\"  media=\"(min-width: 700px)\"><source type=\"image\/jpeg\"  media=\"(min-width: 1400px)\"><source type=\"image\/jpeg\"  media=\"(min-width: 1000px)\"><source type=\"image\/jpeg\"  media=\"(min-width: 700px)\"><img decoding=\"async\" src=\"https:\/\/cdn.adh.reperio.news\/image-0\/00300406-e25d-4145-8c4a-c7660140dce9\/index.jpeg?p=a%3D1%26co%3D1.05%26w%3D700%26h%3D750%26r%3Dcontain%26f%3Dwebp\" alt=\"Profesorul Cristian P\u0103un\" width=\"1400\" height=\"750\" loading=\"lazy\"><\/picture>\n<p>Profesorul Cristian P\u0103un<\/p>\n<\/div>\n<p><i>\u201ePe<br \/>\nmine, de exemplu, m\u0103 \u00eengrijoreaz\u0103 ideea de a lua o s\u0103getu\u021b\u0103 din<br \/>\naia de darts \u0219i a arunca a\u0219a \u00eentr-o plan\u0219et\u0103 pe care \u00eel d\u0103m<br \/>\nafar\u0103. Ideea ar fi s\u0103 faci aceste ajust\u0103ri \u00een corela\u021bie cu ni\u0219te<br \/>\nreforme pe care tu le faci. \u0218i aici am tot dat exemplu de UAT-uri<br \/>\ncare sunt ast\u0103zi foarte subpopulate. Nici n-ar mai trebui s\u0103 se<br \/>\nnumeasc\u0103 comune sau ora\u0219e dac\u0103 am aplica legea existent\u0103 la<br \/>\nliter\u0103. \u0218i cu toate astea continu\u0103m s\u0103 avem primar, continu\u0103m s\u0103<br \/>\navem consilieri \u00een localit\u0103\u021bile astea care au 150-200 de suflete.<br \/>\n\u0218i mai grav, nici nu ne punem problema cumva s\u0103 renun\u021b\u0103m la<br \/>\ntreaba asta. Adic\u0103 s\u0103-i d\u0103m afar\u0103 pe ace\u0219tia complet, eventual<br \/>\nmai d\u0103m afar\u0103 1-2 din ei sau cum spune cel\u0103lalt partid de<br \/>\nguvern\u0103m\u00e2nt, poate nu-i d\u0103m afar\u0103 ci sc\u0103dem anvelopa salarial\u0103<br \/>\nsau sc\u0103dem salariile de la to\u021bi cei 11 consilieri \u00eempreun\u0103 cu<br \/>\nprimarul. Ceea ce nu \u00eenseamn\u0103 deloc reform\u0103<\/i>\u201d, puncteaz\u0103 P\u0103un.<\/p>\n<p>\u00cen<br \/>\nopinia sa, Rom\u00e2nia nu se mai poate juca de-a reformele, iar lipsa<br \/>\nreformei administrativ-teritoriale este ca o condamnare pentru<br \/>\neconomie.<\/p>\n<p><i>\u201eAdic\u0103<br \/>\nsunt de acord ca astfel de eliber\u0103ri din func\u021bie s\u0103 se \u00eent\u00e2mple<br \/>\nca urmare a unei reforme administrativ-teritoriale a Rom\u00e2niei. Adic\u0103<br \/>\ntrecerea pe jude\u021be mai pu\u021bine sau provincii sau cum Dumnezeu le-am<br \/>\nspune, comasare de jude\u021be, comasare \u00een continuare de comune, ora\u0219e<br \/>\ncu comune care s\u0103 formeze zone metropolitane \u0219i a\u0219a mai departe\u201d<\/i>,<br \/>\nadaug\u0103 el.<\/p>\n<h2>Ce e de f\u0103cut<\/h2>\n<p>\u00cens\u0103<br \/>\nreforma ar trebui f\u0103cut\u0103 cu cap, iar oamenilor disponibiliza\u021bi s\u0103<br \/>\nli se ofere alternative viabile \u0219i nu s\u0103 fie abandona\u021bi, a\u0219a cum<br \/>\nse \u00eent\u00e2mpl\u0103 de obicei. Solu\u021bia, \u00een mod normal, ar trebui s\u0103 fie<br \/>\nca ace\u0219ti oameni s\u0103 fie absorbi\u021bi de economia privat\u0103. Doar c\u0103,<br \/>\n\u00een condi\u021biile \u00een care firmele rom\u00e2ne\u0219ti sunt omor\u00e2te cu taxe,<br \/>\nangaj\u0103rile sunt trecute \u00eentre paranteze pe termen nelimitat, iar<br \/>\nstatul ar ajunge s\u0103 aib\u0103 alte cheltuieli de protec\u021bie social\u0103 cu<br \/>\ncei disponibiliza\u021bi.<\/p>\n<p><i>\u201e\u00cen<br \/>\nparalel, dup\u0103 ce \u00eei eliberezi pe oamenii \u0103\u0219tia din func\u021bie,<br \/>\ntrebuie s\u0103 te g\u00e2nde\u0219ti pu\u021bin \u0219i la ei. Adic\u0103 ce faci cu ei? \u0218i<br \/>\natunci trebuie s\u0103 te g\u00e2nde\u0219ti c\u0103 o parte dintre ei ar putea s\u0103<br \/>\nfie absorbi\u021bi de economia privat\u0103 pe care \u0219i pe asta trebuie s\u0103 o<br \/>\ncre\u0219ti cumva. Adic\u0103 s\u0103 te \u00eengrije\u0219ti de ea, s\u0103 \u00eenfloreasc\u0103,<br \/>\nnu s\u0103 se contracte. Ori aici abera\u021biile astea fiscale, gen tax\u0103 pe<br \/>\nst\u00e2lp, sau supraimpozitul minim pe cifr\u0103 de afaceri \u0219i a\u0219a mai<br \/>\ndeparte, astea mai degrab\u0103 \u00eencurc\u0103 dec\u00e2t descurc\u0103. Adic\u0103<br \/>\n\u00een loc s\u0103 facem ceva s\u0103 \u00eenfloreasc\u0103 economia privat\u0103 a Rom\u00e2niei \u0219i s\u0103-i<br \/>\nabsoarb\u0103, pe oamenii \u0103\u0219tia care ar fi pu\u0219i pe liber, d\u0103m \u00een cap<br \/>\nfirmelor private.<b>\u00a0<\/b>A\u0219a c\u0103 nu vom avea prea cur\u00e2nd o \u00eenflorire a economiei. Logic, economia nu are s\u0103-\u0219i<br \/>\nrevin\u0103 dac\u0103 nu elimini abera\u021biile fiscale care exist\u0103 ast\u0103zi \u00een<br \/>\nRom\u00e2nia<\/i>\u201d, mai spune P\u0103un.<\/p>\n<h2>\u201eSitua\u021bia e nasoal\u0103\u201d<\/h2>\n<p>Concluzia<br \/>\nsa este c\u0103 afirma\u021biile lui Ilie Bolojan au prea pu\u021bin\u0103 acoperire<br \/>\n\u00een realitate \u0219i c\u0103, de fapt, optimismul premierului este mai<br \/>\ndegrab\u0103 nefondat. Iar Cristian P\u0103un a identificat c\u00e2teva dintre<br \/>\ngravele probleme cu care se confrunt\u0103 economia Rom\u00e2niei, la care<br \/>\npremierul nu a f\u0103cut deloc referire.<\/p>\n<p><i>\u201eDepinde<br \/>\nla ce cifre ne uit\u0103m. Pentru c\u0103 \u00een continuare n-avem exporturi<br \/>\nsemnificativ mai mari dec\u00e2t importurile, \u00een continuare avem<br \/>\nproblema deficitului enorm, \u00een continuare \u00eemprumut\u0103m bani mul\u021bi<br \/>\npentru deficitul respectiv. Mul\u021bi din banii pe care \u00eei \u00eemprumut\u0103m<br \/>\nnu se duc \u0219i nu se vor duce niciodat\u0103 spre investi\u021bii, ci merg<br \/>\nspre salarii, pensii, asisten\u021b\u0103 social\u0103. Ca s\u0103 nu mai vorbim de<br \/>\nfaptul c\u0103 povestea cu 300 de parlamentari este \u00eengropat\u0103, povestea<br \/>\ncu hai s\u0103 ne uit\u0103m un pic la institu\u021biile statului, la companiile<br \/>\nde stat. Hai s\u0103 privim un pic spre companiile astea de stat<br \/>\nfalimentare, pentru c\u0103 avem CFR Marf\u0103, CFR C\u0103l\u0103tori, avem o<br \/>\ngr\u0103mad\u0103 de datornici din \u0103\u0219tia care sunt mai degrab\u0103 \u00een<br \/>\ninsolven\u021b\u0103 \u0219i pe care \u00eei \u021bii pe banii de la bugetul statului.<br \/>\nAceste companii \u00eenseamn\u0103 g\u0103uri enorme pentru buget, dar m\u0103surile<br \/>\nnu se iau. E foarte important optimismul, dar haide\u021bi s\u0103 nu repet\u0103m<br \/>\noptimismul \u0103la de\u0219\u0103n\u021bat al guvern\u0103rilor anterioare care ne<br \/>\nspuneau c\u0103 defilam \u00een fanfar\u0103, dar c\u00e2nd colo eram vai de noi.<br \/>\nAdic\u0103 nu trebuie s\u0103 trecem \u00een panta cealalt\u0103, a unui populist din<br \/>\n\u0103sta care e mai degrab\u0103 contraproductiv. Situa\u021bia e nasoal\u0103, o<br \/>\n\u0219tie \u0219i premierul \u0219i ar trebui s\u0103 se ia m\u0103surile care se impun\u201d,<br \/>\n<\/i>mai afirm\u0103 P\u0103un.<\/p>\n<p>\u00cen<br \/>\nlipsa unei reforme reale, Rom\u00e2nia va fi condamnat\u0103, iar criza<br \/>\neconomic\u0103 va degenera \u0219i mai mult. Cristian P\u0103un avertizeaz\u0103 c\u0103<br \/>\nnoi taxe, despre care se vorbe\u0219te deja, nu vor face dec\u00e2t s\u0103<br \/>\ncomplice \u0219i mai mult lucrurile \u0219i s\u0103 alunge investitorii.<\/p>\n<p><i>\u201eNu<br \/>\nprea ai loc de \u00eentors, adic\u0103 exclus acum s\u0103 mai cre\u0219ti vreo tax\u0103.<br \/>\nIar dac\u0103 o faci va fi foarte nasol, \u021bi se va \u00eentoarce \u00eempotriva<br \/>\nta. Guvernul, Ilie Bolojan, to\u021bi ar trebui s\u0103 \u0219tie asta. Acum<br \/>\ntrebuie s\u0103 trecem la reforme, nu doar t\u0103ieri \u0219i cre\u0219teri de<br \/>\nimpozite. Alt\u0103 variant\u0103 nu avem, orice ar spune oricine\u201d<\/i>, \u00eencheie<br \/>\nCristian P\u0103un.<\/p>\n<h2>Cu ce s-a l\u0103udat Bolojan<\/h2>\n<p>\u00cen<br \/>\npostarea sa de pe Facebook, premierul Ilie Bolojan s-a l\u0103udat c\u0103<br \/>\nm\u0103surile luate p\u00e2n\u0103 acum, adic\u0103 cre\u0219terile taxelor, a TVA \u0219i a<br \/>\nunor impozite care \u00eencep s\u0103-\u0219i fac\u0103 efectul \u0219i s\u0103 revigoreze<br \/>\neconomia.\n<\/p>\n<p>Premierul<br \/>\nBolojan a anun\u021bat miercuri sear\u0103 c\u0103 Rom\u00e2nia a \u00eenregistrat o<br \/>\ncre\u0219tere a veniturilor bugetare cu 12,5% fa\u021b\u0103 de aceea\u0219i perioad\u0103<br \/>\na anului trecut, ceea ce \u00een cifre absolute \u00eenseamn\u0103 aproximativ 10<br \/>\nmiliarde de lei.\n<\/p>\n<p><i>\u201eM\u0103surile<br \/>\nde redresare pe care le-am luat p\u00e2n\u0103 acum func\u021bioneaz\u0103.<br \/>\nVeniturile bugetare cresc, cheltuielile scad. Rom\u00e2nia e pe calea cea<br \/>\nbun\u0103. \u00cen trimestrul al III-lea, fa\u021b\u0103 de aceea\u0219i perioad\u0103 a<br \/>\nanului trecut: Veniturile bugetului de stat au crescut cu 12,5%. De<br \/>\nla 79,2 miliarde lei am ajuns la 89,1 miliarde lei. O cre\u0219tere de<br \/>\n9,9 miliarde lei\u201d<\/i>,<a href=\"https:\/\/adevarul.ro\/politica\/bolojan-anunt-de-ultima-ora-despre-economia-2488359.html\"> a scris premierul pe pagina de Facebook.<\/a><\/p>\n<p>\u00cen<br \/>\ncontinuare, mesajul premierului a fost la fel de triumfalist. Premierul a precizat c\u0103 veniturile provin \u00een principal din<br \/>\nimpozitul pe venit \u2013 cre\u0219tere cu 16,5%, \u00eencas\u0103rile din TVA \u2013<br \/>\ncre\u0219tere cu 14,8%, veniturile din accize \u2013 cre\u0219tere cu 11%. De<br \/>\nasemenea, sus\u021bine Bolojan, contribu\u021biile sociale \u00eencasate \u00een trimestrul III au<br \/>\ncrescut cu 8,5%, adic\u0103 4 miliarde lei \u00een plus. Totodat\u0103,<br \/>\ncheltuielile de personal au sc\u0103zut \u00een perioada iulie\u2013septembrie<br \/>\ncu 630 de milioane de lei.<\/p>\n<p>\u201e<i>\u00cen<br \/>\nluna octombrie, cheltuielile de personal au sc\u0103zut cu 562 de<br \/>\nmilioane de lei fa\u021b\u0103 de aceea\u0219i lun\u0103 din 2024, de la 14,231<br \/>\nmiliarde de lei la 13,6 miliarde de lei. Comparativ, \u00een primul<br \/>\nsemestru, cheltuielile de personal au crescut cu aproximativ 10% fa\u021b\u0103<br \/>\nde acela\u0219i semestru din 2024.  Cu toate greut\u0103\u021bile, am deblocat \u0219i<br \/>\nrenegociat fondurile europene prin programul PNRR, acceler\u00e2nd<br \/>\npl\u0103\u021bile \u00een a doua jum\u0103tate a anului. Astfel, \u00een perioada<br \/>\nianuarie\u2013iunie s-au f\u0103cut pl\u0103\u021bi de 2,62 miliarde euro, iar \u00een<br \/>\nperioada iulie\u2013septembrie s-au pl\u0103tit 1,45 miliarde euro\u201d,<\/i> mai<br \/>\nanun\u021b\u0103 premierul.<\/p>\n<p>Ilie<br \/>\nBolojan a enumerat \u0219i alte m\u0103suri care, \u00een opinia sa, au ajutat economia.<\/p>\n<p><i>\u201eFa\u021b\u0103<br \/>\nde momentul instal\u0103rii guvernului, ROBOR la o lun\u0103 a sc\u0103zut de la<br \/>\n6,82% (23 iunie) la 5,81% ast\u0103zi. Fa\u021b\u0103<br \/>\nde 1 iulie, Rom\u00e2nia se \u00eemprumut\u0103 mai ieftin pe toate maturit\u0103\u021bile<br \/>\n\u0219i \u00een toate monedele, ceea ce reflect\u0103 \u00eencrederea crescut\u0103 a<br \/>\npie\u021belor \u00een m\u0103surile luate \u0219i \u00een stabilitatea economiei. Titlurile<br \/>\n\u00een lei \u2013 sc\u0103dere cu aproximativ 53 de puncte de baz\u0103 pentru<br \/>\nmaturitatea de 5 ani \u0219i cu 51 de puncte de baz\u0103 pentru cea de 10<br \/>\nani. Titlurile<br \/>\n\u00een euro \u2013 sc\u0103dere cu 78 de puncte de baz\u0103 la 5 ani \u0219i 49 de<br \/>\npuncte de baz\u0103 la 10 ani. Reducerea<br \/>\ndob\u00e2nzilor se traduce \u00een economii importante ce sunt folosite<br \/>\npentru investi\u021bii, educa\u021bie sau s\u0103n\u0103tate. Investi\u021biile<br \/>\nau crescut \u0219i devin principalul motor al economiei, conform<br \/>\nultimului raport al Comisiei Europene. Investi\u021biile vor accelera \u00een<br \/>\n2026\u20132027, sprijinite de fondurile europene \u0219i proiectele aflate<br \/>\n\u00een derulare. Deficitul<br \/>\nbugetar va sc\u0103dea la 6,2% \u00een 2026.Mul\u021bumesc<br \/>\ntuturor colegilor care au lucrat pentru aceste rezultate. Mul\u021bumesc<br \/>\nrom\u00e2nilor care au \u00een\u021beles c\u0103 aceste eforturi sunt necesare pentru<br \/>\na dep\u0103\u0219i un moment dificil! Am<br \/>\ntoat\u0103 \u00eencrederea c\u0103, dac\u0103 vom men\u021bine acest curs, Rom\u00e2nia va<br \/>\nreu\u0219i s\u0103-\u0219i ating\u0103 poten\u021bialul, iar via\u021ba rom\u00e2nilor va fi<br \/>\npredictibil\u0103 \u0219i prosper\u0103\u201d,<\/i> \u0219i-a \u00eencheiat postarea premierul<br \/>\nBolojan.<\/p>\n<\/p><\/div>\n<p><a href=\"https:\/\/adevarul.ro\/stiri-interne\/evenimente\/premierul-vede-luminita-de-la-capatul-tunelului-2488642.html\" class=\"button purchase\" rel=\"nofollow noopener\" target=\"_blank\">Read More<\/a><\/p>\n","protected":false},"excerpt":{"rendered":"<p>Premierul Ilie Bolojan se laud\u0103 \u00eentr-o postare pe Facebook c\u0103 m\u0103surile de austeritate \u00eencep s\u0103 dea rezultate. Profesor la Academia de \u0218tiin\u021be Economice Bucure\u0219ti, Cristian [&hellip;]<\/p>\n","protected":false},"author":1,"featured_media":9211,"comment_status":"open","ping_status":"open","sticky":false,"template":"","format":"standard","meta":{"_monsterinsights_skip_tracking":false,"footnotes":""},"categories":[6],"tags":[],"class_list":["post-9210","post","type-post","status-publish","format-standard","has-post-thumbnail","hentry","category-popular"],"aioseo_notices":[],"_links":{"self":[{"href":"https:\/\/info-eforie.ro\/index.php\/wp-json\/wp\/v2\/posts\/9210","targetHints":{"allow":["GET"]}}],"collection":[{"href":"https:\/\/info-eforie.ro\/index.php\/wp-json\/wp\/v2\/posts"}],"about":[{"href":"https:\/\/info-eforie.ro\/index.php\/wp-json\/wp\/v2\/types\/post"}],"author":[{"embeddable":true,"href":"https:\/\/info-eforie.ro\/index.php\/wp-json\/wp\/v2\/users\/1"}],"replies":[{"embeddable":true,"href":"https:\/\/info-eforie.ro\/index.php\/wp-json\/wp\/v2\/comments?post=9210"}],"version-history":[{"count":0,"href":"https:\/\/info-eforie.ro\/index.php\/wp-json\/wp\/v2\/posts\/9210\/revisions"}],"wp:featuredmedia":[{"embeddable":true,"href":"https:\/\/info-eforie.ro\/index.php\/wp-json\/wp\/v2\/media\/9211"}],"wp:attachment":[{"href":"https:\/\/info-eforie.ro\/index.php\/wp-json\/wp\/v2\/media?parent=9210"}],"wp:term":[{"taxonomy":"category","embeddable":true,"href":"https:\/\/info-eforie.ro\/index.php\/wp-json\/wp\/v2\/categories?post=9210"},{"taxonomy":"post_tag","embeddable":true,"href":"https:\/\/info-eforie.ro\/index.php\/wp-json\/wp\/v2\/tags?post=9210"}],"curies":[{"name":"wp","href":"https:\/\/api.w.org\/{rel}","templated":true}]}}