{"id":9054,"date":"2025-11-16T09:09:08","date_gmt":"2025-11-16T09:09:08","guid":{"rendered":"https:\/\/info-eforie.ro\/index.php\/2025\/11\/16\/cum-se-filma-politistul-acuzat-ca-a-ucis-un-caine-pe-strada-acum-e-anchetat-si-pentru-clipurile-postate\/"},"modified":"2025-11-16T09:09:08","modified_gmt":"2025-11-16T09:09:08","slug":"cum-se-filma-politistul-acuzat-ca-a-ucis-un-caine-pe-strada-acum-e-anchetat-si-pentru-clipurile-postate","status":"publish","type":"post","link":"https:\/\/info-eforie.ro\/index.php\/2025\/11\/16\/cum-se-filma-politistul-acuzat-ca-a-ucis-un-caine-pe-strada-acum-e-anchetat-si-pentru-clipurile-postate\/","title":{"rendered":"Cum se filma poli\u021bistul acuzat c\u0103 a ucis un c\u00e2ine pe strad\u0103. Acum e anchetat \u0219i pentru clipurile postate"},"content":{"rendered":"<div>\n<p>Un poli\u021bist din Mure\u0219, acuzat c\u0103 a ucis un c\u00e2ine pe o strad\u0103 din Ialomi\u021ba, este acum cercetat \u0219i pentru alte fapte, dup\u0103 ce jurnali\u0219tii au descoperit c\u0103 agentul publica pe re\u021belele de socializare videoclipuri \u00een care afi\u0219a un comportament asem\u0103n\u0103tor interlopilor: acesta \u00ee\u0219i arat\u0103 armele, cu\u021bitele \u0219i f\u0103cea amenin\u021b\u0103ri.\u00a0Poli\u0163istul este originar din Ialomi\u021ba.<\/p>\n<div><picture loading=\"eager\" width=\"1400\" height=\"591\" alt=\"Poli\u021bi\u0219tul este suspectat c\u0103 a omor\u00e2t cu inten\u021bie c\u00e2inele vecinului.FOTO: captur\u0103 video Antena 3 CNN\"><source type=\"image\/webp\"  media=\"(min-width: 1400px)\"><source type=\"image\/webp\"  media=\"(min-width: 1000px)\"><source type=\"image\/webp\"  media=\"(min-width: 700px)\"><source type=\"image\/png\"  media=\"(min-width: 1400px)\"><source type=\"image\/png\"  media=\"(min-width: 1000px)\"><source type=\"image\/png\"  media=\"(min-width: 700px)\"><img fetchpriority=\"high\" decoding=\"async\" src=\"https:\/\/cdn.adh.reperio.news\/image-7\/71060518-6aef-4d35-a758-9739e3ff2220\/index.png?p=a%3D1%26co%3D1.05%26w%3D700%26h%3D591%26r%3Dcontain%26c%3D0%252C0.003%252C0.833%252C0.995%26f%3Dwebp\" alt=\"Poli\u021bi\u0219tul este suspectat c\u0103 a omor\u00e2t cu inten\u021bie c\u00e2inele vecinului.FOTO: captur\u0103 video Antena 3 CNN\" width=\"1400\" height=\"591\" loading=\"eager\"><\/picture>\n<p>Poli\u021bi\u0219tul este suspectat c\u0103 a omor\u00e2t cu inten\u021bie c\u00e2inele vecinului.FOTO: captur\u0103 video Antena 3 CNN<\/p>\n<\/div>\n<p>Agentul, \u00eencadrat la Sec\u021bia Rural\u0103 Sighi\u0219oara, pare s\u0103 uite complet de jur\u0103m\u00e2nt \u00een momentul \u00een care renun\u021b\u0103 la uniform\u0103, scrie\u00a0<a href=\"https:\/\/www.antena3.ro\/actualitate\/politistul-acuzat-ca-a-ucis-un-caine-este-cercetat-si-pentru-ca-s-a-filmat-cu-arme-pe-tiktok-ce-pedeapsa-risca-766814.html\" rel=\"nofollow\">Antena 3 CNN.\u00a0<\/a>Film\u0103rile realizate chiar de el \u00eel surprind etal\u00e2ndu-\u0219i colec\u021bia de cu\u021bite \u0219i arme, iar \u00een urm\u0103 cu o lun\u0103 posta un anun\u021b online prin care \u00ee\u0219i exprima inten\u021bia de a cump\u0103ra un pistol Glock. <\/p>\n<p>Pe profilurile sale de social media, acum dezactivate sau \u0219terse, se l\u0103uda \u0219i cu viteza \u00een trafic, \u00eenc\u0103lc\u00e2nd regulile pe care ar trebui s\u0103 le impun\u0103 altora.<\/p>\n<h2>Reac\u021bia Poli\u021biei dup\u0103 apari\u021bia imaginilor<\/h2>\n<p>Ca urmare a imaginilor devenite publice, Antena 3 CNN a solicitat un punct de vedere Inspectoratului de Poli\u021bie Jude\u021bean Mure\u0219. Institu\u021bia a confirmat printr-un r\u0103spuns oficial c\u0103 a deschis o cercetare intern\u0103 care vizeaz\u0103 comportamentul agentului.<\/p>\n<p>Poli\u021bistul este verificat \u0219i de colegii s\u0103i, dup\u0103 ce un vecin l-a acuzat c\u0103 i-a ucis c\u00e2inele. Camera de supraveghere din fa\u021ba cur\u021bii reclamantului arat\u0103 ma\u0219ina poli\u021bistului oprind \u00een dreptul por\u021bii, iar imediat dup\u0103 aceea se aud pl\u00e2nsetele animalului.\u00a0Poli\u0163istul este originar din Ialomi\u021ba.<\/p>\n<p>Proprietarul c\u00e2inelui sus\u021bine c\u0103 poli\u021bi\u0219tii din comun\u0103 l-au trimis s\u0103 pl\u0103teasc\u0103 autopsia din propriul buzunar, motiv pentru care \u0219i \u00een acest caz a fost demarat\u0103 o anchet\u0103 intern\u0103.<\/p>\n<p>Dac\u0103 se va demonstra c\u0103\u00a0<a href=\"https:\/\/adevarul.ro\/stiri-locale\/cluj-napoca\/un-medic-stomatolog-care-s-a-dat-drept-veterinar-a-2478524.html\">animalul a fost omor\u00e2t cu inten\u021bie,<\/a>\u00a0poli\u021bistul din Mure\u0219 risc\u0103 o pedeaps\u0103 cu \u00eenchisoarea \u00eentre 2 \u0219i 7 ani, sanc\u021biune care, potrivit surselor citate, l-ar fi \u0219ocat chiar \u0219i pe el.<\/p>\n<\/p><\/div>\n<p><a href=\"https:\/\/adevarul.ro\/stiri-locale\/targu-mures\/cum-se-filma-politistul-acuzat-ca-a-ucis-un-caine-2487252.html\" class=\"button purchase\" rel=\"nofollow noopener\" target=\"_blank\">Read More<\/a><\/p>\n","protected":false},"excerpt":{"rendered":"<p>Un poli\u021bist din Mure\u0219, acuzat c\u0103 a ucis un c\u00e2ine pe o strad\u0103 din Ialomi\u021ba, este acum cercetat \u0219i pentru alte fapte, dup\u0103 ce jurnali\u0219tii [&hellip;]<\/p>\n","protected":false},"author":1,"featured_media":9055,"comment_status":"open","ping_status":"open","sticky":false,"template":"","format":"standard","meta":{"_monsterinsights_skip_tracking":false,"footnotes":""},"categories":[6],"tags":[],"class_list":["post-9054","post","type-post","status-publish","format-standard","has-post-thumbnail","hentry","category-popular"],"aioseo_notices":[],"_links":{"self":[{"href":"https:\/\/info-eforie.ro\/index.php\/wp-json\/wp\/v2\/posts\/9054","targetHints":{"allow":["GET"]}}],"collection":[{"href":"https:\/\/info-eforie.ro\/index.php\/wp-json\/wp\/v2\/posts"}],"about":[{"href":"https:\/\/info-eforie.ro\/index.php\/wp-json\/wp\/v2\/types\/post"}],"author":[{"embeddable":true,"href":"https:\/\/info-eforie.ro\/index.php\/wp-json\/wp\/v2\/users\/1"}],"replies":[{"embeddable":true,"href":"https:\/\/info-eforie.ro\/index.php\/wp-json\/wp\/v2\/comments?post=9054"}],"version-history":[{"count":0,"href":"https:\/\/info-eforie.ro\/index.php\/wp-json\/wp\/v2\/posts\/9054\/revisions"}],"wp:featuredmedia":[{"embeddable":true,"href":"https:\/\/info-eforie.ro\/index.php\/wp-json\/wp\/v2\/media\/9055"}],"wp:attachment":[{"href":"https:\/\/info-eforie.ro\/index.php\/wp-json\/wp\/v2\/media?parent=9054"}],"wp:term":[{"taxonomy":"category","embeddable":true,"href":"https:\/\/info-eforie.ro\/index.php\/wp-json\/wp\/v2\/categories?post=9054"},{"taxonomy":"post_tag","embeddable":true,"href":"https:\/\/info-eforie.ro\/index.php\/wp-json\/wp\/v2\/tags?post=9054"}],"curies":[{"name":"wp","href":"https:\/\/api.w.org\/{rel}","templated":true}]}}