{"id":9036,"date":"2025-11-15T09:06:30","date_gmt":"2025-11-15T09:06:30","guid":{"rendered":"https:\/\/info-eforie.ro\/index.php\/2025\/11\/15\/ministrul-rogobete-avertisment-pentru-cei-care-detin-clinici-medicale-la-parterul-blocurilor-inchideti-singuri-daca-nu-o-s-o-fac-eu\/"},"modified":"2025-11-15T09:06:30","modified_gmt":"2025-11-15T09:06:30","slug":"ministrul-rogobete-avertisment-pentru-cei-care-detin-clinici-medicale-la-parterul-blocurilor-inchideti-singuri-daca-nu-o-s-o-fac-eu","status":"publish","type":"post","link":"https:\/\/info-eforie.ro\/index.php\/2025\/11\/15\/ministrul-rogobete-avertisment-pentru-cei-care-detin-clinici-medicale-la-parterul-blocurilor-inchideti-singuri-daca-nu-o-s-o-fac-eu\/","title":{"rendered":"Ministrul Rogobete, avertisment pentru cei care de\u021bin clinici medicale la parterul blocurilor: \u201e\u00cenchide\u021bi singuri, dac\u0103 nu o s-o fac eu\u201d"},"content":{"rendered":"<div>\n<p>Ministrul S\u0103n\u0103t\u0103\u021bii Alexandru Rogobete a transmis un avertisment dur de\u021bin\u0103torilor de clinici medicale private la parterul blocurilor s\u0103 \u00ee\u0219i \u00eenchid\u0103 singuri spa\u021biile, c\u0103 altfel o va face el.<\/p>\n<div><picture loading=\"eager\" width=\"1400\" height=\"750\" alt=\"Alexandru Rogobete, ministrul S\u0103n\u0103t\u0103\u021bii FOTO: Facebook\/Alexandru Rogobete\"><source type=\"image\/webp\"  media=\"(min-width: 1400px)\"><source type=\"image\/webp\"  media=\"(min-width: 1000px)\"><source type=\"image\/webp\"  media=\"(min-width: 700px)\"><source type=\"image\/jpeg\"  media=\"(min-width: 1400px)\"><source type=\"image\/jpeg\"  media=\"(min-width: 1000px)\"><source type=\"image\/jpeg\"  media=\"(min-width: 700px)\"><img fetchpriority=\"high\" decoding=\"async\" src=\"https:\/\/cdn.adh.reperio.news\/image-b\/b78c58db-59c1-4135-ab40-17803721aa00\/index.jpeg?p=a%3D1%26co%3D1.05%26w%3D700%26h%3D750%26r%3Dcontain%26f%3Dwebp\" alt=\"Alexandru Rogobete, ministrul S\u0103n\u0103t\u0103\u021bii FOTO: Facebook\/Alexandru Rogobete\" width=\"1400\" height=\"750\" loading=\"eager\"><\/picture>\n<p>Alexandru Rogobete, ministrul S\u0103n\u0103t\u0103\u021bii FOTO: Facebook\/Alexandru Rogobete<\/p>\n<\/div>\n<p>Alexandru Rogobete, ministrul S\u0103n\u0103t\u0103\u021bii, a transmis un avertiment extrem de dur c\u0103tre proprietarii de clinici private din Rom\u00e2nia, care nu respect\u0103 legisla\u021bia, s\u0103-\u0219i \u00eenchid\u0103 singuri spa\u021biile medicale dac\u0103 se \u0219tiu cu musca pe c\u0103ciul\u0103.<\/p>\n<p><i>\u201dP\u00e2n\u0103 \u00een acest moment v\u0103 spun c\u0103 am \u00eenchis peste 20 de clinici private \u015fi am sanc\u0163ionat peste 30 de clinici, c\u00e2nd spun sanc\u0163ionat m\u0103 refer la sanc\u0163iuni consistente. O s\u0103 spun ceva care poate o s\u0103 par\u0103 deplasat \u015fi m\u0103 uit la to\u0163i care se uit\u0103 la noi \u015fi m\u0103 refer la cei care au aceste clinici \u015fi cabinete private la col\u0163ul blocului, la col\u0163ul parterului, marea lor majoritate improvizate: oameni buni, \u00eenchide\u0163i-v\u0103 voi clinicile dac\u0103 \u015fti\u0163i c\u0103 nu func\u0163iona\u0163i \u00een regul\u0103, ca s\u0103 nu vin eu s\u0103 le \u00eenchid. Este un ultim apel pe care \u00eel fac, cu responsabilitate, c\u0103tre to\u0163i cei care \u015fti\u0163i c\u0103 func\u0163iona\u0163i \u00een ilegalitate. Pune\u0163i cheia pe u\u015f\u0103 ast\u0103zi \u015fi \u00eenchide\u0163i-v\u0103 clinicile ca s\u0103 nu ajung\u0103 Ministerul S\u0103n\u0103t\u0103\u0163ii s\u0103 vi le \u00eenchid\u0103 pe toate\u201d,<\/i> a subliniat Rogobete.<\/p>\n<p><i>\u201dPrea mul\u0163i ani la r\u00e2nd, aceste clinici au func\u0163ionat fiecare cum au vrut, f\u0103r\u0103 s\u0103 fie controlate, f\u0103r\u0103 s\u0103 respecte nimic \u015fi uite unde am ajuns. Mie \u00eemi pare r\u0103u s\u0103 fiu pus \u00een aceast\u0103 ipostaz\u0103 \u00een care \u00een 2025 s\u0103 fac apel public s\u0103 \u00ee\u015fi \u00eenchid\u0103 clinicile dac\u0103 func\u0163ioneaz\u0103 ilegal, dar este o realitate dur\u0103, este o realitate \u00een care vedem c\u0103 tot la c\u00e2teva s\u0103pt\u0103m\u00e2ni avem un om, copil care moare pentru c\u0103 unii nu se g\u00e2ndesc dec\u00e2t la profitul clinicii lor \u00een loc s\u0103 o renoveze \u015fi s\u0103 o reabiliteze \u015fi s\u0103 respecte normativul a\u015fa cum este el. Nu voi face rabat, indiferent cine m\u0103 sun\u0103. Am \u00eenchis \u00een Bucure\u015fti clinici ale unor somit\u0103\u0163i \u015fi vor r\u0103m\u00e2ne \u00eenchise at\u00e2t timp c\u00e2t nu respect\u0103 normativul\u201d,<\/i> a conchis el.<\/p>\n<p>Avertismentul a fost lansat \u00een contextul mor\u021bii feti\u021bei de doi ani<a href=\"https:\/\/adevarul.ro\/stiri-interne\/societate\/tatal-fetitei-care-a-murit-in-cabinetul-2486951.html\"> care a murit \u00eentr-un cabinet stomatologic din Bucure\u0219ti.<\/a><\/p>\n<p><i>\u201dEu nu pot s\u0103 \u00eemi dau cu p\u0103rerea despre actul medical, nu am voie s\u0103 fac acest lucru, sigur c\u0103 va \u00eencepe \u015fi o anchet\u0103 a Colegiului Medicilor din Rom\u00e2nia care ne va explica care a fost conduita terapeutic\u0103 \u015fi vom vedea dac\u0103 discut\u0103m de malpraxis sau nu. Examenul medico-legal ne va ar\u0103ta exact cauza decesului. Ce v\u0103 spun eu, din punct de vedere administrativ, este c\u0103 avem \u00eenc\u0103 o clinic\u0103 care nu func\u0163ioneaz\u0103 corespunz\u0103tor, care func\u0163ioneaz\u0103 improvizat \u015fi care nu respect\u0103 normative\u201d,<\/i> a sus\u0163inut ministrul.<\/p>\n<p>Rogobete a precizat c\u0103 deciziile privind func\u021bionarea clinicii nu vor fi influen\u021bate de discu\u021bii cu administratorii acesteia, ci exclusiv de rezultatele controalelor oficiale \u0219i de raportul institu\u021biilor competente.<\/p>\n<p><i> \u201eEu nu discut cu conducerea clinicilor private, discut cu Inspec\u021bia Sanitar\u0103 de Stat \u0219i cu corpul meu de control. A\u0219tept raportul final, care probabil va fi gata. Luni vom lua deciziile finale, dar cel mai probabil v\u0103 spun c\u0103 \u0219i aceast\u0103 clinic\u0103 va fi \u00eenchis\u0103\u201d<\/i>, a concluzionat ministrul S\u0103n\u0103t\u0103\u021bii.<\/p>\n<p>Ministerul S\u0103n\u0103t\u0103\u021bii au deschis anchete pentru a verifica modul \u00een care a fost realizat\u0103 interven\u021bia, respectarea protocoalelor \u0219i momentul apelului la 112, despre care autorit\u0103\u021bile spun c<a href=\"https:\/\/adevarul.ro\/stiri-interne\/societate\/tatal-fetitei-care-a-murit-in-cabinetul-2486951.html\">\u0103 ar fi fost efectuat cu \u00eent\u00e2rziere.<\/a><\/p>\n<p>Clinica \u00een care s-a petrecut incidentul ar fi de\u021binut\u0103 de medicul Sorina Blaj, fondatoarea Crystal Dental Clinic,<a href=\"https:\/\/adevarul.ro\/stiri-interne\/evenimente\/cine-este-proprietarul-cabinetului-stomatologic-2486993.html\"> cunoscut\u0103 pentru promovarea sed\u0103rii profunde.<\/a><\/p>\n<p>\u00centr-o prezentare recent\u0103, aceasta afirma c\u0103 noul centru deschis \u201eschimb\u0103 complet abordarea \u00een stomatologia local\u0103 \u0219i european\u0103\u201d, subliniind nevoia tot mai mare pentru interven\u021bii cu sedare profund\u0103.<\/p>\n<\/p><\/div>\n<p><a href=\"https:\/\/adevarul.ro\/stiri-interne\/evenimente\/ministrul-rogobete-avertisment-pentru-cei-care-2487039.html\" class=\"button purchase\" rel=\"nofollow noopener\" target=\"_blank\">Read More<\/a><\/p>\n","protected":false},"excerpt":{"rendered":"<p>Ministrul S\u0103n\u0103t\u0103\u021bii Alexandru Rogobete a transmis un avertisment dur de\u021bin\u0103torilor de clinici medicale private la parterul blocurilor s\u0103 \u00ee\u0219i \u00eenchid\u0103 singuri spa\u021biile, c\u0103 altfel o [&hellip;]<\/p>\n","protected":false},"author":1,"featured_media":9037,"comment_status":"open","ping_status":"open","sticky":false,"template":"","format":"standard","meta":{"_monsterinsights_skip_tracking":false,"footnotes":""},"categories":[6],"tags":[],"class_list":["post-9036","post","type-post","status-publish","format-standard","has-post-thumbnail","hentry","category-popular"],"aioseo_notices":[],"_links":{"self":[{"href":"https:\/\/info-eforie.ro\/index.php\/wp-json\/wp\/v2\/posts\/9036","targetHints":{"allow":["GET"]}}],"collection":[{"href":"https:\/\/info-eforie.ro\/index.php\/wp-json\/wp\/v2\/posts"}],"about":[{"href":"https:\/\/info-eforie.ro\/index.php\/wp-json\/wp\/v2\/types\/post"}],"author":[{"embeddable":true,"href":"https:\/\/info-eforie.ro\/index.php\/wp-json\/wp\/v2\/users\/1"}],"replies":[{"embeddable":true,"href":"https:\/\/info-eforie.ro\/index.php\/wp-json\/wp\/v2\/comments?post=9036"}],"version-history":[{"count":0,"href":"https:\/\/info-eforie.ro\/index.php\/wp-json\/wp\/v2\/posts\/9036\/revisions"}],"wp:featuredmedia":[{"embeddable":true,"href":"https:\/\/info-eforie.ro\/index.php\/wp-json\/wp\/v2\/media\/9037"}],"wp:attachment":[{"href":"https:\/\/info-eforie.ro\/index.php\/wp-json\/wp\/v2\/media?parent=9036"}],"wp:term":[{"taxonomy":"category","embeddable":true,"href":"https:\/\/info-eforie.ro\/index.php\/wp-json\/wp\/v2\/categories?post=9036"},{"taxonomy":"post_tag","embeddable":true,"href":"https:\/\/info-eforie.ro\/index.php\/wp-json\/wp\/v2\/tags?post=9036"}],"curies":[{"name":"wp","href":"https:\/\/api.w.org\/{rel}","templated":true}]}}