{"id":8944,"date":"2025-11-12T06:07:17","date_gmt":"2025-11-12T06:07:17","guid":{"rendered":"https:\/\/info-eforie.ro\/index.php\/2025\/11\/12\/masuri-draconice-la-fcsb-gigi-becali-stie-motivul-protestelor-jucatorilor-cred-ca-daca-sunt-prieteni-cu-el-gata\/"},"modified":"2025-11-12T06:07:17","modified_gmt":"2025-11-12T06:07:17","slug":"masuri-draconice-la-fcsb-gigi-becali-stie-motivul-protestelor-jucatorilor-cred-ca-daca-sunt-prieteni-cu-el-gata","status":"publish","type":"post","link":"https:\/\/info-eforie.ro\/index.php\/2025\/11\/12\/masuri-draconice-la-fcsb-gigi-becali-stie-motivul-protestelor-jucatorilor-cred-ca-daca-sunt-prieteni-cu-el-gata\/","title":{"rendered":"M\u0103suri draconice la FCSB! Gigi Becali \u0219tie motivul protestelor juc\u0103torilor: \u201dCred c\u0103 dac\u0103 sunt prieteni cu el, gata!\u201d"},"content":{"rendered":"<div>\n<p>Gigi Becali a transmis dup\u0103 finalul meciului cu Hermannstadt c\u0103 este nemul\u021bumit de indisciplina de la echip\u0103 \u0219i i-a cerut lui Mihai Stoica, pre\u0219edintele Consiliului de Administra\u021bie de la FCSB, pe care l-a \u00eenvinov\u0103\u021bit pentru rebeliunea juc\u0103torilor, s\u0103 ia m\u0103suri.<\/p>\n<h2>Gigi Becali: \u201dEi cred c\u0103 dac\u0103 sunt prieteni cu Alexandru Tudor, gata, \u2019las\u0103, b\u0103, c\u0103 nu ne d\u0103 arbitrul!\u2019\u201d<\/h2>\n<p>Stoica \u0219i-a asumat vina \u0219i a anun\u021bat m\u0103suri draconice la echip\u0103, lucru confirmat \u0219i de Gigi Becali \u00eentr-o dialog cu PRO TV \u0219i Sport.ro.<\/p>\n<p>\u00cen plus, patronul de la FCSB a m\u0103rturisit c\u0103 \u0219tie motivul pentru care juc\u0103torii de la FCSB protesteaz\u0103 \u00een fa\u021ba arbitrilor: faptul c\u0103 sunt prieteni cu fostul arbitru Alexandru Tudor, un apropiat al finan\u021batorului de la FCSB.<\/p>\n<p>\u201d<strong>Ce am zis, am zis! Ce am stabilit, am stabilit! 20.000 vor fi! Fiecare va primi c\u00e2te o h\u00e2rtie, zece mii amend\u0103, orice galben luat din cauza protestelor \u00een fa\u021ba arbitrilor. Nu am treab\u0103! Bine, m\u0103, atunci, las\u0103 c\u0103 \u00eemi convine! Ia tu galben, \u00ee\u021bi iau eu 5-10 mii. <\/strong><\/p>\n<p><strong>S\u0103 fac\u0103 numai proteste. Nu s-a pomenit pe tot globul p\u0103m\u00e2ntesc ce e la echipa mea! Toat\u0103 lumea protesteaz\u0103. Ei cred c\u0103 dac\u0103 sunt prieteni cu Alexandru Tudor, gata, \u2019las\u0103, b\u0103, c\u0103 nu ne d\u0103 arbitrul!\u2019. Ce s\u0103 faci, m\u0103? Ei s-au \u00eenv\u0103\u021bat: \u2019las\u0103, b\u0103, c\u0103 suntem prieteni cu arbitri\u2019<\/strong>\u201d, a spus Gigi Becali pentru<strong> PRO TV<\/strong> \u0219i <strong>Sport.ro<\/strong>.<\/p>\n<\/div>\n<p><a href=\"https:\/\/www.sport.ro\/liga-1\/masuri-draconice-la-fcsb-gigi-becali-stie-motivul-protestelor-jucatorilor-cred-ca-daca-sunt-prieteni-cu-el-gata.html\" class=\"button purchase\" rel=\"nofollow noopener\" target=\"_blank\">Read More<\/a><\/p>\n","protected":false},"excerpt":{"rendered":"<p>Gigi Becali a transmis dup\u0103 finalul meciului cu Hermannstadt c\u0103 este nemul\u021bumit de indisciplina de la echip\u0103 \u0219i i-a cerut lui Mihai Stoica, pre\u0219edintele Consiliului [&hellip;]<\/p>\n","protected":false},"author":1,"featured_media":8945,"comment_status":"open","ping_status":"open","sticky":false,"template":"","format":"standard","meta":{"_monsterinsights_skip_tracking":false,"footnotes":""},"categories":[7],"tags":[],"class_list":["post-8944","post","type-post","status-publish","format-standard","has-post-thumbnail","hentry","category-sports"],"aioseo_notices":[],"_links":{"self":[{"href":"https:\/\/info-eforie.ro\/index.php\/wp-json\/wp\/v2\/posts\/8944","targetHints":{"allow":["GET"]}}],"collection":[{"href":"https:\/\/info-eforie.ro\/index.php\/wp-json\/wp\/v2\/posts"}],"about":[{"href":"https:\/\/info-eforie.ro\/index.php\/wp-json\/wp\/v2\/types\/post"}],"author":[{"embeddable":true,"href":"https:\/\/info-eforie.ro\/index.php\/wp-json\/wp\/v2\/users\/1"}],"replies":[{"embeddable":true,"href":"https:\/\/info-eforie.ro\/index.php\/wp-json\/wp\/v2\/comments?post=8944"}],"version-history":[{"count":0,"href":"https:\/\/info-eforie.ro\/index.php\/wp-json\/wp\/v2\/posts\/8944\/revisions"}],"wp:featuredmedia":[{"embeddable":true,"href":"https:\/\/info-eforie.ro\/index.php\/wp-json\/wp\/v2\/media\/8945"}],"wp:attachment":[{"href":"https:\/\/info-eforie.ro\/index.php\/wp-json\/wp\/v2\/media?parent=8944"}],"wp:term":[{"taxonomy":"category","embeddable":true,"href":"https:\/\/info-eforie.ro\/index.php\/wp-json\/wp\/v2\/categories?post=8944"},{"taxonomy":"post_tag","embeddable":true,"href":"https:\/\/info-eforie.ro\/index.php\/wp-json\/wp\/v2\/tags?post=8944"}],"curies":[{"name":"wp","href":"https:\/\/api.w.org\/{rel}","templated":true}]}}