{"id":8842,"date":"2025-11-09T04:08:24","date_gmt":"2025-11-09T04:08:24","guid":{"rendered":"https:\/\/info-eforie.ro\/index.php\/2025\/11\/09\/gica-popescu-ultimele-detalii-despre-stadionul-din-constanta-cand-vor-demara-lucrarile-la-noua-arena\/"},"modified":"2025-11-09T04:08:24","modified_gmt":"2025-11-09T04:08:24","slug":"gica-popescu-ultimele-detalii-despre-stadionul-din-constanta-cand-vor-demara-lucrarile-la-noua-arena","status":"publish","type":"post","link":"https:\/\/info-eforie.ro\/index.php\/2025\/11\/09\/gica-popescu-ultimele-detalii-despre-stadionul-din-constanta-cand-vor-demara-lucrarile-la-noua-arena\/","title":{"rendered":"Gic\u0103 Popescu, ultimele detalii despre stadionul din Constan\u021ba. C\u00e2nd vor demara lucr\u0103rile la noua aren\u0103"},"content":{"rendered":"<div>\n<p>&#8222;Baciul&#8221; a dezv\u0103luit c\u0103 a avut o discu\u021bie direct\u0103 cu prim-ministrul Ilie Bolojan pentru a stabili o ordine a investi\u021biilor.<\/p>\n<p>Pre\u0219edintele celor de la Farul a\u0219teapt\u0103 acum ca Guvernul s\u0103 anun\u021be care vor fi primele arene care vor intra \u00een programul de construc\u021bie, bazat pe o analiz\u0103 pe care el \u00eensu\u0219i a furnizat-o.<\/p>\n<h2>&#8222;Un clasament bazat doar pe realit\u0103\u021bile sportive&#8221;<br \/><\/h2>\n<p>Gic\u0103 Popescu a explicat c\u0103 i s-a cerut s\u0103 fac\u0103 o prioritizare a ora\u0219elor care au nevoie de stadioane noi, \u00eens\u0103 decizia final\u0103 apar\u021bine Executivului.<\/p>\n<p><strong>\u201eP\u0103i, a\u0219tept\u0103m s\u0103&#8230; s\u0103 se anun\u021be care sunt stadioanele cu care se va \u00eencepe acest&#8230; acest program de construc\u021bie a stadioanelor. Am avut o discu\u021bie cu domnul prim-ministru \u0219i mi-a cerut s\u0103-i fac o&#8230; o situa\u021bie, cum v\u0103d eu din punct de vedere sportiv, un clasament al ora\u0219elor care&#8230; care doresc s\u0103 construiasc\u0103 stadioane\u201d<\/strong>, a spus Gic\u0103 Popescu.<\/p>\n<p>Acesta a subliniat c\u0103 analiza sa este pur tehnic\u0103: <strong>\u201eAm f\u0103cut acest punct de vedere, repet, baz\u00e2ndu-m\u0103 doar pe realit\u0103\u021bile sportive, pe care domnia sa \u0219i guvernul trebuie s\u0103 ia o hot\u0103r\u00e2re care vor fi stadioanele care se vor construi primele\u201d<\/strong>.<\/p>\n<p>Declara\u021biile lui Popescu vin \u00eentr-un context extrem de neclar pentru arena din Constan\u021ba. Proiectul de 490 de milioane de lei p\u0103rea blocat, mai ales dup\u0103 ce Guvernul a adoptat un act normativ care suspend\u0103 noile investi\u021bii publice p\u00e2n\u0103 \u00een 2027, pentru a men\u021bine echilibrul bugetar.<\/p>\n<p>Pe de alt\u0103 parte, Prim\u0103ria Municipiului Constan\u021ba a emis un comunicat \u00een care sus\u021bine c\u0103 informa\u021biile despre blocarea finan\u021b\u0103rii sunt &#8222;eronate&#8221; \u0219i c\u0103 arena &#8222;Gheorghe Hagi&#8221; nu ar fi fost afectat\u0103 de m\u0103surile de austeritate.<\/p>\n<p>R\u0103m\u00e2ne de v\u0103zut ce se va \u00eent\u00e2mpla cu arena din Constan\u021ba \u0219i c\u00e2nd va fi construit\u0103 aceasta.<\/p>\n<\/div>\n<p><a href=\"https:\/\/www.sport.ro\/fotbal-intern\/gica-popescu-ultimele-detalii-despre-stadionul-din-constanta-cand-vor-demara-lucrarile-la-noua-arena.html\" class=\"button purchase\" rel=\"nofollow noopener\" target=\"_blank\">Read More<\/a><\/p>\n","protected":false},"excerpt":{"rendered":"<p>&#8222;Baciul&#8221; a dezv\u0103luit c\u0103 a avut o discu\u021bie direct\u0103 cu prim-ministrul Ilie Bolojan pentru a stabili o ordine a investi\u021biilor. Pre\u0219edintele celor de la Farul [&hellip;]<\/p>\n","protected":false},"author":1,"featured_media":8843,"comment_status":"open","ping_status":"open","sticky":false,"template":"","format":"standard","meta":{"_monsterinsights_skip_tracking":false,"footnotes":""},"categories":[7],"tags":[],"class_list":["post-8842","post","type-post","status-publish","format-standard","has-post-thumbnail","hentry","category-sports"],"aioseo_notices":[],"_links":{"self":[{"href":"https:\/\/info-eforie.ro\/index.php\/wp-json\/wp\/v2\/posts\/8842","targetHints":{"allow":["GET"]}}],"collection":[{"href":"https:\/\/info-eforie.ro\/index.php\/wp-json\/wp\/v2\/posts"}],"about":[{"href":"https:\/\/info-eforie.ro\/index.php\/wp-json\/wp\/v2\/types\/post"}],"author":[{"embeddable":true,"href":"https:\/\/info-eforie.ro\/index.php\/wp-json\/wp\/v2\/users\/1"}],"replies":[{"embeddable":true,"href":"https:\/\/info-eforie.ro\/index.php\/wp-json\/wp\/v2\/comments?post=8842"}],"version-history":[{"count":0,"href":"https:\/\/info-eforie.ro\/index.php\/wp-json\/wp\/v2\/posts\/8842\/revisions"}],"wp:featuredmedia":[{"embeddable":true,"href":"https:\/\/info-eforie.ro\/index.php\/wp-json\/wp\/v2\/media\/8843"}],"wp:attachment":[{"href":"https:\/\/info-eforie.ro\/index.php\/wp-json\/wp\/v2\/media?parent=8842"}],"wp:term":[{"taxonomy":"category","embeddable":true,"href":"https:\/\/info-eforie.ro\/index.php\/wp-json\/wp\/v2\/categories?post=8842"},{"taxonomy":"post_tag","embeddable":true,"href":"https:\/\/info-eforie.ro\/index.php\/wp-json\/wp\/v2\/tags?post=8842"}],"curies":[{"name":"wp","href":"https:\/\/api.w.org\/{rel}","templated":true}]}}