{"id":8677,"date":"2025-11-02T06:06:16","date_gmt":"2025-11-02T06:06:16","guid":{"rendered":"https:\/\/info-eforie.ro\/index.php\/2025\/11\/02\/aromaterapie-naturala-in-inima-padurii-locul-din-romania-unde-natura-devine-lectie-si-leac\/"},"modified":"2025-11-02T06:06:16","modified_gmt":"2025-11-02T06:06:16","slug":"aromaterapie-naturala-in-inima-padurii-locul-din-romania-unde-natura-devine-lectie-si-leac","status":"publish","type":"post","link":"https:\/\/info-eforie.ro\/index.php\/2025\/11\/02\/aromaterapie-naturala-in-inima-padurii-locul-din-romania-unde-natura-devine-lectie-si-leac\/","title":{"rendered":"Aromaterapie natural\u0103 \u00een inima p\u0103durii. Locul din Rom\u00e2nia unde natura devine lec\u021bie \u0219i leac"},"content":{"rendered":"<div>\n<p>n grup de profesori, cu sprijinul unei asocia\u021bii \u0219i a Direc\u021biei Silvice a reu\u0219it s\u0103 amenajeze una dintre cele mai frumose \u0219i educative poteci tematice din Moldova. Se afl\u0103 \u00een jude\u021bul Boto\u0219ani \u0219i \u00eembin\u0103 relaxarea, cu \u00eenv\u0103\u021barea, dar \u0219i cu aromaterapia naturii. <\/p>\n<div><picture loading=\"eager\" width=\"1400\" height=\"750\" alt=\"Poteca Teilor un traseu cu efecte terapeutice \u0219i rol educa\u021bional FOTO Cosmin Zamfirache\"><source type=\"image\/webp\"  media=\"(min-width: 1400px)\"><source type=\"image\/webp\"  media=\"(min-width: 1000px)\"><source type=\"image\/webp\"  media=\"(min-width: 700px)\"><source type=\"image\/jpeg\"  media=\"(min-width: 1400px)\"><source type=\"image\/jpeg\"  media=\"(min-width: 1000px)\"><source type=\"image\/jpeg\"  media=\"(min-width: 700px)\"><img fetchpriority=\"high\" decoding=\"async\" src=\"https:\/\/cdn.adh.reperio.news\/image-6\/629524a4-656b-4224-a33e-5a03b1106abc\/index.jpeg?p=a%3D1%26co%3D1.05%26w%3D700%26h%3D750%26r%3Dcontain%26f%3Dwebp\" alt=\"Poteca Teilor un traseu cu efecte terapeutice \u0219i rol educa\u021bional FOTO Cosmin Zamfirache\" width=\"1400\" height=\"750\" loading=\"eager\"><\/picture>\n<p>Poteca Teilor un traseu cu efecte terapeutice \u0219i rol educa\u021bional FOTO Cosmin Zamfirache<\/p>\n<\/div>\n<p>Plimb\u0103rile \u00een natur\u0103 sunt vindec\u0103toare \u0219i totodat\u0103 educative. O spun multe studii de specialitate din toat\u0103 lumea. Mai ales \u00eentr-o societatea tot mai urbanizat\u0103 \u0219i dependent\u0103 de tehnologie ie\u0219irile la aer curat, departe de agita\u021bia vie\u021bii cotidiene, sunt pentru mul\u021bi rom\u00e2ni o necesitate. \u00cen special pentru copii. \u0218i nu trebuie s\u0103 investi\u021bi sume mari \u00een echipamente sau s\u0103 ave\u021bi o condi\u021bie fizic\u0103 suficient de bun\u0103 pentru a urca pe munte.<\/p>\n<p> Exist\u0103 col\u021buri de natur\u0103 \u00een Rom\u00e2nia special amenajate pentru \u201eb\u0103i de p\u0103dure\u201d, adic\u0103 pentru o dup\u0103-amiaz\u0103 relaxat\u0103 \u00een mijlocul naturii, \u00een care orice om poate \u00eembina efectul terapeutic al p\u0103durii, cu activit\u0103\u021bile educa\u021bionale \u0219i mi\u0219carea \u00een aer liber. Este vorba despre potecile tematice. Una dintre cele mai frumoase poteci tematice din Moldova, dar \u0219i din \u021bar\u0103 se afl\u0103 \u00een jude\u021bul Boto\u0219ani \u0219i este accesibil\u0103 chiar \u0219i celor mai comozi dintre noi. Poart\u0103 numele de \u201ePoteca Teilor\u201d \u0219i ofer\u0103 o experien\u021b\u0103 de neuitat. O lume de basm a p\u0103durii, cu peisaje feerice mai ales toamna, \u0219i cu aromaterapie natural\u0103 garantat\u0103 care \u00eenc\u00e2nt\u0103 sim\u021burile.\u00a0<\/p>\n<h2>Un col\u021b de rai \u00een apropierea unui schit vechi de trei secole<\/h2>\n<p>\u201ePoteca Teilor\u201d se afl\u0103 la numai 15 kilometri de municipiul Boto\u0219ani, pe drumul ce duce c\u0103tre localitatea Schit-Or\u0103\u0219eni. Pur \u0219i simplu se merge pe drumul jude\u021bean Boto\u0219ani-Vorona iar la indicatorul care semnalizeaz\u0103 localitatea Schit-Or\u0103\u0219eni se vireaz\u0103 la st\u00e2nga. \u00cenainte de a ajunge \u00een c\u0103tunul \u00een care se afl\u0103 o biseric\u0103 monument istoric, veche de peste trei secole, nu po\u021bi s\u0103 nu remarci splendoarea de p\u0103dure ce se \u00eentinde pe partea dreapt\u0103 a drumului. Este o component\u0103 a vesti\u021bilor <a href=\"https:\/\/adevarul.ro\/stiri-locale\/botosani\/minunile-din-codrii-seculari-ai-voronei-manastiri-1560413.html\">codrii ai Voronei<\/a> ce se \u00eentind pe o suprafa\u021b\u0103 considerabil\u0103 cuprinz\u00e2nd teritoriul a patru comune.<\/p>\n<div><picture loading=\"lazy\" width=\"1400\" height=\"750\" alt=\"Poiana de la intrarea de pe traseu FOTO Cosmin Zamfirache\"><source type=\"image\/webp\"  media=\"(min-width: 1400px)\"><source type=\"image\/webp\"  media=\"(min-width: 1000px)\"><source type=\"image\/webp\"  media=\"(min-width: 700px)\"><source type=\"image\/jpeg\"  media=\"(min-width: 1400px)\"><source type=\"image\/jpeg\"  media=\"(min-width: 1000px)\"><source type=\"image\/jpeg\"  media=\"(min-width: 700px)\"><img decoding=\"async\" src=\"https:\/\/cdn.adh.reperio.news\/image-9\/9cca5bd0-7a9e-4b10-ade1-81053b466e71\/index.jpeg?p=a%3D1%26co%3D1.05%26w%3D700%26h%3D750%26r%3Dcontain%26f%3Dwebp\" alt=\"Poiana de la intrarea de pe traseu FOTO Cosmin Zamfirache\" width=\"1400\" height=\"750\" loading=\"lazy\"><\/picture>\n<p>Poiana de la intrarea de pe traseu FOTO Cosmin Zamfirache<\/p>\n<\/div>\n<p>Mai ales toamna este o adev\u0103rat\u0103 simfonie de culori. Dac\u0103 prima tenta\u021bie este s\u0103 explorezi aceast\u0103 zon\u0103 de poveste, atunci apare pretextul perfect. Dup\u0103 intrarea \u00een satul Schit-Or\u0103\u0219eni, tot pe partea dreapt\u0103, este semnalizat corespunz\u0103tor prezen\u021ba unui traseu forestier. Scrie mare \u0219i pe \u00een\u021belesul tuturor \u201ePoteca Teilor\u201d, cu regulile aferente unei plimb\u0103ri ecologice prin p\u0103dure. Automobilul trebuie l\u0103sat pe marginea carosabilului iar restul traseului se continu\u0103 pe jos. Prima dat\u0103 intr\u0103m \u00eentr-o poian\u0103 splendid\u0103, dotat\u0103 cu b\u0103nci \u0219i numeroase panouri informative. Aici afl\u0103m totul despre ciclul de via\u021b\u0103 al p\u0103durii \u0219i numeroasele creaturi care tr\u0103iesc \u00een desi\u0219uri de la insecte \u0219i p\u00e2n\u0103 la mamifere precum vulpi, bursuci, \u0219acali, c\u0103prioare \u0219i mistre\u021bi. Exist\u0103 o posibilitate s\u0103 le z\u0103re\u0219ti \u0219i trebuie s\u0103 \u0219tii neap\u0103rat cu cine ai de-a face.<\/p>\n<div><picture loading=\"lazy\" width=\"1400\" height=\"750\" alt=\"Poteca Teilor FOTO Cosmin Zamfirache\"><source type=\"image\/webp\"  media=\"(min-width: 1400px)\"><source type=\"image\/webp\"  media=\"(min-width: 1000px)\"><source type=\"image\/webp\"  media=\"(min-width: 700px)\"><source type=\"image\/jpeg\"  media=\"(min-width: 1400px)\"><source type=\"image\/jpeg\"  media=\"(min-width: 1000px)\"><source type=\"image\/jpeg\"  media=\"(min-width: 700px)\"><img decoding=\"async\" src=\"https:\/\/cdn.adh.reperio.news\/image-8\/816a5205-9d38-43bd-86b7-be4628c9fb1c\/index.jpeg?p=a%3D1%26co%3D1.05%26w%3D700%26h%3D750%26r%3Dcontain%26f%3Dwebp\" alt=\"Poteca Teilor FOTO Cosmin Zamfirache\" width=\"1400\" height=\"750\" loading=\"lazy\"><\/picture>\n<p>Poteca Teilor FOTO Cosmin Zamfirache<\/p>\n<\/div>\n<p>Pericolul este inexistent, te po\u021bi bucura doar de observarea animalului \u00een natur\u0103. Tot \u00een poian\u0103 g\u0103sim \u0219i o prim\u0103 mostr\u0103 forestier\u0103. Adic\u0103 o bucat\u0103 de trunchi de arbore care se poate vedea \u00een sec\u021biune, amplasat pe un postament. Afl\u0103m tot ce trebuie despre respectiva specie. \u00cen special la \u00eenceputul verii, impactul olfactiv este magie curat\u0103. Aroma teilor, de la care vine \u0219i denumirea potecii tematice, ofer\u0103 o aromaterapie natural\u0103 pe care nu o po\u021bi \u00eent\u00e2lni \u00een prea multe locuri din \u021bar\u0103. Dup\u0103 o perioad\u0103 de relaxare deplin\u0103 \u00een poiana teilor, pute\u021bi porni pe traseu. Acesta este semnalizat cu buline verzi \u0219i are o lungime de 2.5 kilometri. Traseul este extrem de pl\u0103cut \u0219i u\u0219or. F\u0103r\u0103 denivel\u0103ri, poteci bine delimitate \u00een mod natural \u0219i o incursiune prin adev\u0103rate \u201etuneluri\u201d arboricole care \u0219terg orice urm\u0103 de stres.<\/p>\n<div><picture loading=\"lazy\" width=\"1400\" height=\"750\" alt=\"Copiii \u00eenva\u021b\u0103 \u00een mijlocul naturii FOTO Cosmin Zamfirache\"><source type=\"image\/webp\"  media=\"(min-width: 1400px)\"><source type=\"image\/webp\"  media=\"(min-width: 1000px)\"><source type=\"image\/webp\"  media=\"(min-width: 700px)\"><source type=\"image\/jpeg\"  media=\"(min-width: 1400px)\"><source type=\"image\/jpeg\"  media=\"(min-width: 1000px)\"><source type=\"image\/jpeg\"  media=\"(min-width: 700px)\"><img decoding=\"async\" src=\"https:\/\/cdn.adh.reperio.news\/image-c\/c35436bd-cd86-42b2-b3b4-af38d1a8d867\/index.jpeg?p=a%3D1%26co%3D1.05%26w%3D700%26h%3D750%26r%3Dcontain%26f%3Dwebp\" alt=\"Copiii \u00eenva\u021b\u0103 \u00een mijlocul naturii FOTO Cosmin Zamfirache\" width=\"1400\" height=\"750\" loading=\"lazy\"><\/picture>\n<p>Copiii \u00eenva\u021b\u0103 \u00een mijlocul naturii FOTO Cosmin Zamfirache<\/p>\n<\/div>\n<p>Poteca ne poart\u0103 printr-o zon\u0103 de poveste cu arboret, plante de toate felurile, ciuperci care mai de care \u0219i totul \u00eenv\u0103luit \u00een trilurile a numeroase specii de p\u0103s\u0103ri c\u00e2nt\u0103toare. Inclusiv inspira\u021bionala mierl\u0103. <i>\u201eNu ai cum s\u0103 nu te relaxezi. Efectiv este ca \u0219i cum ai face terapie, gratuit, \u00een natur\u0103. Eu am fost vara \u0219i acum toamna. Efectiv ascul\u021bi triluri, aroma de tei care efectiv de \u00eenv\u0103luie \u0219i aerul special de p\u0103dure. O combina\u021bie de arome de p\u0103m\u00e2nt, scoar\u021b\u0103 \u0219i floare de tei. Eu plec vindecat\u0103 de aici. Efectiv z\u00e2mbesc. \u0218i este \u0219i u\u0219or, adic\u0103 eu sunt genul care obosesc repede. Nici nu am sim\u021bit\u201d<\/i>, m\u0103rturise\u0219te o t\u00e2n\u0103r\u0103 boto\u0219\u0103neanc\u0103. <\/p>\n<p>Nu mai vorbim de faptul c\u0103 pe tot drumul ai \u0219ansa de a \u00eenv\u0103\u021ba cam tot ce trebuie despre natur\u0103 \u0219i acest col\u021b de p\u0103dure, cu ajutorul unor panouri de informare, amenaj\u0103ri interactive \u0219i puzzle-uri.<\/p>\n<h2>Un loc magic n\u0103scut din pasiunea pentru educa\u021bie \u0219i natur\u0103<\/h2>\n<p>\u201ePoteca Teilor\u201d este un proiect care s-a n\u0103scut la \u00eenceputul lunii iunie, anul acesta. Este visul \u00eemplinit a unor profesoare de la o \u0219coal\u0103 s\u0103teasc\u0103. Este vorba despre \u0218coala num\u0103rul 1 Or\u0103\u0219eni Deal. Cadrele didactice \u0219i-au dorit s\u0103 le predea elevilor lec\u021bii practice, de biologie dar \u0219i de mediu. Adic\u0103 s\u0103 nu r\u0103m\u00e2n\u0103 doar la informa\u021biile seci din carte. Copiii s\u0103 tr\u0103iasc\u0103 experien\u021ba \u00een mod viu, pe pielea lor, ca parte a unei educa\u021bii moderne, interactive. A\u0219a c\u0103 au \u00eentemeiat \u201eClubul de P\u0103dure\u201d, un fel de grup de cerceta\u0219i. Mai lipsea zona pe care s\u0103 o transforme conform principiilor didactice \u0219i ecologiste. Au scris un proiect \u0219i l-au prezentat unei asocia\u021bii specializate \u00een ecologie. \u0218i au st\u00e2rnit interesul.<\/p>\n<div><picture loading=\"lazy\" width=\"1400\" height=\"750\" alt=\"Amenaj\u0103ri pentru \u00eenv\u0103\u021barea tipului de arbore FOTO Cosmin Zamfirache\"><source type=\"image\/webp\"  media=\"(min-width: 1400px)\"><source type=\"image\/webp\"  media=\"(min-width: 1000px)\"><source type=\"image\/webp\"  media=\"(min-width: 700px)\"><source type=\"image\/jpeg\"  media=\"(min-width: 1400px)\"><source type=\"image\/jpeg\"  media=\"(min-width: 1000px)\"><source type=\"image\/jpeg\"  media=\"(min-width: 700px)\"><img decoding=\"async\" src=\"https:\/\/cdn.adh.reperio.news\/image-6\/6cacbf7f-c408-435a-bb7c-6726b73735ee\/index.jpeg?p=a%3D1%26co%3D1.05%26w%3D700%26h%3D750%26r%3Dcontain%26f%3Dwebp\" alt=\"Amenaj\u0103ri pentru \u00eenv\u0103\u021barea tipului de arbore FOTO Cosmin Zamfirache\" width=\"1400\" height=\"750\" loading=\"lazy\"><\/picture>\n<p>Amenaj\u0103ri pentru \u00eenv\u0103\u021barea tipului de arbore FOTO Cosmin Zamfirache<\/p>\n<\/div>\n<p><i>\u201eS-a n\u0103scut cu o idee \u0219i cu dorin\u021ba noastr\u0103, a mea \u0219i a colegei mele Dana Busuioc de a aduce cumva educa\u021bia pentru mediu mai aproape de copii prin experien\u021be propriu-zise \u0219i nu doar prin pove\u0219ti la clas\u0103. \u0218i atunci ne-am g\u00e2ndit cum s\u0103 facem asta. Trebuia s\u0103 g\u0103sim o bucat\u0103 de p\u0103dure unde s\u0103 lucr\u0103m cu ei. Am scris un proiect, l-am propus unui ONG &#8211; \u201eP\u0103durea de m\u00e2ine\u201d. Lor le-a pl\u0103cut ce-am g\u00e2ndit noi \u0219i ne-au oferit finan\u021bare. Proiectul a debutat anul trecut \u0219i a constat \u00een opt ateliere desf\u0103\u0219urate la noi \u00een \u0219coal\u0103, \u00eentr-o prim\u0103 faz\u0103\u201d,<\/i> m\u0103rturise\u0219te profesoara Monica Drobot\u0103, una dintre ini\u021biatoarele proiectului. <\/p>\n<p>Ulterior, cu sprijinul Direc\u021biei Silvice din Boto\u0219ani au g\u0103sit zona potrivit\u0103 care s\u0103 fie transformat\u0103 \u00eentr-o zon\u0103 tematic\u0103 \u0219i didactic\u0103. P\u0103durea de la Schit-Or\u0103\u0219eni cu leg\u0103tur\u0103 c\u0103tre Codrii Voronei este bogat\u0103 \u00een specii de arbori, ciuperci, p\u0103s\u0103ri \u0219i insecte numai bune de studiat.<\/p>\n<div><picture loading=\"lazy\" width=\"1400\" height=\"750\" alt=\"Panouri interactive FOTO Cosmin Zamfirache\"><source type=\"image\/webp\"  media=\"(min-width: 1400px)\"><source type=\"image\/webp\"  media=\"(min-width: 1000px)\"><source type=\"image\/webp\"  media=\"(min-width: 700px)\"><source type=\"image\/jpeg\"  media=\"(min-width: 1400px)\"><source type=\"image\/jpeg\"  media=\"(min-width: 1000px)\"><source type=\"image\/jpeg\"  media=\"(min-width: 700px)\"><img decoding=\"async\" src=\"https:\/\/cdn.adh.reperio.news\/image-f\/fcaafaed-c1e5-49b6-b11a-f55714f55f23\/index.jpeg?p=a%3D1%26co%3D1.05%26w%3D700%26h%3D750%26r%3Dcontain%26f%3Dwebp\" alt=\"Panouri interactive FOTO Cosmin Zamfirache\" width=\"1400\" height=\"750\" loading=\"lazy\"><\/picture>\n<p>Panouri interactive FOTO Cosmin Zamfirache<\/p>\n<\/div>\n<p>Cu ajutorul elevilor au fost f\u0103cute panouri \u0219i tot felul de amenaj\u0103ri interactive pe tot traseul, cu informa\u021bii educative \u0219i jocuri, verificate din punct de vedere \u0219tiin\u021bific. <i>\u201eAm colaborat cu cei de la Direc\u021bia Silvic\u0103 \u0219i ei ne-au propus acest traseu de 2,4 kilometri fiind aproape \u0219i de urm\u0103toare potec\u0103 tematic\u0103 de la Vorona. Cumva este o leg\u0103tur\u0103 aici \u00een jude\u021b \u00eentre aceste trasee minunate. \u0218i \u00eencet, \u00eencet am g\u00e2ndit cu copiii materialele de pe panouri, am c\u0103utat informa\u021bii despre arbori, am g\u0103sit p\u0103s\u0103rile care tr\u0103iesc aici, am c\u0103utat ciupercile din zon\u0103. Deci toate materialele au fost cercetate \u00een acele ateliere de care v\u0103 povesteam\u201d<\/i>, adaug\u0103 Monica Drobot\u0103.\u00a0<\/p>\n<h2>Un laborator de \u00eenv\u0103\u021bare \u00een aer liber<\/h2>\n<p>Efectiv, \u201ePoteca Teilor\u201d s-a transformat \u00eentr-un laborator \u00een aer liber. Aici copiii \u00eenva\u021b\u0103 totul despre natura din zona lor dar \u0219i, foarte important, despre procesele \u0219i fenomenele naturale care au loc \u00een <a href=\"https:\/\/adevarul.ro\/stiri-locale\/hunedoara\/secretele-padurilor-seculare-din-vremea-dacilor-2359270.html\">p\u0103durile<\/a> de \u0219es \u0219i deal din Rom\u00e2nia. Totul observat \u00een mod practic.<\/p>\n<div><picture loading=\"lazy\" width=\"1400\" height=\"750\" alt=\"C\u0103rarea din mijlocul p\u0103durii FOTO Cosmin Zamfirache\"><source type=\"image\/webp\"  media=\"(min-width: 1400px)\"><source type=\"image\/webp\"  media=\"(min-width: 1000px)\"><source type=\"image\/webp\"  media=\"(min-width: 700px)\"><source type=\"image\/jpeg\"  media=\"(min-width: 1400px)\"><source type=\"image\/jpeg\"  media=\"(min-width: 1000px)\"><source type=\"image\/jpeg\"  media=\"(min-width: 700px)\"><img decoding=\"async\" src=\"https:\/\/cdn.adh.reperio.news\/image-8\/8d2272e6-8ef4-4aa6-9da0-b6ecfeb1648a\/index.jpeg?p=a%3D1%26co%3D1.05%26w%3D700%26h%3D750%26r%3Dcontain%26f%3Dwebp\" alt=\"C\u0103rarea din mijlocul p\u0103durii FOTO Cosmin Zamfirache\" width=\"1400\" height=\"750\" loading=\"lazy\"><\/picture>\n<p>C\u0103rarea din mijlocul p\u0103durii FOTO Cosmin Zamfirache<\/p>\n<\/div>\n<p><i>\u201e\u00cempreun\u0103 cu profesorii \u0219i copii de la\u00a0 \u201eClubul de p\u0103dure\u201d organizat \u00een cadrul \u0218colii num\u0103rul 1 Or\u0103\u0219eni Deal am reu\u0219it, \u00een acest an, s\u0103 ducem la bun sf\u00e2r\u0219it acea \u201ePotec\u0103 a Teilor\u201d, cu caracter didactic, un traseu tematic \u00een cadrul c\u0103ruia copiii au posibilitatea s\u0103 identifice elementele interesante din natur\u0103, practic s\u0103 descopere majoritatea proceselor care au loc \u00een p\u0103dure. Noi suntem la a doua experien\u021b\u0103 de acest gen, mai avem un traseu tematic \u0219i se nume\u0219te \u201eSecretele P\u0103durilor\u201d \u0219i este amenajat la Vorona\u201d<\/i>, spune Marius Havri\u0219, directorul Direc\u021biei Silvice Boto\u0219ani. Cele dou\u0103 trasee sunt accesibile \u0219i sunt apropiate unul de cel\u0103lalt.<\/p>\n<div><picture loading=\"lazy\" width=\"1400\" height=\"750\" alt=\"Pe c\u0103r\u0103rile p\u0103durii FOTO Cosmin Zamfirache\"><source type=\"image\/webp\"  media=\"(min-width: 1400px)\"><source type=\"image\/webp\"  media=\"(min-width: 1000px)\"><source type=\"image\/webp\"  media=\"(min-width: 700px)\"><source type=\"image\/jpeg\"  media=\"(min-width: 1400px)\"><source type=\"image\/jpeg\"  media=\"(min-width: 1000px)\"><source type=\"image\/jpeg\"  media=\"(min-width: 700px)\"><img decoding=\"async\" src=\"https:\/\/cdn.adh.reperio.news\/image-8\/816a5205-9d38-43bd-86b7-be4628c9fb1c\/index.jpeg?p=a%3D1%26co%3D1.05%26w%3D700%26h%3D750%26r%3Dcontain%26f%3Dwebp\" alt=\"Pe c\u0103r\u0103rile p\u0103durii FOTO Cosmin Zamfirache\" width=\"1400\" height=\"750\" loading=\"lazy\"><\/picture>\n<p>Pe c\u0103r\u0103rile p\u0103durii FOTO Cosmin Zamfirache<\/p>\n<\/div>\n<p>Pe traseul \u201eSecretele P\u0103durii\u201d poate fi vizitat \u0219i gorunul secular sub care s-ar fi odihnit domnitorul Alexandru Ioan Cuza, \u00een cadrul unei vizite la aghiotantul s\u0103u Nicolae Pisoski din Boto\u0219ani. Proiectul va fi extins \u0219i la alte zece \u0219coli din jude\u021b. <i>\u201eAnul acesta dorim s\u0103 extindem \u00eenv\u0103\u021barea nu doar la elevii din \u0219coala noastr\u0103 ci \u0219i \u00een jude\u021b. Zece \u0219coli ne-am permis anul acesta s\u0103 aducem \u00een proiect\u201d<\/i>, adaug\u0103 Monica Drobot\u0103. <\/p>\n<p>Este posibil s\u0103 se \u00eencerce amenajarea \u0219i altor poteci tematice av\u00e2nd \u00een vedere frumuse\u021bea codrilor Boto\u0219aniului, dar \u0219i faptul c\u0103 sunt destule arii protejate cu o faun\u0103 \u0219i o flor\u0103 deosebit de interesant\u0103. De men\u021bionat, p\u0103durea de la Or\u0103\u0219eni-Schit este zon\u0103 natural\u0103 protejat\u0103.\u00a0<\/p>\n<\/p><\/div>\n<p><a href=\"https:\/\/adevarul.ro\/stiri-locale\/botosani\/aromaterapie-naturala-in-inima-padurii-locul-din-2483067.html\" class=\"button purchase\" rel=\"nofollow noopener\" target=\"_blank\">Read More<\/a><\/p>\n","protected":false},"excerpt":{"rendered":"<p>n grup de profesori, cu sprijinul unei asocia\u021bii \u0219i a Direc\u021biei Silvice a reu\u0219it s\u0103 amenajeze una dintre cele mai frumose \u0219i educative poteci tematice [&hellip;]<\/p>\n","protected":false},"author":1,"featured_media":8678,"comment_status":"open","ping_status":"open","sticky":false,"template":"","format":"standard","meta":{"_monsterinsights_skip_tracking":false,"footnotes":""},"categories":[6],"tags":[],"class_list":["post-8677","post","type-post","status-publish","format-standard","has-post-thumbnail","hentry","category-popular"],"aioseo_notices":[],"_links":{"self":[{"href":"https:\/\/info-eforie.ro\/index.php\/wp-json\/wp\/v2\/posts\/8677","targetHints":{"allow":["GET"]}}],"collection":[{"href":"https:\/\/info-eforie.ro\/index.php\/wp-json\/wp\/v2\/posts"}],"about":[{"href":"https:\/\/info-eforie.ro\/index.php\/wp-json\/wp\/v2\/types\/post"}],"author":[{"embeddable":true,"href":"https:\/\/info-eforie.ro\/index.php\/wp-json\/wp\/v2\/users\/1"}],"replies":[{"embeddable":true,"href":"https:\/\/info-eforie.ro\/index.php\/wp-json\/wp\/v2\/comments?post=8677"}],"version-history":[{"count":0,"href":"https:\/\/info-eforie.ro\/index.php\/wp-json\/wp\/v2\/posts\/8677\/revisions"}],"wp:featuredmedia":[{"embeddable":true,"href":"https:\/\/info-eforie.ro\/index.php\/wp-json\/wp\/v2\/media\/8678"}],"wp:attachment":[{"href":"https:\/\/info-eforie.ro\/index.php\/wp-json\/wp\/v2\/media?parent=8677"}],"wp:term":[{"taxonomy":"category","embeddable":true,"href":"https:\/\/info-eforie.ro\/index.php\/wp-json\/wp\/v2\/categories?post=8677"},{"taxonomy":"post_tag","embeddable":true,"href":"https:\/\/info-eforie.ro\/index.php\/wp-json\/wp\/v2\/tags?post=8677"}],"curies":[{"name":"wp","href":"https:\/\/api.w.org\/{rel}","templated":true}]}}