{"id":8647,"date":"2025-10-31T05:07:00","date_gmt":"2025-10-31T05:07:00","guid":{"rendered":"https:\/\/info-eforie.ro\/index.php\/2025\/10\/31\/sotii-mame-luptatoare-activiste-femeile-mileniale-care-mentin-ucraina-in-functiune\/"},"modified":"2025-10-31T05:07:00","modified_gmt":"2025-10-31T05:07:00","slug":"sotii-mame-luptatoare-activiste-femeile-mileniale-care-mentin-ucraina-in-functiune","status":"publish","type":"post","link":"https:\/\/info-eforie.ro\/index.php\/2025\/10\/31\/sotii-mame-luptatoare-activiste-femeile-mileniale-care-mentin-ucraina-in-functiune\/","title":{"rendered":"So\u021bii, mame, lupt\u0103toare, activiste: femeile mileniale care men\u021bin Ucraina \u00een func\u021biune"},"content":{"rendered":"<div>\n<p>De la \u00eenceputul invaziei ruse, Ucraina tr\u0103ie\u0219te \u0219i rezist\u0103 nu doar prin solda\u021bii din tran\u0219ee, ci \u0219i prin femeile care, \u00een spatele frontului, \u021bin \u021bara \u00een via\u021b\u0103. Ele au \u00een jur de 30 de ani \u2013 genera\u021bia n\u0103scut\u0103 \u00eentr-o Ucrain\u0103 liber\u0103, crescut\u0103 \u00een haosul anilor \u201990 \u0219i maturizat\u0103 de revolu\u021bii \u0219i r\u0103zboi. Ast\u0103zi sunt cele care adun\u0103 fonduri pentru armat\u0103, conduc ONG-uri, pledeaz\u0103 pentru \u021bara lor \u00een capitalele lumii sau poart\u0103 uniforma militar\u0103.<\/p>\n<div><picture loading=\"eager\" width=\"1400\" height=\"750\" alt=\"Ucrainencele nu au ezitat s\u0103 se \u00eenroleze \u00een armat\u0103\/FOTO:X\"><source type=\"image\/webp\"  media=\"(min-width: 1400px)\"><source type=\"image\/webp\"  media=\"(min-width: 1000px)\"><source type=\"image\/webp\"  media=\"(min-width: 700px)\"><source type=\"image\/jpeg\"  media=\"(min-width: 1400px)\"><source type=\"image\/jpeg\"  media=\"(min-width: 1000px)\"><source type=\"image\/jpeg\"  media=\"(min-width: 700px)\"><img fetchpriority=\"high\" decoding=\"async\" src=\"https:\/\/cdn.adh.reperio.news\/image-2\/2ce2211b-e6d2-4e57-b384-41166facc069\/index.jpeg?p=a%3D1%26co%3D1.05%26w%3D700%26h%3D750%26r%3Dcontain%26f%3Dwebp\" alt=\"Ucrainencele nu au ezitat s\u0103 se \u00eenroleze \u00een armat\u0103\/FOTO:X\" width=\"1400\" height=\"750\" loading=\"eager\"><\/picture>\n<p>Ucrainencele nu au ezitat s\u0103 se \u00eenroleze \u00een armat\u0103\/FOTO:X<\/p>\n<\/div>\n<p>Spre deosebire de b\u0103rba\u021bii lor, care nu pot p\u0103r\u0103si \u021bara \u0219i pot fi mobiliza\u021bi \u00een armat\u0103, femeile ucrainene pot alege: s\u0103 plece sau s\u0103 r\u0103m\u00e2n\u0103, s\u0103 lupte sau nu. Dar fiecare alegere vine cu o doz\u0103 de vinov\u0103\u021bie, cu oboseal\u0103, doliu \u0219i \u00eentreb\u0103ri despre viitor \u2013 dac\u0103 \u0219i c\u00e2nd s\u0103 aib\u0103 copii \u00eentr-o \u021bar\u0103 bombardat\u0103 zilnic, scrie The Guardian.<\/p>\n<h2>\u201eFaci ce trebuie f\u0103cut, nu ce are sens\u201d<\/h2>\n<p>Maria \u0218uvalova, 32 de ani, este editor academic. Dar \u00een ultimii ani, via\u021ba ei nu a mai avut nicio leg\u0103tur\u0103 cu rutina universitar\u0103. Dup\u0103 invazia din 2022, a str\u00e2ns peste 40.000 de dolari pentru a cump\u0103ra veste antiglon\u021b \u2013 echivalentul pre\u021bului apartamentului ei. A convertit banii \u00een criptomonede \u0219i i-a trimis unei fabrici din China.<\/p>\n<p>Pe l\u00e2ng\u0103 munca de zi cu zi, face vluntariat c\u00e2teva ore pe s\u0103pt\u0103m\u00e2n\u0103 la o unitate militar\u0103, scrie o carte, lucreaz\u0103 la un roman postapocaliptic \u0219i vorbe\u0219te cu presa str\u0103in\u0103 despre Ucraina. \u201eNu are nicio logic\u0103 profesional\u0103 s\u0103 faci at\u00e2tea lucruri \u00een paralel\u201d, spune ea, \u201edar pur \u0219i simplu o faci. Pentru c\u0103 trebuie.\u201d<\/p>\n<p>N\u0103scut\u0103 \u00een 1993, Maria a fost marcat\u0103 de tranzi\u021bia s\u0103rac\u0103 a anilor \u201990, c\u00e2nd familiile se zb\u0103teau s\u0103 pun\u0103 m\u00e2ncare pe mas\u0103. \u201eAm \u00eenv\u0103\u021bat devreme s\u0103 m\u0103 descurc. P\u0103rin\u021bii no\u0219tri au muncit non-stop, iar noi, copiii, i-am urmat. Am crescut \u00eentr-o lume f\u0103r\u0103 vacan\u021be, dar cu mult\u0103 responsabilitate.\u201d<\/p>\n<p>Genera\u021bia ei, spune Maria, a fost antrenat\u0103 de mic\u0103 pentru criz\u0103. <i>\u201eCine are acum 30\u201335 de ani \u00een Ucraina a \u00eenv\u0103\u021bat \u00eenc\u0103 din copil\u0103rie s\u0103 gestioneze stresul, s\u0103 ri\u0219te, s\u0103 fac\u0103 zece lucruri deodat\u0103. Nu a fost o alegere, ci o form\u0103 de supravie\u021buire.\u201d<\/i><\/p>\n<h2>\u201eTrebuie s\u0103 te sprijini pe tine \u0219i pe cei pe care \u00eei iube\u0219ti\u201d<\/h2>\n<p>Olena Skirta, tot de 32 de ani, conduce o organiza\u021bie care promoveaz\u0103 \u0219tiin\u021ba \u0219i \u00eei ajut\u0103 pe tinerii ucraineni, mai ales femei refugiate, s\u0103 \u00eenve\u021be programare. \u00centr-o \u021bar\u0103 unde sirenele antiaeriene se aud noapte de noapte, ea \u00eencearc\u0103 s\u0103 planifice o via\u021b\u0103 normal\u0103.<\/p>\n<p><i>\u201eNu \u0219tiu cum a\u0219 putea cre\u0219te un copil aici, \u00een condi\u021biile de acum. Nu po\u021bi merge la ad\u0103post la fiecare alert\u0103. Nu ai somn, nu ai via\u021b\u0103, \u00ee\u021bi pierzi s\u0103n\u0103tatea\u201d<\/i>, spune ea. Totu\u0219i, nu exclude ideea de a deveni mam\u0103. <i>\u201eDac\u0103 peste doi ani situa\u021bia e aceea\u0219i, probabil ne vom muta \u0219i vom construi un ad\u0103post. A\u0219a se tr\u0103ie\u0219te acum \u2013 faci planuri pe jum\u0103tate, dar mergi \u00eenainte.\u201d<\/i><\/p>\n<p>\u00cen biroul ei din centrul Kievului, Olena vorbe\u0219te cu calm. Pere\u021bii albi, ceaiul fierbinte \u0219i laptopurile ascund un detaliu crud:<i> \u201eAceast\u0103 cl\u0103dire a fost bombardat\u0103 \u00een decembrie. Noi doar o folosim temporar, pentru c\u0103 sediul nostru a fost distrus luna trecut\u0103.\u201d<\/i><\/p>\n<h2>\u201eVia\u021ba nu e doar alarme, praf \u0219i \u00eenmorm\u00e2nt\u0103ri\u201d<\/h2>\n<p>Dup\u0103 un deceniu tr\u0103it la Londra, Sa\u0219a Dovj\u00eek, 37 de ani, s-a \u00eentors \u00een Ucraina. Conduce acum un institut cultural la Liov, unde o echip\u0103 t\u00e2n\u0103r\u0103 de femei documenteaz\u0103 r\u0103zboiul.<\/p>\n<p><i>\u201eVreau ca tinerele s\u0103 vad\u0103 c\u0103 pot r\u0103m\u00e2ne aici, c\u0103 pot crea, scrie, cerceta \u2013 c\u0103 via\u021ba \u00een Ucraina nu e doar durere \u0219i pierdere.\u201d<\/i><\/p>\n<p>Presiunea de a avea copii o urm\u0103re\u0219te \u00eens\u0103 zilnic. \u201eO aud peste tot: dac\u0103 nu e\u0219ti \u00een armat\u0103, de ce nu faci copii? Na\u021biunea moare, femeile trebuie s\u0103 nasc\u0103. Nimeni nu le spune asta b\u0103rba\u021bilor. Dac\u0103 ei nu au copii, sunt comp\u0103timi\u021bi. Dac\u0103 noi nu avem, suntem judecate.\u201d<\/p>\n<div><picture loading=\"lazy\" width=\"1400\" height=\"750\" alt=\"ucraina femeie2 jpg\"><source type=\"image\/webp\"  media=\"(min-width: 1400px)\"><source type=\"image\/webp\"  media=\"(min-width: 1000px)\"><source type=\"image\/webp\"  media=\"(min-width: 700px)\"><source type=\"image\/jpeg\"  media=\"(min-width: 1400px)\"><source type=\"image\/jpeg\"  media=\"(min-width: 1000px)\"><source type=\"image\/jpeg\"  media=\"(min-width: 700px)\"><img decoding=\"async\" src=\"https:\/\/cdn.adh.reperio.news\/image-b\/b1e5e847-1c42-496b-9dff-7dfc84ac3fa6\/index.jpeg?p=a%3D1%26co%3D1.05%26w%3D700%26h%3D750%26r%3Dcontain%26f%3Dwebp\" alt=\"ucraina femeie2 jpg\" width=\"1400\" height=\"750\" loading=\"lazy\"><\/picture>\n\t\t\t<\/div>\n<h2>\u201eVia\u021ba perfect\u0103 nu mai exist\u0103. Dar via\u021ba noastr\u0103 e aici\u201d<\/h2>\n<p>Maria Nazarova, 29 de ani, fost medic militar, \u0219i-a dezbr\u0103cat uniforma pentru a-\u0219i aduce pe lume primul copil. \u00cel \u021bine \u00een bra\u021be \u0219i z\u00e2mbe\u0219te: \u201eDac\u0103 am\u00e2n\u0103m totul, nu vom mai tr\u0103i niciodat\u0103. Mama m-a \u00eempins s\u0103 nu a\u0219tept. \u0218i \u00eei mul\u021bumesc.\u201d<\/p>\n<p>S\u0103 plece din Ucraina nu e o op\u021biune pentru ea. <i>\u201eCei mai mul\u021bi dintre cei care au plecat nu tr\u0103iesc mai bine. \u0218i, oricum, familiile militarilor se destram\u0103. So\u021biile \u0219i copiii sunt departe, b\u0103rba\u021bii pe front. Eu nu vreau asta pentru noi.\u201d<\/i><\/p>\n<p>\u0218tie c\u0103 pericolul e real. \u201eDa, po\u021bi fi ucis de o rachet\u0103, dar probabilitatea e totu\u0219i mic\u0103. Nu tr\u0103im cu frica asta zilnic. Tr\u0103im cu decizia de a r\u0103m\u00e2ne.\u201d<\/p>\n<h2>\u201ePrincipalul e s\u0103 ne salv\u0103m copiii\u201d<\/h2>\n<p>Anna Dem\u00eedenko, 40 de ani, fost medic de lupt\u0103, a luat o alt\u0103 decizie dup\u0103 ce o rachet\u0103 a c\u0103zut aproape de \u0219coala fiicei ei. \u201eAm sim\u021bit c\u0103 pot c\u0103ra trupuri moarte, dar nu pot garanta siguran\u021ba propriului copil. A fost momentul c\u00e2nd am trimis-o \u00een Olanda, la bunica ei.\u201d<\/p>\n<p>\u00cen Ucraina, Anna continu\u0103 s\u0103 lucreze pentru o organiza\u021bie dedicat\u0103 veteranilor femei. Pe brelocul ei scrie: \u201e\u00cemi place aceast\u0103 \u021bar\u0103 \u0219i vreau s\u0103 tr\u0103iesc aici.\u201d<\/p>\n<p><i>\u201ePrea mul\u021bi prieteni au murit f\u0103r\u0103 s\u0103 apuce s\u0103 aib\u0103 copii. Pentru noi, s\u0103 ne salv\u0103m copiii e cea mai important\u0103 misiune\u201d<\/i>, spune ea.<\/p>\n<p>Anii de munc\u0103 \u0219i durere \u0219i-au l\u0103sat urmele. \u201eAm avut perioade grele, depresie, alcool\u2026 Acum m-am oprit. \u00cencerc s\u0103 respir.\u201d<\/p>\n<h2>\u201eFemeile millenniale \u00eenfloresc, dar cu pre\u021bul epuiz\u0103rii\u201d<\/h2>\n<p>Irina Gorlaci, 35 de ani, expert\u0103 \u00een cooperare interna\u021bional\u0103, spune c\u0103 r\u0103zboiul a redefinit rolul femeilor din genera\u021bia ei.<\/p>\n<p><i>\u201eConducem comunit\u0103\u021bi, ONG-uri, proiecte interna\u021bionale. Vorbim pentru Ucraina, pentru c\u0103 b\u0103rba\u021bii nu pot pleca din \u021bar\u0103. Dar odat\u0103 cu aceast\u0103 libertate vine o presiune uria\u0219\u0103 \u2013 dubl\u0103, tripl\u0103.\u201d<\/i><\/p>\n<p>Se teme c\u0103 urm\u0103toarea mare criz\u0103 a Ucrainei va fi cea a s\u0103n\u0103t\u0103\u021bii mintale. \u201eSuntem obosite, arse, dar \u00eenc\u0103 motivate. C\u00e2t timp ideea de justi\u021bie \u0219i de demnitate exist\u0103, ne \u021binem de ea,\u201d spune Irina.<\/p>\n<\/p><\/div>\n<p><a href=\"https:\/\/adevarul.ro\/stiri-externe\/europa\/sotii-mame-luptatoare-activiste-femeile-2483277.html\" class=\"button purchase\" rel=\"nofollow noopener\" target=\"_blank\">Read More<\/a><\/p>\n","protected":false},"excerpt":{"rendered":"<p>De la \u00eenceputul invaziei ruse, Ucraina tr\u0103ie\u0219te \u0219i rezist\u0103 nu doar prin solda\u021bii din tran\u0219ee, ci \u0219i prin femeile care, \u00een spatele frontului, \u021bin \u021bara [&hellip;]<\/p>\n","protected":false},"author":1,"featured_media":8648,"comment_status":"open","ping_status":"open","sticky":false,"template":"","format":"standard","meta":{"_monsterinsights_skip_tracking":false,"footnotes":""},"categories":[6],"tags":[],"class_list":["post-8647","post","type-post","status-publish","format-standard","has-post-thumbnail","hentry","category-popular"],"aioseo_notices":[],"_links":{"self":[{"href":"https:\/\/info-eforie.ro\/index.php\/wp-json\/wp\/v2\/posts\/8647","targetHints":{"allow":["GET"]}}],"collection":[{"href":"https:\/\/info-eforie.ro\/index.php\/wp-json\/wp\/v2\/posts"}],"about":[{"href":"https:\/\/info-eforie.ro\/index.php\/wp-json\/wp\/v2\/types\/post"}],"author":[{"embeddable":true,"href":"https:\/\/info-eforie.ro\/index.php\/wp-json\/wp\/v2\/users\/1"}],"replies":[{"embeddable":true,"href":"https:\/\/info-eforie.ro\/index.php\/wp-json\/wp\/v2\/comments?post=8647"}],"version-history":[{"count":0,"href":"https:\/\/info-eforie.ro\/index.php\/wp-json\/wp\/v2\/posts\/8647\/revisions"}],"wp:featuredmedia":[{"embeddable":true,"href":"https:\/\/info-eforie.ro\/index.php\/wp-json\/wp\/v2\/media\/8648"}],"wp:attachment":[{"href":"https:\/\/info-eforie.ro\/index.php\/wp-json\/wp\/v2\/media?parent=8647"}],"wp:term":[{"taxonomy":"category","embeddable":true,"href":"https:\/\/info-eforie.ro\/index.php\/wp-json\/wp\/v2\/categories?post=8647"},{"taxonomy":"post_tag","embeddable":true,"href":"https:\/\/info-eforie.ro\/index.php\/wp-json\/wp\/v2\/tags?post=8647"}],"curies":[{"name":"wp","href":"https:\/\/api.w.org\/{rel}","templated":true}]}}