{"id":8619,"date":"2025-10-30T04:08:36","date_gmt":"2025-10-30T04:08:36","guid":{"rendered":"https:\/\/info-eforie.ro\/index.php\/2025\/10\/30\/cat-de-riscanta-e-numirea-oanei-gheorghiu-pentru-relatia-romaniei-cu-sua-verdictul-unui-fost-consilier-al-lui-trump\/"},"modified":"2025-10-30T04:08:36","modified_gmt":"2025-10-30T04:08:36","slug":"cat-de-riscanta-e-numirea-oanei-gheorghiu-pentru-relatia-romaniei-cu-sua-verdictul-unui-fost-consilier-al-lui-trump","status":"publish","type":"post","link":"https:\/\/info-eforie.ro\/index.php\/2025\/10\/30\/cat-de-riscanta-e-numirea-oanei-gheorghiu-pentru-relatia-romaniei-cu-sua-verdictul-unui-fost-consilier-al-lui-trump\/","title":{"rendered":"C\u00e2t de riscant\u0103 e numirea Oanei Gheorghiu pentru rela\u021bia Rom\u00e2niei cu SUA. Verdictul unui fost consilier al lui Trump"},"content":{"rendered":"<div>\n<p>Premierul<br \/>\nBolojan a vrut-o pe Oana Gheorghiu \u00een func\u021bia de vicepremier, dar<br \/>\nexist\u0103 voci ce sus\u021bin c\u0103 acest lucru ar compromite rela\u021bia cu<br \/>\nSUA, \u0219tiut fiind c\u0103 aceasta este o mare critic\u0103 a<br \/>\npre\u0219edintelui Trump. Politologul Greg Sc\u0103rl\u0103toiu, rom\u00e2nul care<br \/>\nl-a consiliat pe Trump \u00een primul mandat, \u0219i expertul \u00een securitate<br \/>\nHari Bucur Marcu explic\u0103, pentru \u201eAdev\u0103rul\u201d, ce risc\u0103 Rom\u00e2nia<br \/>\ndac\u0103 premierul nu va renun\u021ba la aceast\u0103 op\u021biune.<\/p>\n<div><picture loading=\"eager\" width=\"1400\" height=\"750\" alt=\"Sute de militari americani pleac\u0103 din Rom\u00e2nia. FOTO: Arhiv\u0103\"><source type=\"image\/webp\"  media=\"(min-width: 1400px)\"><source type=\"image\/webp\"  media=\"(min-width: 1000px)\"><source type=\"image\/webp\"  media=\"(min-width: 700px)\"><source type=\"image\/jpeg\"  media=\"(min-width: 1400px)\"><source type=\"image\/jpeg\"  media=\"(min-width: 1000px)\"><source type=\"image\/jpeg\"  media=\"(min-width: 700px)\"><img fetchpriority=\"high\" decoding=\"async\" src=\"https:\/\/cdn.adh.reperio.news\/image-b\/bc8d89d4-a2ed-4db9-bacd-4eee35262c55\/index.jpeg?p=a%3D1%26co%3D1.05%26w%3D700%26h%3D750%26r%3Dcontain%26f%3Dwebp\" alt=\"Sute de militari americani pleac\u0103 din Rom\u00e2nia. FOTO: Arhiv\u0103\" width=\"1400\" height=\"750\" loading=\"eager\"><\/picture>\n<p>Sute de militari americani pleac\u0103 din Rom\u00e2nia. FOTO: Arhiv\u0103<\/p>\n<\/div>\n<p>Prim-ministrul<br \/>\nIlie Bolojan a trimis, mar\u021bi, Administra\u0163iei Preziden\u0163iale<br \/>\npropunerea pentru ocuparea postului vacant de viceprim-ministru, unde<br \/>\na v\u0103zut-o cea mai potrivit\u0103 pe Oana Gheorghiu, co-fondatoare \u015fi<br \/>\nco-pre\u015fedint\u0103 a Asocia\u0163iei D\u0103ruie\u015fte Via\u0163\u0103. Propunerea lui<br \/>\nBolojan pare c\u0103 a fost primit\u0103 cu deschidere de pre\u0219edinte, care a<br \/>\n\u0219i semnat miercuri, 29 octombrie, decretul de numire \u00een func\u021bie,<br \/>\nGheorghiu urm\u00e2nd s\u0103 depun\u0103 joi diminea\u021b\u0103 jur\u0103m\u00e2ntul la<br \/>\nCotroceni.<\/p>\n<h2>O numire controversat\u0103<\/h2>\n<p> Numirea este una controversat\u0103, \u00een condi\u021biile \u00een care<br \/>\nGheorghiu s-a remarcat prin post\u0103ri extrem de critice la adresa<br \/>\npre\u0219edintelui Donald Trump \u0219i a vicepre\u0219edintelui JD Vance.\n<\/p>\n<p><i>\u201eNarcisismul, nebunia \u0219i impostura distrug lumea. S\u0103 faci sluj \u00een fa\u021ba unui dictator criminal \u0219i s\u0103 calci \u00een picioare un om deja aflat \u00een cea mai vulnerabil\u0103 situa\u021bie, asta \u00eenseamn\u0103 s\u0103 fii un caracter mizerabil. Un caracter mizerabil, care a ajuns s\u0103 conduc\u0103 o \u021bar\u0103, care a fost c\u00e2ndva mare. Este incredibil prin ce trece \u0412\u043e\u043b\u043e\u0434\u0438\u043c\u0438\u0440 \u0437\u0435\u043b\u0435\u043d\u0441\u044c\u043a\u0438\u0439, Volodimir Zelenski este incredibil cum doi golani, ajun\u015fi la Casa Alb\u0103, trateaz\u0103 un om\u201d<\/i>, a scris Oana Gheorghiu atunci, f\u0103r\u0103 s\u0103 b\u0103nuiasc\u0103 m\u0103car c\u0103 \u00eentr-o zi acest lucru ar putea s\u0103 d\u0103uneze rela\u021biilor \u0219i a\u0219a greu \u00eencercate cu Statele Unite ale Americii.<\/p>\n<div><picture loading=\"lazy\" width=\"1400\" height=\"750\" alt=\"Oana Gheorghiu\"><source type=\"image\/webp\"  media=\"(min-width: 1400px)\"><source type=\"image\/webp\"  media=\"(min-width: 1000px)\"><source type=\"image\/webp\"  media=\"(min-width: 700px)\"><source type=\"image\/jpeg\"  media=\"(min-width: 1400px)\"><source type=\"image\/jpeg\"  media=\"(min-width: 1000px)\"><source type=\"image\/jpeg\"  media=\"(min-width: 700px)\"><img decoding=\"async\" src=\"https:\/\/cdn.adh.reperio.news\/image-3\/3289b4b0-5ca4-48fc-be7d-e4d2516ded32\/index.jpeg?p=a%3D1%26co%3D1.05%26w%3D700%26h%3D750%26r%3Dcontain%26f%3Dwebp\" alt=\"Oana Gheorghiu\" width=\"1400\" height=\"750\" loading=\"lazy\"><\/picture>\n<p>Oana Gheorghiu<\/p>\n<\/div>\n<p>Astfel, exist\u0103 temeri c\u0103 administra\u021bia de la Washington va percepe<br \/>\naceast\u0103 numire ca pe un gest profund antiamerican. Subiectul a<br \/>\ndevenit \u0219i mai delicat, \u00een condi\u021biile \u00een care \u00een aceea\u0219i zi au<br \/>\nap\u0103rut informa\u021bii cu privire la retragerea par\u021bial\u0103 a trupelor<br \/>\namericane sta\u021bionate \u00een Rom\u00e2nia. \u00cenc\u0103<br \/>\nde mar\u021bi seara, pre\u015fedintele PSD, Sorin Grindeanu, a cerut<br \/>\nretragerea nominaliz\u0103rii Oanei Gheorghiu pentru func\u0163ia<br \/>\nvicepremier, \u201e<i>pentru a evita s\u0103 compromitem rela\u0163ia cu Statele<br \/>\nUnite ale Americii \u015fi s\u0103 nu ne \u00eendrept\u0103m spre un dezastru<br \/>\nireparabil diplomatic\u201d<\/i>.<\/p>\n<p>Oana Gheorghiu a reac\u021bionat la criticile aduse de<br \/>\nSorin Grindeanu \u0219i a postat pe Facebook c\u00e2teva r\u00e2nduri \u00een care a<br \/>\n\u00eencercat s\u0103 se explice.<\/p>\n<p>\u201e<i>Nimic<br \/>\ndin ceea ce am scris pe pagina mea personal\u0103 de Facebook \u00eenainte de<br \/>\npreluarea func\u021biei de vicepremier nu angajeaz\u0103 \u00een niciun fel<br \/>\nstatul rom\u00e2n sau Guvernul Rom\u00e2niei. Toate comentariile \u0219i<br \/>\npost\u0103rile mele au reprezentat opiniile personale ale unui cet\u0103\u021bean<br \/>\nrom\u00e2n, membru al societ\u0103\u021bii civile, care s-a exprimat pe contul<br \/>\ns\u0103u de social media, \u00een anumite situa\u021bii, \u00een virtutea dreptului<br \/>\ns\u0103u la liber\u0103 exprimare. Postarea<br \/>\ncare a st\u00e2rnit acum reac\u021bii critice a fost f\u0103cut\u0103 \u00eentr-un<br \/>\ncontext emo\u021bional foarte \u00eenc\u0103rcat, \u00eent\u00e2lnirea din februarie, din<br \/>\nBiroul Oval, cu pre\u0219edintele Zelenski, ceea ce a avut un impact<br \/>\ndirect asupra modului \u00een care a fost formulat\u0103. Nu am fost singura<br \/>\ncare a fost tulburat\u0103 de acel eveniment.<br \/>\nDesigur,<br \/>\nprivind \u00eenapoi, nu a\u0219 mai scrie \u00een aceia\u0219i termeni, chiar \u0219i<br \/>\nf\u0103r\u0103 s\u0103 fiu numit\u0103 \u00eentr-o func\u021bie public\u0103.<\/i><\/p>\n<p><i>Dincolo<br \/>\nde emo\u021biile de moment, r\u0103m\u00e2ne respectul meu profund pentru Statele<br \/>\nUnite ale Americii, recuno\u0219tin\u021ba pentru contribu\u021bia pe care SUA au<br \/>\navut-o constant la securitatea euro-atlantic\u0103, deci, implicit, \u0219i a<br \/>\nRom\u00e2niei, precum \u0219i \u00eencrederea \u00een parteneriatul strategic dintre<br \/>\nRom\u00e2nia \u0219i SUA. Dac\u0103<br \/>\nvoi fi numit\u0103 \u00een func\u021bia de vicepremier, voi sus\u021bine \u0219i voi<br \/>\nreprezenta cu loialitate pozi\u021bia Guvernului Rom\u00e2niei \u00een rela\u021bia<br \/>\ncu SUA \u0219i cu Administra\u021bia Trump\u201d, a<\/i> scris <a href=\"https:\/\/adevarul.ro\/politica\/prima-reactie-a-oanei-gheorghiu-dupa-ce-grindeanu-2482884.html\">Oana Gheorghiu<\/a> pe<br \/>\npagina sa de Facebook.<\/p>\n<p>\u00centr-o<br \/>\nspe\u021b\u0103 complicat\u0103, \u201eAdev\u0103rul\u201d apeleaz\u0103 la doi cunoscu\u021bi<br \/>\nexper\u021bi, politologul Greg Sc\u0103rl\u0103toiu \u0219i expertul \u00een securitate<br \/>\nHari Bucur Marcu.<\/p>\n<h2>\u201eInsultele \u00een rela\u021biile interna\u021bionale cost\u0103 mult\u201d<\/h2>\n<p>Politologul<br \/>\namerican de origine rom\u00e2n\u0103 Greg Sc\u0103rl\u0103toiu este CEO al<br \/>\nComitetului pentru Drepturile Omului din Coreea de Nord (HRNK) din<br \/>\nWashington, D.C, \u0219i a fost consilierul administra\u021biei Trump, \u00een<br \/>\nprimul mandat, pe probleme ce \u021bin de Coreea de Nord.<\/p>\n<p>Expertul<br \/>\navertizeaz\u0103 \u00een privin\u021ba riscurilor pe care le poate implica<br \/>\ndecizia autorit\u0103\u021bilor rom\u00e2ne. <i>\u201eInsultele<br \/>\n\u00een rela\u021biile interna\u021bionale cost\u0103 mult. \u00cen special \u00een contextul<br \/>\nunei rela\u021bii cu o supra putere mondial\u0103, aliatul principal al<br \/>\nRom\u00e2niei. Mare aten\u021bie. Nu vrem s\u0103 sacrific\u0103m securitatea<br \/>\nna\u021bional\u0103 a Rom\u00e2niei din pricina unor afirma\u021bii nes\u0103buite<\/i>\u201d,<br \/>\npuncteaz\u0103 Sc\u0103rl\u0103toiu.<\/p>\n<div><picture loading=\"lazy\" width=\"1400\" height=\"750\" alt=\"Greg Sc\u0103rl\u0103toiu \u00een timpul unui discurs \u021binut la ONU. FOTO; Arhiv\u0103 personal\u0103\"><source type=\"image\/webp\"  media=\"(min-width: 1400px)\"><source type=\"image\/webp\"  media=\"(min-width: 1000px)\"><source type=\"image\/webp\"  media=\"(min-width: 700px)\"><source type=\"image\/jpeg\"  media=\"(min-width: 1400px)\"><source type=\"image\/jpeg\"  media=\"(min-width: 1000px)\"><source type=\"image\/jpeg\"  media=\"(min-width: 700px)\"><img decoding=\"async\" src=\"https:\/\/cdn.adh.reperio.news\/image-c\/cc2cb95e-51f5-4937-afac-50c03ed3061d\/index.jpeg?p=a%3D1%26co%3D1.05%26w%3D700%26h%3D750%26r%3Dcontain%26f%3Dwebp\" alt=\"Greg Sc\u0103rl\u0103toiu \u00een timpul unui discurs \u021binut la ONU. FOTO; Arhiv\u0103 personal\u0103\" width=\"1400\" height=\"750\" loading=\"lazy\"><\/picture>\n<p>Greg Sc\u0103rl\u0103toiu \u00een timpul unui discurs \u021binut la ONU. FOTO; Arhiv\u0103 personal\u0103<\/p>\n<\/div>\n<p>\u0218i<br \/>\nHari Bucur Marcu, cunoscut expert \u00een securitate, se arat\u0103 surprins<br \/>\nde decizia premierului \u0219i spune c\u0103 Rom\u00e2nia nu a reu\u0219it deocamdat\u0103<br \/>\ns\u0103 \u00ee\u0219i justifice anumite decizii pe care americanii le consider\u0103<br \/>\nprofund anti democratice.<\/p>\n<p><i>\u201eHabar<br \/>\nn-am ce vor cei de la guvernare. Vorbim de o guvernare care nu are<br \/>\nnicio leg\u0103tur\u0103 cu mandatul parlamentarilor \u0219i nu are nici m\u0103car<br \/>\nacordul pre\u0219edintelui ales al Rom\u00e2niei pentru o mul\u021bime de<br \/>\nlucruri. Func\u021bia de vicepremier \u00eenseamn\u0103 acces la puterea<br \/>\ngeneral-executiv\u0103. Pur \u0219i simplu se pare c\u0103 Bolojan nu are cui<br \/>\naltcuiva s\u0103 \u00eei dea aceast\u0103 func\u021bie dec\u00e2t unei persoane care l-a<br \/>\ninsultat public pe Trump.<br \/>\nBine,<br \/>\nBolojan putea s\u0103 g\u0103seasc\u0103 pe oricine altcineva, c\u0103 tot doamna e<br \/>\nun fel de sinecur\u0103<\/i>\u201d, spune Hari Bucur Marcu.<\/p>\n<h2>Antiamericanismul e tot mai puternic \u00een Rom\u00e2nia<\/h2>\n<p>Expertul<br \/>\nspune c\u0103 acest lucru arat\u0103 c\u0103 partida antiamerican\u0103 din Rom\u00e2nia<br \/>\neste \u00een ascensiune.\n<\/p>\n<p><i>\u201eAsupra<br \/>\npersoanei, asupra acestei doamne, nu m\u0103 pot pronun\u021ba, dar \u0219tim c\u0103<br \/>\nare o viziune despre politic\u0103 pe care nu \u0219i-a manifestat-o p\u00e2n\u0103<br \/>\nacum prin intrarea \u00eentr-un partid. Pe de alt\u0103 parte, e \u00eengrijor\u0103tor<br \/>\nc\u0103 \u00een Rom\u00e2nia foarte mul\u021bi intelectuali se exprim\u0103 foarte ur\u00e2t<br \/>\nla adresa lui Trump \u0219i a administra\u021biei americane, de parc\u0103 le-ar<br \/>\nfi f\u0103cut vreun r\u0103u sau i-ar fi afectat cu ceva. Culmea, asta \u00een<br \/>\ncondi\u021biile \u00een care Trump, \u00eentr-adev\u0103r, are ni\u0219te rezultate de<br \/>\nexcep\u021bie pe plan interna\u021bional. Sunt de ne\u00een\u021beles<\/i>\u201d, mai spune<br \/>\nexpertul.<\/p>\n<p>Hari<br \/>\nBucur Marcu sus\u021bine c\u0103 americanii a\u0219teapt\u0103 \u00een continuare anumite<br \/>\nl\u0103muriri din partea Guvernului Bolojan.<\/p>\n<p><i>\u201eAmericanii,<br \/>\n\u00een continuare, a\u0219teapt\u0103 de la noi s\u0103-i l\u0103murim ce a fost \u00een<br \/>\ndecembrie cu hot\u0103r\u00e2rea Cur\u021bii Constitu\u021bionale a Rom\u00e2niei de<br \/>\nanulare a actului electoral preziden\u021bial, f\u0103r\u0103 s\u0103 existe un<br \/>\nmecanism pentru asta, o lege, o prevedere constitu\u021bional\u0103. Ceva<br \/>\nacum, c\u00e2t de c\u00e2t.\u00a0 Guvernul care s-a format dup\u0103 1 decembrie, mai ales dup\u0103 ce a venit<br \/>\npre\u0219edinte domnul Nicu\u0219or Dan, nu a f\u0103cut absolut niciun gest de a<br \/>\nrezolva aceast\u0103 problem\u0103, ci din contr\u0103, l-au pus pe procurorul<br \/>\ngeneral s\u0103 vin\u0103 el cu o explica\u021bie. Americanii nu sunt de acord cu<br \/>\nfaptul c\u0103 noi am decis s\u0103 anul\u0103m procesul electoral, s\u0103 suspend\u0103m<br \/>\ndemocra\u021bia reprezentativ\u0103 preziden\u021bial\u0103 pentru 6 luni. V\u0103 da\u021bi<br \/>\nseama c\u0103 nu uit\u0103 chestia asta, dar a\u0219teapt\u0103 cu<br \/>\nr\u0103bdare, c\u0103 nu au un interes prea mare pentru Rom\u00e2nia\u201d<\/i>, mai<br \/>\nspune Hari Bucur Marcu.<\/p>\n<p>Cu<br \/>\ntoate acestea, niciunul nu leag\u0103 decizia Statelor Unite ale Americii<br \/>\nde a-\u0219i retrage o parte din militari de numirea Oanei Gheorghiu \u00een<br \/>\nfunc\u021bia de vicepremier sau de alte eventuale ne\u00een\u021belegeri cu<br \/>\nadministra\u021bia Trump.<\/p>\n<h2>Americanii nu ne vor abandona \u00een ghearele Rusiei<\/h2>\n<p>\u00cen<br \/>\nce prive\u0219te discu\u021bia mai veche cu privire la faptul c\u0103 Statele<br \/>\nUnite ale Americii ar fi dispuse s\u0103 abandoneze Rom\u00e2nia \u0219i alte<br \/>\nstate est-europene \u00een ghearele Rusiei, Greg Sc\u0103rl\u0103toiu spune c\u0103<br \/>\neste din start un mod gre\u0219it de a \u00een\u021belege problema. Donald Trump,<br \/>\nmai spune el, nu \u00ee\u0219i va abandona niciun aliat \u0219i nu se pune<br \/>\nproblema s\u0103 fac\u0103 vreo concesie Rusiei.<\/p>\n<p><i>\u201eNu<br \/>\nse pune problema ca Trump s\u0103 \u00ee\u0219i lase alia\u021bii \u00een bra\u021bele<br \/>\nRusiei. Nici Rom\u00e2nia \u0219i nici o alt\u0103 \u021bar\u0103 din Europa nu trebuie<br \/>\ns\u0103-\u0219i fac\u0103 griji \u00een aceast\u0103 privin\u021b\u0103. Eu nu v\u0103d acest risc<br \/>\nabsolut deloc. Trump nu le-a spus \u00een niciun caz europenilor s\u0103 se<br \/>\npredea lui Putin cu arme \u0219i bagaje. Din contr\u0103, Trump le-a spus s\u0103<br \/>\nse \u00eenarmeze, s\u0103 fie mai puternici. \u0218i le-a spus asta \u00eenc\u0103 de pe<br \/>\nvremea primei sale administra\u021bii, Trump<br \/>\n45. Le-a spus-o<br \/>\nclar tuturor. \u0218i le-a spus europenilor c\u0103 prea mult\u0103 prietenie cu<br \/>\nRusia nu duce la nimic bun. Le-a spus de exemplu germanilor c\u0103<br \/>\ndependen\u021ba de gazele ruse\u0219ti este nes\u0103n\u0103toas\u0103 \u0219i periculoas\u0103,<br \/>\niar drept r\u0103spuns nem\u021bii i-au r\u00e2s \u00een fa\u021b\u0103 \u0219i \u0219i-au b\u0103tut joc<br \/>\nde el. Acum vedem c\u0103 tot ei au ajuns s\u0103 \u021bipe c\u0103 America nu \u00eei<br \/>\nmai ap\u0103r\u0103, dar nu e a\u0219a. America va continua, \u0219i sub Donald<br \/>\nTrump, s\u0103 fie cel mai important aliat al Uniunii Europene. O<br \/>\nretragere pe aliniamentul NATO din 1997 nu este \u00een planul actualei<br \/>\nadministra\u021bii de la Washington, nu este luat deloc \u00een calcule<\/i>\u201d, <a href=\"https:\/\/adevarul.ro\/stiri-interne\/evenimente\/consilierul-roman-al-lui-trump-dezvaluie-2423533.html\">a<br \/>\nexplicat Greg Sc\u0103rl\u0103toiu.<br \/>\n<\/a><\/p>\n<p>\u0218i<br \/>\nHari Bucur Marcu consider\u0103 c\u0103 americanii vor r\u0103m\u00e2ne al\u0103turi de<br \/>\nRom\u00e2nia. El consider\u0103 c\u0103 nu se pune problema unui abandon.<\/p>\n<p><i>\u201eAmericanii<br \/>\nau o prezen\u021b\u0103 decis\u0103 bilateral. Adic\u0103, \u00een acord cu Rom\u00e2nia, pe<br \/>\nteritoriul Rom\u00e2niei. Aici folosesc ni\u0219te baze militare, pentru<br \/>\nmisiuni na\u021bionale americane. Deci nu este ca \u0219i cum Rom\u00e2nia, ca<br \/>\n\u021bar\u0103 gazd\u0103, ar avea \u00eempreun\u0103 cu americanii o misiune comun\u0103,<br \/>\npornind de la baza Mihail Kog\u0103lniceanu\u201d,<\/i> adaug\u0103 Hari Bucur Marcu.<\/p>\n<h2>O decizie pornit\u0103 de Obama \u0219i pus\u0103 \u00een practic\u0103 de Trump<\/h2>\n<p>\u00cen<br \/>\nplus, decizia americanilor de a se retrage treptat din Europa a fost<br \/>\nanun\u021bat\u0103 \u00eenc\u0103 din timpul mandatului fostului pre\u0219edinte Barack<br \/>\nObama. Tot atunci a fost luat\u0103 decizia a\u0219a-numitului \u201epivot\u201d<br \/>\nspre zona Indo-Pacific. Apoi, odat\u0103 cu al doilea mandat al<br \/>\npre\u0219edintelui Donald Trump, la Washington s-a decis doar s\u0103 se<br \/>\naccelereze aceast\u0103 politic\u0103.<\/p>\n<div><picture loading=\"lazy\" width=\"1400\" height=\"735\" alt=\"Hari Bucur Marcu. FOTO: Adev\u0103rul\"><source type=\"image\/webp\"  media=\"(min-width: 1400px)\"><source type=\"image\/webp\"  media=\"(min-width: 1000px)\"><source type=\"image\/webp\"  media=\"(min-width: 700px)\"><source type=\"image\/jpeg\"  media=\"(min-width: 1400px)\"><source type=\"image\/jpeg\"  media=\"(min-width: 1000px)\"><source type=\"image\/jpeg\"  media=\"(min-width: 700px)\"><img decoding=\"async\" src=\"https:\/\/cdn.adh.reperio.news\/image-4\/45f6f7c5-743f-4747-b7c8-e563429f2b97\/index.jpeg?p=a%3D1%26co%3D1.05%26w%3D700%26h%3D735%26r%3Dcontain%26f%3Dwebp\" alt=\"Hari Bucur Marcu. FOTO: Adev\u0103rul\" width=\"1400\" height=\"735\" loading=\"lazy\"><\/picture>\n<p>Hari Bucur Marcu. FOTO: Adev\u0103rul<\/p>\n<\/div>\n<p><i>\u201eAmericanii<br \/>\nau convins cu greu na\u021biunile europene s\u0103-\u0219i schimbe atitudinea \u0219i s\u0103 creasc\u0103 propriile eforturi de<br \/>\nap\u0103rare, s\u0103 fac\u0103 ceea ce e necesar pentru a-\u0219i cre\u0219te<br \/>\nputerea militar\u0103 \u0219i s\u0103 nu mai a\u0219tepte totul exclusiv de la ei. \u00cen ce prive\u0219te baza de la Kog\u0103lniceanu, s-a<br \/>\n\u0219tiut de la \u00eenceput c\u0103 americanii sunt interesa\u021bi s\u0103 aib\u0103 acolo<br \/>\no prezen\u021b\u0103 militar\u0103 pentru a-\u0219i sus\u021bine efortul din Afganistan<br \/>\n\u0219i pentru Iran. \u00cens\u0103 tensiunile s-au mai risipit, a\u0219a c\u0103<br \/>\namericanii nu mai consider\u0103 necesar\u0103 o prezen\u021b\u0103 la fel de mare \u00een<br \/>\nbaza Kog\u0103lniceanu. Asta nu \u00eenseamn\u0103 \u00eens\u0103 c\u0103 pe viitor, \u00een<br \/>\nfunc\u021bie de ceea ce se va \u00eent\u00e2mpla, americanii nu \u00ee\u0219i pot<br \/>\nsuplimenta din nou prezen\u021ba\u201d<\/i>, puncteaz\u0103 Hari Bucur Marcu.<\/p>\n<p>Expertul<br \/>\nprecizeaz\u0103 c\u0103 trupele militare americane vor continua s\u0103 fie<br \/>\nprezente \u0219i \u00een bazele militare de la C\u00e2mpia Turzii \u0219i Deveselu.\n<\/p>\n<p><i>\u201eS\u0103<br \/>\nnu uit\u0103m c\u0103 americanii continu\u0103 s\u0103 fie prezen\u021bi \u00een alte baze<br \/>\nmilitare, nu se pune problema s\u0103 plece to\u021bi. Pe de alt\u0103 parte,<br \/>\namericanii \u0219i-au retras trupe \u0219i din alte state de pe flancul<br \/>\nestic\u201d, <\/i>adaug\u0103 expertul.<\/p>\n<p>Un<br \/>\ncaz interesant este Ungaria, \u021bar\u0103 cu care Statele Unite ale<br \/>\nAmericii are o rela\u021bie excelent\u0103, la fel cum Donald Trump \u0219i<br \/>\npremierul ungar Viktor Orban au o rela\u021bie privilegiat\u0103. Cu toate<br \/>\nacestea, americanii \u00ee\u0219i retrag \u0219i o bun\u0103 parte din trupele<br \/>\nprezente \u00een Ungaria.\n<\/p>\n<p><i>\u201e\u00cenc\u0103<br \/>\no dat\u0103, Statele Unite ale Americii nu au absolut nimic cu Rom\u00e2nia,<br \/>\n\u00een sensul c\u0103 nu au nimic \u00eempotriva noastr\u0103. Din contr\u0103. Acum,<br \/>\ntrebuie s\u0103 se \u0219tie c\u0103 americanii se pot \u00eentoarce oric\u00e2nd e<br \/>\nnevoie \u00een aceste state din estul Europei, inclusiv \u00een Rom\u00e2nia\u201d<\/i>,<br \/>\n\u00eencheie Hari Bucur Marcu.<\/p>\n<\/p><\/div>\n<p><a href=\"https:\/\/adevarul.ro\/stiri-interne\/evenimente\/cat-de-riscanta-e-numirea-oanei-gheorghiu-pentru-2483061.html\" class=\"button purchase\" rel=\"nofollow noopener\" target=\"_blank\">Read More<\/a><\/p>\n","protected":false},"excerpt":{"rendered":"<p>Premierul Bolojan a vrut-o pe Oana Gheorghiu \u00een func\u021bia de vicepremier, dar exist\u0103 voci ce sus\u021bin c\u0103 acest lucru ar compromite rela\u021bia cu SUA, \u0219tiut [&hellip;]<\/p>\n","protected":false},"author":1,"featured_media":8620,"comment_status":"open","ping_status":"open","sticky":false,"template":"","format":"standard","meta":{"_monsterinsights_skip_tracking":false,"footnotes":""},"categories":[6],"tags":[],"class_list":["post-8619","post","type-post","status-publish","format-standard","has-post-thumbnail","hentry","category-popular"],"aioseo_notices":[],"_links":{"self":[{"href":"https:\/\/info-eforie.ro\/index.php\/wp-json\/wp\/v2\/posts\/8619","targetHints":{"allow":["GET"]}}],"collection":[{"href":"https:\/\/info-eforie.ro\/index.php\/wp-json\/wp\/v2\/posts"}],"about":[{"href":"https:\/\/info-eforie.ro\/index.php\/wp-json\/wp\/v2\/types\/post"}],"author":[{"embeddable":true,"href":"https:\/\/info-eforie.ro\/index.php\/wp-json\/wp\/v2\/users\/1"}],"replies":[{"embeddable":true,"href":"https:\/\/info-eforie.ro\/index.php\/wp-json\/wp\/v2\/comments?post=8619"}],"version-history":[{"count":0,"href":"https:\/\/info-eforie.ro\/index.php\/wp-json\/wp\/v2\/posts\/8619\/revisions"}],"wp:featuredmedia":[{"embeddable":true,"href":"https:\/\/info-eforie.ro\/index.php\/wp-json\/wp\/v2\/media\/8620"}],"wp:attachment":[{"href":"https:\/\/info-eforie.ro\/index.php\/wp-json\/wp\/v2\/media?parent=8619"}],"wp:term":[{"taxonomy":"category","embeddable":true,"href":"https:\/\/info-eforie.ro\/index.php\/wp-json\/wp\/v2\/categories?post=8619"},{"taxonomy":"post_tag","embeddable":true,"href":"https:\/\/info-eforie.ro\/index.php\/wp-json\/wp\/v2\/tags?post=8619"}],"curies":[{"name":"wp","href":"https:\/\/api.w.org\/{rel}","templated":true}]}}