{"id":8615,"date":"2025-10-30T03:07:24","date_gmt":"2025-10-30T03:07:24","guid":{"rendered":"https:\/\/info-eforie.ro\/index.php\/2025\/10\/30\/alerta-pentru-grozavu-si-fc-botosani-de-ce-lovitura-primita-de-lider-e-mai-dura-decat-se-crede\/"},"modified":"2025-10-30T03:07:24","modified_gmt":"2025-10-30T03:07:24","slug":"alerta-pentru-grozavu-si-fc-botosani-de-ce-lovitura-primita-de-lider-e-mai-dura-decat-se-crede","status":"publish","type":"post","link":"https:\/\/info-eforie.ro\/index.php\/2025\/10\/30\/alerta-pentru-grozavu-si-fc-botosani-de-ce-lovitura-primita-de-lider-e-mai-dura-decat-se-crede\/","title":{"rendered":"Alert\u0103 pentru Grozavu \u0219i FC Boto\u0219ani. De ce lovitura primit\u0103 de lider e mai dur\u0103 dec\u00e2t se crede"},"content":{"rendered":"<div>\n<p><strong>Antrenorul liderului FC Boto\u0219ani a pierdut un juc\u0103tor esen\u021bial pentru cel pu\u021bin trei luni \u0219i e pus \u00een fa\u021ba unei alegeri dificile: va sl\u0103bi flancul drept al defensivei sau va lua din for\u021ba de atac a celei mai bune linii ofensive a campionatului?<\/strong><\/p>\n<p><a href=\"https:\/\/www.sport.ro\/liga-1\/de-la-lazio-direct-in-superliga-a-semnat-e-fotbalist-bun-pentru-orice-echipa.html\" rel=\"noopener noreferrer\"><strong>Ap\u0103r\u0103torul dreapta, crescut de FC Boto\u0219ani \u0219i trecut pe la Lazio<\/strong><\/a>, a fost de departe surpriza sezonului \u00een Superlig\u0103, impresion\u00e2nd \u00een meciurile \u00een care a fost chiar integralist pentru liderul campionatului. La finalul partidei cu Hermannstadt, Leo Grozavu s-a ar\u0103tat foarte sup\u0103rat pentru pierderea suferit\u0103, iar atitudinea nervoas\u0103 a antrenorului trebuie pus\u0103 pe seama solu\u021biilor pu\u021bine pe care le are pentru \u00eenlocuirea lui Ila\u0219.<\/p>\n<ul>\n<li><a href=\"https:\/\/www.sport.ro\/liga-1\/ce-urmeaza-pentru-noua-stea-din-superliga-romaniei-se-va-opera.html\" rel=\"noopener noreferrer\"><strong>1.185 minute a prins Narcis Ila\u0219<\/strong><\/a> \u00een cele 14 meciuri, p\u00e2n\u0103 la accidentare, fiind dep\u0103\u0219it doar de Mario Tudose (FC Arge\u0219 \u2013 1.215 minute) dintre fotbali\u0219tii eligibili pentru regula Under 21<\/li>\n<\/ul>\n<h2><strong>Complicata misiune a lui Grozavu: ce compartiment sl\u0103be\u0219te?<\/strong><\/h2>\n<p>Cum Ila\u0219 a jucat exemplar \u0219i a atras chiar aten\u021bia granzilor campionatului, Leo Grozavu nu a avut \u00een nicio clip\u0103 grija respect\u0103rii regulii Under 21 \u00een acest sezon, put\u00e2ndu-se baza pe un funda\u0219 dreapta care a adus echilibru \u00een defensiv\u0103 \u0219i energie \u00een atac<\/p>\n<\/div>\n<div>\n<h2><strong>Context care se va schimba odat\u0103 cu etapa viitoare, \u00een care Grozavu trebuie s\u0103 se descurce pentru prima dat\u0103 f\u0103r\u0103 talismanul s\u0103u. Ce solu\u021bie va alege tehnicianul liderului?<\/strong><\/h2>\n<p>Cu Hermannstadt, <strong>Grozavu <\/strong>a apelat la Antonio Dumitru (18 ani), juc\u0103tor de atac, pentru a-l \u00eenlocui pe Ila\u0219, apoi Friday Adams a intrat \u00een locul lui C\u00eempanu pentru a acoperi zona dreapt\u0103 a ap\u0103r\u0103rii. Dac\u0103 experimentatul antrenor va merge \u00een continuare pe aceast\u0103 variant\u0103, va produce un dezechilibru \u00een linia de atac care a marcat 28 de goluri, cele mai multe din Superlig\u0103. <\/p>\n<p>Apari\u021bia lui Dumitru acolo ar \u00eensemna, cel mai probabil, sacrificarea unuia dintre cei doi fotbali\u0219ti care se bat pentru un loc \u00een flancul drept, C\u00eempanu \u0219i Mitrov. Pentru c\u0103 Ogenda \u0219i Mailat sunt de neatins, la fel cum e \u0219i pozi\u021bia de num\u0103r nou\u0103 ocupat\u0103 de Dumiter sau Kovtalyuk.<\/p>\n<p>Astfel, Grozavu s-ar asigura c\u0103 are \u00een continuare un om de \u00eencredere \u00een dreapta ap\u0103r\u0103rii, fie el <strong>Friday Adams<\/strong>, fie un alt funda\u0219 experimentat din lot. \u0218i, dac\u0103 nu va alege prima op\u021biune, s-ar alege cu un impact major asupra unei defensive care a func\u021bionat excelent \u00een prima parte.<\/p>\n<p>Dintre juc\u0103torii defensivi, Grozavu poate apela la funda\u0219ul dreapta R\u0103zvan C\u0103r\u0103u\u0219u, la R\u0103zvan Cre\u021b, funda\u0219 st\u00e2nga la baz\u0103, sau Luca Popa, funda\u0219 central, pentru \u00eenlocuirea direct\u0103 a lui Ila\u0219 \u00een dreapta ap\u0103r\u0103rii. Oricare dintre cele trei solu\u021bii prezint\u0103 o doz\u0103 major\u0103 de risc, pentru c\u0103 niciunul dintre tinerii juc\u0103tori nu l-a convins \u00een prima parte a sezonului pe omul de pe banca liderului.<\/p>\n<ul>\n<li>16 minute a str\u00e2ns R\u0103zvan Cre\u021b \u00een acest sezon. C\u0103r\u0103u\u0219u \u0219i Popa nu au jucat<\/li>\n<\/ul>\n<p>Revenirea lui Ila\u0219 pe teren e programat\u0103 pentru luna ianuarie. P\u00e2n\u0103 atunci, FC Boto\u0219ani va naviga \u00eentr-o perioad\u0103 critic\u0103 a sezonului, cu meciuri cu Petrolul (deplasare), Farul (deplasare), Dinamo (acas\u0103), Slobozia (deplasare), Rapid (acas\u0103), FC Arge\u0219 (deplasare) \u0219i CFR Cluj (acas\u0103).<\/p>\n<\/div>\n<p><a href=\"https:\/\/www.sport.ro\/liga-1\/alerta-pentru-grozavu-si-fc-botosani-de-ce-lovitura-primita-de-lider-e-mai-dura-decat-se-crede.html\" class=\"button purchase\" rel=\"nofollow noopener\" target=\"_blank\">Read More<\/a><\/p>\n","protected":false},"excerpt":{"rendered":"<p>Antrenorul liderului FC Boto\u0219ani a pierdut un juc\u0103tor esen\u021bial pentru cel pu\u021bin trei luni \u0219i e pus \u00een fa\u021ba unei alegeri dificile: va sl\u0103bi flancul [&hellip;]<\/p>\n","protected":false},"author":1,"featured_media":8616,"comment_status":"open","ping_status":"open","sticky":false,"template":"","format":"standard","meta":{"_monsterinsights_skip_tracking":false,"footnotes":""},"categories":[7],"tags":[],"class_list":["post-8615","post","type-post","status-publish","format-standard","has-post-thumbnail","hentry","category-sports"],"aioseo_notices":[],"_links":{"self":[{"href":"https:\/\/info-eforie.ro\/index.php\/wp-json\/wp\/v2\/posts\/8615","targetHints":{"allow":["GET"]}}],"collection":[{"href":"https:\/\/info-eforie.ro\/index.php\/wp-json\/wp\/v2\/posts"}],"about":[{"href":"https:\/\/info-eforie.ro\/index.php\/wp-json\/wp\/v2\/types\/post"}],"author":[{"embeddable":true,"href":"https:\/\/info-eforie.ro\/index.php\/wp-json\/wp\/v2\/users\/1"}],"replies":[{"embeddable":true,"href":"https:\/\/info-eforie.ro\/index.php\/wp-json\/wp\/v2\/comments?post=8615"}],"version-history":[{"count":0,"href":"https:\/\/info-eforie.ro\/index.php\/wp-json\/wp\/v2\/posts\/8615\/revisions"}],"wp:featuredmedia":[{"embeddable":true,"href":"https:\/\/info-eforie.ro\/index.php\/wp-json\/wp\/v2\/media\/8616"}],"wp:attachment":[{"href":"https:\/\/info-eforie.ro\/index.php\/wp-json\/wp\/v2\/media?parent=8615"}],"wp:term":[{"taxonomy":"category","embeddable":true,"href":"https:\/\/info-eforie.ro\/index.php\/wp-json\/wp\/v2\/categories?post=8615"},{"taxonomy":"post_tag","embeddable":true,"href":"https:\/\/info-eforie.ro\/index.php\/wp-json\/wp\/v2\/tags?post=8615"}],"curies":[{"name":"wp","href":"https:\/\/api.w.org\/{rel}","templated":true}]}}