{"id":8587,"date":"2025-10-28T04:06:26","date_gmt":"2025-10-28T04:06:26","guid":{"rendered":"https:\/\/info-eforie.ro\/index.php\/2025\/10\/28\/pionieri-in-personal-injury-doua-decenii-de-profesionalism-si-transparenta\/"},"modified":"2025-10-28T04:06:26","modified_gmt":"2025-10-28T04:06:26","slug":"pionieri-in-personal-injury-doua-decenii-de-profesionalism-si-transparenta","status":"publish","type":"post","link":"https:\/\/info-eforie.ro\/index.php\/2025\/10\/28\/pionieri-in-personal-injury-doua-decenii-de-profesionalism-si-transparenta\/","title":{"rendered":"Pionieri \u00een personal injury: dou\u0103 decenii de profesionalism \u0219i transparen\u021b\u0103"},"content":{"rendered":"<div>\n<p>\u00centr-o \u021bar\u0103 \u00een care<br \/>\ndreptatea vine adesea prea t\u00e2rziu, o echip\u0103 de avoca\u021bi a ales s\u0103 fac\u0103 din lege<br \/>\no form\u0103 de speran\u021b\u0103. Ionu\u021b Jercan, C\u0103t\u0103lin Vlad \u0219i Lucian Gheorghe au pornit un proiect care, \u00een anul 2005, p\u0103rea un<br \/>\nexperiment: o firm\u0103 de avocatur\u0103 specializat\u0103 \u00een ap\u0103rarea drepturilor<br \/>\npersoanelor \u2013 <i>personal injury law<\/i>, un domeniu aproape necunoscut la acea<br \/>\nvreme \u00een Rom\u00e2nia. <\/p>\n<div><picture loading=\"eager\" width=\"1400\" height=\"750\" alt=\"WhatsApp Image 2025 10 27 at 11 55 53 jpeg\"><source type=\"image\/webp\"  media=\"(min-width: 1400px)\"><source type=\"image\/webp\"  media=\"(min-width: 1000px)\"><source type=\"image\/webp\"  media=\"(min-width: 700px)\"><source type=\"image\/jpeg\"  media=\"(min-width: 1400px)\"><source type=\"image\/jpeg\"  media=\"(min-width: 1000px)\"><source type=\"image\/jpeg\"  media=\"(min-width: 700px)\"><img fetchpriority=\"high\" decoding=\"async\" src=\"https:\/\/cdn.adh.reperio.news\/image-f\/fb76de12-8f8d-4329-882f-02f10e01b7f4\/index.jpeg?p=a%3D1%26co%3D1.05%26w%3D700%26h%3D750%26r%3Dcontain%26f%3Dwebp\" alt=\"WhatsApp Image 2025 10 27 at 11 55 53 jpeg\" width=\"1400\" height=\"750\" loading=\"eager\"><\/picture>\n\t\t\t<\/div>\n<p>Dou\u0103zeci de ani mai<br \/>\nt\u00e2rziu, <a href=\"https:\/\/jgv.ro\/\" target=\"_blank\" rel=\"external\"><b>JGV &#038; Asocia\u021bii<\/b><\/a><br \/>\neste una dintre cele mai vizibile firme independente din \u021bar\u0103, cu o reputa\u021bie<br \/>\nconstruit\u0103 pe inova\u021bie, transparen\u021b\u0103 \u0219i empatie fa\u021b\u0103 de clien\u021bi. Au dus \u00een<br \/>\ninstan\u021b\u0103 cauze care au schimbat nu doar destine, ci \u0219i modul \u00een care sunt<br \/>\nprivite victimele \u00een Rom\u00e2nia. Fie c\u0103 a fost vorba despre tragedii rutiere,<br \/>\nerori medicale sau incendii \u00een spitale, fiecare proces a \u00eensemnat o lupt\u0103 de<br \/>\ndurat\u0103, uneori dus\u0103 \u00eempotriva unui sistem care pare s\u0103 se apere mai bine pe<br \/>\nsine dec\u00e2t pe cet\u0103\u021beni.<\/p>\n<p>\u201eMul\u021bi oameni vin la noi<br \/>\nconvin\u0219i c\u0103 nu au nicio \u0219ans\u0103. Rolul nostru nu este doar s\u0103 c\u00e2\u0219tig\u0103m dosare, ci<br \/>\ns\u0103 le red\u0103m \u00eencrederea c\u0103 dreptatea poate func\u021biona \u0219i pentru ei\u201d, spune Ionu\u021b<br \/>\nJercan, managing partner al JGV \u0219i Asocia\u021bii.<\/p>\n<p><b><i>Dosare care au<br \/>\nschimbat percep\u021bii<\/i><\/b><\/p>\n<p>De-a lungul anilor,<br \/>\nbiroul a reprezentat victimele din dosarul \u201eTuzla\u201d \u2013 accidentul aviatic \u00een care<br \/>\nmai mul\u021bi militari \u0219i-au pierdut via\u021ba, familiile victimelor incendiilor din<br \/>\nspitalele COVID, dar \u0219i pacien\u021bii afecta\u021bi \u00een cazul \u201eBurnei\u201d, unul dintre cele<br \/>\nmai controversate procese de malpraxis din Rom\u00e2nia. \u201eSunt procese care las\u0103<br \/>\nurme, chiar \u0219i pentru noi. \u00cen fiecare pledoarie e un om, o familie, un gol.<br \/>\nC\u00e2nd statul gre\u0219e\u0219te, cineva trebuie s\u0103 r\u0103spund\u0103. Nu ca r\u0103zbunare, ci ca<br \/>\nrecunoa\u0219tere\u201d, explic\u0103 Jercan.<\/p>\n<p>\u00cen unele cazuri,<br \/>\ndesp\u0103gubirile au dep\u0103\u0219it jum\u0103tate de milion de euro, \u00eens\u0103, potrivit avocatului,<br \/>\nimpactul real nu se m\u0103soar\u0103 \u00een bani. \u201eCel mai important este c\u00e2nd o familie<br \/>\nspune: <i>acum putem, \u00een sf\u00e2r\u0219it, s\u0103 \u00eenchidem capitolul \u0219i s\u0103 mergem mai<br \/>\ndeparte<\/i>.\u201d<\/p>\n<p><b><i>Dou\u0103 decenii de<br \/>\nlupt\u0103 pentru oameni, nu pentru sistem<\/i><\/b><\/p>\n<p>Au trecut 20 de ani de<br \/>\nc\u00e2nd o echip\u0103 mic\u0103 de oameni, \u00eentr-o garsonier\u0103 din Galati, a pornit la drum cu<br \/>\no credin\u021b\u0103 simpl\u0103, dar puternic\u0103: legea trebuie s\u0103 slujeasc\u0103 oamenii, nu<br \/>\nsistemul. De atunci, <b>peste 10.000 de destine le-au trecut pragul<\/b>,<br \/>\nfiecare cu propria poveste, cu propriul drept de ap\u0103rat. \u201eNi s-a spus adesea c\u0103<br \/>\nsuntem prea implica\u021bi emo\u021bional. C\u0103 ar trebui s\u0103 p\u0103str\u0103m distan\u021ba. Dar cum po\u021bi<br \/>\nr\u0103m\u00e2ne rece c\u00e2nd vezi ce \u00eenseamn\u0103 nedreptatea pentru o familie? Dac\u0103 nu te<br \/>\natinge povestea celor pe care \u00eei reprezin\u021bi, poate c\u0103 nu ai ales meseria<br \/>\npotrivit\u0103\u201d, spune avocatul Ionu\u021b Jercan.<\/p>\n<p>Ast\u0103zi, dincolo de dosare<br \/>\n\u0219i termene, miza a r\u0103mas aceea\u0219i ca \u00een prima zi: nu doar s\u0103 c\u00e2\u0219tige procese, ci<br \/>\ns\u0103 schimbe percep\u021bii. S\u0103 redea \u00eencrederea \u00een justi\u021bie \u0219i s\u0103 dovedeasc\u0103 faptul<br \/>\nc\u0103 legea poate fi uman\u0103. \u201eC\u00e2nd o hot\u0103r\u00e2re judec\u0103toreasc\u0103 readuce demnitatea<br \/>\nunei familii, c\u00e2nd vezi lacrimi de u\u0219urare, atunci \u00een\u021belegi c\u0103 legea nu e doar<br \/>\nun cod rece de articole. Atunci legea devine speran\u021b\u0103.\u201d<\/p>\n<p><b><i>De la pionierat la<br \/>\ninova\u021bie juridic\u0103<\/i><\/b><\/p>\n<p>La \u00eenceputul anilor 2000,<br \/>\ndomeniul desp\u0103gubirilor \u00een sectorul de \u201dpersonal injury\u201d era un teren<br \/>\nnecunoscut \u00eenc\u0103. Mul\u021bi nici nu \u0219tiau c\u0103 pot cere daune morale. \u00cen acest<br \/>\ncontext, JGV &#038; Asocia\u021bii a intrat pe pia\u021b\u0103 cu o abordare diferit\u0103,<br \/>\ndemonstr\u00e2nd c\u0103 succesul \u00een acest domeniu se construie\u0219te prin profesionalism \u0219i<br \/>\nconsecven\u021b\u0103. Pragul aniversar de 20 de ani nu \u00eenseamn\u0103 doar supravie\u021buire<br \/>\n\u00eentr-o pia\u021b\u0103 competitiv\u0103, ci validarea unei filosofii profesionale: succesul se<br \/>\ncl\u0103de\u0219te \u00een timp, prin consecven\u021b\u0103 \u0219i etic\u0103. <\/p>\n<p>Unul dintre elementele<br \/>\ncare diferen\u021biaz\u0103 JGV &#038; Asocia\u021bii de alte firme este orientarea proactiv\u0103<br \/>\n\u0219i digitalizarea timpurie a proceselor juridice. \u201eInova\u021bia nu \u00eenseamn\u0103<br \/>\ngadgeturi, ci s\u0103 vezi legea ca un instrument viu. S\u0103 o po\u021bi folosi acolo unde<br \/>\nal\u021bii v\u0103d doar limite\u201d, spune Jercan.<\/p>\n<p>\u00cen 2025, JGV &#038;<br \/>\nAsocia\u021bii a lansat o nou\u0103 identitate de brand, subliniind adaptarea \u0219i evolu\u021bia<br \/>\nfirmei. \u201dNoua identitate de brand, lansat\u0103 \u00een contextul anivers\u0103rii a dou\u0103<br \/>\ndecenii de activitate, reflect\u0103 nu doar o schimbare de logo, ci o evolu\u0163ie<br \/>\nstrategic\u0103 \u2014 un semnal c\u0103 firma \u00ee\u015fi asum\u0103 rolul de partener modern de<br \/>\navocatur\u0103, adaptat la standarde europene \u015fi pie\u0163e interna\u0163ionale\u201d, completeaz\u0103<br \/>\nIonu\u021b Jercan.<\/p>\n<\/p><\/div>\n<p><a href=\"https:\/\/adevarul.ro\/stiri-interne\/societate\/pionieri-in-personal-injury-doua-decenii-de-2482398.html\" class=\"button purchase\" rel=\"nofollow noopener\" target=\"_blank\">Read More<\/a><\/p>\n","protected":false},"excerpt":{"rendered":"<p>\u00centr-o \u021bar\u0103 \u00een care dreptatea vine adesea prea t\u00e2rziu, o echip\u0103 de avoca\u021bi a ales s\u0103 fac\u0103 din lege o form\u0103 de speran\u021b\u0103. Ionu\u021b Jercan, [&hellip;]<\/p>\n","protected":false},"author":1,"featured_media":8588,"comment_status":"open","ping_status":"open","sticky":false,"template":"","format":"standard","meta":{"_monsterinsights_skip_tracking":false,"_monsterinsights_sitenote_active":false,"_monsterinsights_sitenote_note":"","_monsterinsights_sitenote_category":0,"footnotes":""},"categories":[6],"tags":[],"class_list":["post-8587","post","type-post","status-publish","format-standard","has-post-thumbnail","hentry","category-popular"],"aioseo_notices":[],"_links":{"self":[{"href":"https:\/\/info-eforie.ro\/index.php\/wp-json\/wp\/v2\/posts\/8587","targetHints":{"allow":["GET"]}}],"collection":[{"href":"https:\/\/info-eforie.ro\/index.php\/wp-json\/wp\/v2\/posts"}],"about":[{"href":"https:\/\/info-eforie.ro\/index.php\/wp-json\/wp\/v2\/types\/post"}],"author":[{"embeddable":true,"href":"https:\/\/info-eforie.ro\/index.php\/wp-json\/wp\/v2\/users\/1"}],"replies":[{"embeddable":true,"href":"https:\/\/info-eforie.ro\/index.php\/wp-json\/wp\/v2\/comments?post=8587"}],"version-history":[{"count":0,"href":"https:\/\/info-eforie.ro\/index.php\/wp-json\/wp\/v2\/posts\/8587\/revisions"}],"wp:featuredmedia":[{"embeddable":true,"href":"https:\/\/info-eforie.ro\/index.php\/wp-json\/wp\/v2\/media\/8588"}],"wp:attachment":[{"href":"https:\/\/info-eforie.ro\/index.php\/wp-json\/wp\/v2\/media?parent=8587"}],"wp:term":[{"taxonomy":"category","embeddable":true,"href":"https:\/\/info-eforie.ro\/index.php\/wp-json\/wp\/v2\/categories?post=8587"},{"taxonomy":"post_tag","embeddable":true,"href":"https:\/\/info-eforie.ro\/index.php\/wp-json\/wp\/v2\/tags?post=8587"}],"curies":[{"name":"wp","href":"https:\/\/api.w.org\/{rel}","templated":true}]}}