{"id":8585,"date":"2025-10-28T04:06:27","date_gmt":"2025-10-28T04:06:27","guid":{"rendered":"https:\/\/info-eforie.ro\/index.php\/2025\/10\/28\/psd-oficializeaza-candidatura-lui-daniel-baluta-pentru-primaria-bucuresti\/"},"modified":"2025-10-28T04:06:27","modified_gmt":"2025-10-28T04:06:27","slug":"psd-oficializeaza-candidatura-lui-daniel-baluta-pentru-primaria-bucuresti","status":"publish","type":"post","link":"https:\/\/info-eforie.ro\/index.php\/2025\/10\/28\/psd-oficializeaza-candidatura-lui-daniel-baluta-pentru-primaria-bucuresti\/","title":{"rendered":"PSD oficializeaz\u0103 candidatura lui Daniel B\u0103lu\u021b\u0103 pentru Prim\u0103ria Bucure\u0219ti"},"content":{"rendered":"<div>\n<p>\u0218eful interimar al PSD, Sorin Grindeanu, a anun\u021bat urm\u0103torii pa\u0219i pentru oficializarea candidaturii lui Daniel B\u0103lu\u021b\u0103 la prim\u0103ria Capitalei.<\/p>\n<div><picture loading=\"eager\" width=\"1400\" height=\"750\" alt=\"FOTO Inquam \/ Nichita Cojocea \"><source type=\"image\/webp\"  media=\"(min-width: 1400px)\"><source type=\"image\/webp\"  media=\"(min-width: 1000px)\"><source type=\"image\/webp\"  media=\"(min-width: 700px)\"><source type=\"image\/jpeg\"  media=\"(min-width: 1400px)\"><source type=\"image\/jpeg\"  media=\"(min-width: 1000px)\"><source type=\"image\/jpeg\"  media=\"(min-width: 700px)\"><img fetchpriority=\"high\" decoding=\"async\" src=\"https:\/\/cdn.adh.reperio.news\/image-b\/b88c09be-32c2-4a45-843e-0d2f13e701e7\/index.jpeg?p=a%3D1%26co%3D1.05%26w%3D700%26h%3D750%26r%3Dcontain%26f%3Dwebp\" alt=\"FOTO Inquam \/ Nichita Cojocea \" width=\"1400\" height=\"750\" loading=\"eager\"><\/picture>\n<p>FOTO Inquam \/ Nichita Cojocea <\/p>\n<\/div>\n<p><i>\u201eM\u00e2ine, \u00een \u0219edin\u021ba Comitetului Politic Na\u021bional, vom \u00eenainta propunerea pe care organiza\u021bia PSD Bucure\u0219ti a f\u0103cut-o azi, ca Daniel B\u0103lu\u021b\u0103 s\u0103 fie candidatul PSD pentru Prim\u0103ria Municipiului Bucure\u0219ti\u201d<\/i>, a anun\u021bat Sorin Grindeanu.\u00a0<\/p>\n<p>El a mai anun\u021bat c\u0103 propunerea sa pentru postul de vicepre\u0219edinte regional, \u00een mo\u021biunea cu care va candida la conducerea PSD, este Gabriela Firea.<\/p>\n<p>Fostul primar al Capitalei a anun\u021bat c\u0103 \u00eei pred\u0103 \u0219tafeta organiza\u021biei PSD Bucure\u0219ti lui Daniel B\u0103lu\u021b\u0103:<\/p>\n<p>\u201e<i>Vrem s\u0103-i oferim absolut toate instrumentele necesare \u0219i umane, care sunt cele mai importante, spun eu, sinceritatea noastr\u0103, coagularea echipei, de asemenea, for\u021ba politic\u0103 \u0219i for\u021ba administrativ\u0103. De aceea, \u00eempreun\u0103 cu pre\u0219edintele interimar Sorin Grindeanu \u0219i cu colegii no\u0219tri de la cele \u0219ase sectoare, am decis s\u0103-i predau \u0219tafeta, din punct de vedere politic, colegului meu Daniel B\u0103lu\u021b\u0103, \u0219tafeta Organiza\u021biei PSD Municipiul Bucure\u0219ti\u201d.<\/i><\/p>\n<h2>B\u0103lu\u021b\u0103, invita\u021bie pentru bucure\u0219teni<\/h2>\n<p><i>\u201eNu sunt omul care poate s\u0103 fac\u0103 miracole \u00een c\u00e2teva zile, dar ceea ce pot promite este c\u0103 via\u021ba noastr\u0103 se va \u00eembun\u0103t\u0103\u021bi \u0219i ora\u0219ul va deveni casa noastr\u0103. Va fi un ora\u0219 sigur, va fi un ora\u0219 lini\u0219tit, un ora\u0219 \u00een care nu trebuie s\u0103 se mai \u00eent\u00e2mple incidente, cum am v\u0103zut, un ora\u0219 \u00een care aerul este respirabil. M\u0103 feresc de cli\u0219ee. Lansez o invita\u021bie tuturor bucure\u0219tenilor s\u0103 vin\u0103 s\u0103 vad\u0103 cum arat\u0103 Sectorul 4, cum arat\u0103 traficul, parcurile<\/i>\u201d, a transmis la r\u00e2ndul s\u0103u Daniel B\u0103lu\u021b\u0103, actual primar al sectorului 4.\u00a0<\/p>\n<h2>Alegerile pentru Prim\u0103ria Capitalei, pe 7 decembrie<\/h2>\n<p><a href=\"https:\/\/adevarul.ro\/politica\/guvernul-aproba-calendarul-alegerilor-partiale-2481486.html\">Guvernul a stabilit joi, pe 23 octombrie, data alegerilor<\/a>, pe 7 decembrie.\u00a0<a href=\"https:\/\/adevarul.ro\/politica\/daniel-baluta-sigur-ca-psd-ii-va-da-unda-verde-2481402.html\">Primarul Sectorului 4 al Capitalei, Daniel B\u0103lu\u0163\u0103<\/a>\u00a0este plasat pe primul loc \u00een sondaje, \u00eens\u0103 afirm\u0103 c\u0103 datele nu sunt relevante. El urmeaz\u0103 s\u0103 fie desemnat de PSD drept candidatul partidului.\u00a0<\/p>\n<p>\u00cen curs\u0103 intr\u0103 \u0219i Ciprian Ciucu, iar candidatul USR, C\u0103t\u0103lin Drul\u0103, a \u00eenceput deja campania \u00een strad\u0103.\u00a0<\/p>\n<\/p><\/div>\n<p><a href=\"https:\/\/adevarul.ro\/politica\/psd-oficializeaza-candidatura-lui-daniel-baluta-2482385.html\" class=\"button purchase\" rel=\"nofollow noopener\" target=\"_blank\">Read More<\/a><\/p>\n","protected":false},"excerpt":{"rendered":"<p>\u0218eful interimar al PSD, Sorin Grindeanu, a anun\u021bat urm\u0103torii pa\u0219i pentru oficializarea candidaturii lui Daniel B\u0103lu\u021b\u0103 la prim\u0103ria Capitalei. FOTO Inquam \/ Nichita Cojocea \u201eM\u00e2ine, [&hellip;]<\/p>\n","protected":false},"author":1,"featured_media":8586,"comment_status":"open","ping_status":"open","sticky":false,"template":"","format":"standard","meta":{"_monsterinsights_skip_tracking":false,"footnotes":""},"categories":[6],"tags":[],"class_list":["post-8585","post","type-post","status-publish","format-standard","has-post-thumbnail","hentry","category-popular"],"aioseo_notices":[],"_links":{"self":[{"href":"https:\/\/info-eforie.ro\/index.php\/wp-json\/wp\/v2\/posts\/8585","targetHints":{"allow":["GET"]}}],"collection":[{"href":"https:\/\/info-eforie.ro\/index.php\/wp-json\/wp\/v2\/posts"}],"about":[{"href":"https:\/\/info-eforie.ro\/index.php\/wp-json\/wp\/v2\/types\/post"}],"author":[{"embeddable":true,"href":"https:\/\/info-eforie.ro\/index.php\/wp-json\/wp\/v2\/users\/1"}],"replies":[{"embeddable":true,"href":"https:\/\/info-eforie.ro\/index.php\/wp-json\/wp\/v2\/comments?post=8585"}],"version-history":[{"count":0,"href":"https:\/\/info-eforie.ro\/index.php\/wp-json\/wp\/v2\/posts\/8585\/revisions"}],"wp:featuredmedia":[{"embeddable":true,"href":"https:\/\/info-eforie.ro\/index.php\/wp-json\/wp\/v2\/media\/8586"}],"wp:attachment":[{"href":"https:\/\/info-eforie.ro\/index.php\/wp-json\/wp\/v2\/media?parent=8585"}],"wp:term":[{"taxonomy":"category","embeddable":true,"href":"https:\/\/info-eforie.ro\/index.php\/wp-json\/wp\/v2\/categories?post=8585"},{"taxonomy":"post_tag","embeddable":true,"href":"https:\/\/info-eforie.ro\/index.php\/wp-json\/wp\/v2\/tags?post=8585"}],"curies":[{"name":"wp","href":"https:\/\/api.w.org\/{rel}","templated":true}]}}