{"id":8575,"date":"2025-10-28T02:07:06","date_gmt":"2025-10-28T02:07:06","guid":{"rendered":"https:\/\/info-eforie.ro\/index.php\/2025\/10\/28\/adrian-mihalcea-a-tunat-dupa-fcsb-0-oribil-umilitor-e-ca-un-vis-urat\/"},"modified":"2025-10-28T02:07:06","modified_gmt":"2025-10-28T02:07:06","slug":"adrian-mihalcea-a-tunat-dupa-fcsb-0-oribil-umilitor-e-ca-un-vis-urat","status":"publish","type":"post","link":"https:\/\/info-eforie.ro\/index.php\/2025\/10\/28\/adrian-mihalcea-a-tunat-dupa-fcsb-0-oribil-umilitor-e-ca-un-vis-urat\/","title":{"rendered":"Adrian Mihalcea a \u201dtunat\u201d dup\u0103 FCSB -0: \u201dOribil, umilitor. E ca un vis ur\u00e2t\u201d"},"content":{"rendered":"<div>\n<p>Daniel B\u00eerligea, Florin T\u0103nase, Darius Olaru \u0219i Mamadou Thiam au fost cei care au marcat pentru campioana Rom\u00e2niei, care a urcat pe locul zece dup\u0103 aceast\u0103 partid\u0103, la doar trei puncte distan\u021b\u0103 de zona play-off-ului.<\/p>\n<p>Adrian Mihalcea, antrenorul de la UTA Arad, a avut un discurs categoric la adresa juc\u0103torilor s\u0103i la flash-interviu. Tehnicianul se g\u00e2nde\u0219te deja la urm\u0103toarea partid\u0103, pe care echipa sa o va disputa \u201dacas\u0103\u201d cu Metaloglobus.<\/p>\n<h2><strong>Adrian Mihalcea: \u201dE \u0219i greu s\u0103 g\u0103se\u0219ti vreo scuz\u0103\u201d<\/strong><br \/><\/h2>\n<p><strong>\u201eE oribil, e ca un vis ur\u00e2t. Despre ce a\u0219 putea s\u0103 vorbesc c\u00e2nd e al treilea meci \u00een care juc\u0103m \u00een zece oameni? E greu, nici mental nu stau bine. Se simte doar c\u00e2nd intr\u0103 pe teren la meci, \u00een rest parc\u0103 sunt con\u0219tien\u021bi de ceea ce ar trebui s\u0103 fac\u0103.<br \/><\/strong><\/p>\n<p><strong>E umilitor \u0219i ar trebui s\u0103 se g\u00e2ndeasc\u0103 \u0219i ei. At\u00e2t de buni am fost \u00een primele etape \u0219i acum suntem slabi sau am avut noroc atunci?<br \/><\/strong><\/p>\n<p><strong>Rezultatele nefavorabile din ultima perioad\u0103 \u00ee\u0219i las\u0103 amprenta. E \u0219i greu s\u0103 g\u0103se\u0219ti acum vreo scuz\u0103, c\u0103 am fi penibili. A\u0219tept\u0103m declicul \u0103la, a\u0219tept\u0103m de mult timp \u0219i nu vine. E o s\u0103pt\u0103m\u00e2n\u0103 grea, ar trebui s\u0103 ne dea de g\u00e2ndit.\u00a0<br \/><\/strong><\/p>\n<p><strong>Avem \u0219i problema asta cu suspend\u0103rile, dar trebuie s\u0103 reflect\u0103m pentru c\u0103 nu e ok.\u00a0Totul se schimb\u0103, sunt meciuri de Cup\u0103, de campionat, trebuie s\u0103 fim proaspe\u021bi \u00een continuare. Vom mixa iar pentru aceste dou\u0103 meciuri ca s\u0103 ar\u0103t\u0103m c\u00e2t de c\u00e2t bine din punct de vedere fizic.<br \/><\/strong><\/p>\n<p><strong>FCSB e o echip\u0103 care se poate transforma pentru c\u0103 are foarte mult\u0103 calitate, dar noi ar\u0103t\u0103m r\u0103u. N-am pus niciun fel de problem\u0103, azi a fost doar un joc-\u0219coal\u0103\u201d,<\/strong> a spus Mihalcea, la flash-interviu.<\/p>\n<h2><strong>FCSB &#8211; UTA Arad 4-0 | Echipele:<\/strong><br \/><\/h2>\n<ul>\n<li><strong>FCSB<\/strong>: T\u00e2rnovanu &#8211; Pantea, Graovac, Cercel, Radunovic &#8211; Lixandru, \u0218ut &#8211; Cisotti, Fl. T\u0103nase, Olaru &#8211; B\u00eerligea<\/li>\n<li>Rezerve: Zima &#8211; D\u0103ncu\u0219, Alibec, Miculescu, M. Toma, Kiki, Edjouma, Politic, Oct. Popescu, Alhassan, Al. Stoian, Thiam<\/li>\n<li>Antrenor: Elias Charalambous<\/li>\n<li><strong>UTA Arad<\/strong>: Iliev &#8211; Tu\u021bu, Poulolo, Pospielov, Padula &#8211; L. Mihai, Hrezdac &#8211; Costache, A. Roman, Tzioni &#8211; M. Coman<\/li>\n<li>Rezerve: Gorcea &#8211; Benga, Olar, Alomerovic, Iacob, Drago\u0219, Abdallah, D. Barbu, Stolnik<\/li>\n<li>Antrenor: Adrian Mihalcea<\/li>\n<\/ul>\n<\/div>\n<p><a href=\"https:\/\/www.sport.ro\/liga-1\/adrian-mihalcea-a-tunat-dupa-fcsb-uta-4-0-oribil-umilitor-e-ca-un-vis-urat.html\" class=\"button purchase\" rel=\"nofollow noopener\" target=\"_blank\">Read More<\/a><\/p>\n","protected":false},"excerpt":{"rendered":"<p>Daniel B\u00eerligea, Florin T\u0103nase, Darius Olaru \u0219i Mamadou Thiam au fost cei care au marcat pentru campioana Rom\u00e2niei, care a urcat pe locul zece dup\u0103 [&hellip;]<\/p>\n","protected":false},"author":1,"featured_media":8576,"comment_status":"open","ping_status":"open","sticky":false,"template":"","format":"standard","meta":{"_monsterinsights_skip_tracking":false,"footnotes":""},"categories":[7],"tags":[],"class_list":["post-8575","post","type-post","status-publish","format-standard","has-post-thumbnail","hentry","category-sports"],"aioseo_notices":[],"_links":{"self":[{"href":"https:\/\/info-eforie.ro\/index.php\/wp-json\/wp\/v2\/posts\/8575","targetHints":{"allow":["GET"]}}],"collection":[{"href":"https:\/\/info-eforie.ro\/index.php\/wp-json\/wp\/v2\/posts"}],"about":[{"href":"https:\/\/info-eforie.ro\/index.php\/wp-json\/wp\/v2\/types\/post"}],"author":[{"embeddable":true,"href":"https:\/\/info-eforie.ro\/index.php\/wp-json\/wp\/v2\/users\/1"}],"replies":[{"embeddable":true,"href":"https:\/\/info-eforie.ro\/index.php\/wp-json\/wp\/v2\/comments?post=8575"}],"version-history":[{"count":0,"href":"https:\/\/info-eforie.ro\/index.php\/wp-json\/wp\/v2\/posts\/8575\/revisions"}],"wp:featuredmedia":[{"embeddable":true,"href":"https:\/\/info-eforie.ro\/index.php\/wp-json\/wp\/v2\/media\/8576"}],"wp:attachment":[{"href":"https:\/\/info-eforie.ro\/index.php\/wp-json\/wp\/v2\/media?parent=8575"}],"wp:term":[{"taxonomy":"category","embeddable":true,"href":"https:\/\/info-eforie.ro\/index.php\/wp-json\/wp\/v2\/categories?post=8575"},{"taxonomy":"post_tag","embeddable":true,"href":"https:\/\/info-eforie.ro\/index.php\/wp-json\/wp\/v2\/tags?post=8575"}],"curies":[{"name":"wp","href":"https:\/\/api.w.org\/{rel}","templated":true}]}}