{"id":8469,"date":"2025-10-23T03:06:42","date_gmt":"2025-10-23T03:06:42","guid":{"rendered":"https:\/\/info-eforie.ro\/index.php\/2025\/10\/23\/accident-bizar-in-arad-un-tramvai-a-plecat-singur-din-depou-si-a-lovit-o-alta-garnitura-patru-persoane-au-fost-ranite\/"},"modified":"2025-10-23T03:06:42","modified_gmt":"2025-10-23T03:06:42","slug":"accident-bizar-in-arad-un-tramvai-a-plecat-singur-din-depou-si-a-lovit-o-alta-garnitura-patru-persoane-au-fost-ranite","status":"publish","type":"post","link":"https:\/\/info-eforie.ro\/index.php\/2025\/10\/23\/accident-bizar-in-arad-un-tramvai-a-plecat-singur-din-depou-si-a-lovit-o-alta-garnitura-patru-persoane-au-fost-ranite\/","title":{"rendered":"Accident bizar \u00een Arad: Un tramvai a plecat singur din depou \u0219i a lovit o alt\u0103 garnitur\u0103. Patru persoane au fost r\u0103nite"},"content":{"rendered":"<div>\n<p>Un\u00a0tramvai a pornit singur din depoul din Arad \u0219i a circulat circa 500 de metri,\u00a0p\u00e2n\u0103 a lovit o garnitur\u0103 model Civitas, fabricat\u0103 recent. Mai multe persoane au fost r\u0103nite, fiind asistate la fa\u021ba locului.<\/p>\n<div><picture loading=\"eager\" width=\"1400\" height=\"750\" alt=\"Accident \u00eentre dou\u0103 tramvaie\/FOTO: Rena\u0219terea B\u0103n\u0103\u021bean\u0103\"><source type=\"image\/webp\"  media=\"(min-width: 1400px)\"><source type=\"image\/webp\"  media=\"(min-width: 1000px)\"><source type=\"image\/webp\"  media=\"(min-width: 700px)\"><source type=\"image\/png\"  media=\"(min-width: 1400px)\"><source type=\"image\/png\"  media=\"(min-width: 1000px)\"><source type=\"image\/png\"  media=\"(min-width: 700px)\"><img fetchpriority=\"high\" decoding=\"async\" src=\"https:\/\/cdn.adh.reperio.news\/image-f\/f4665ecb-d2fc-42b2-85c9-f6ead65821bf\/index.png?p=a%3D1%26co%3D1.05%26w%3D700%26h%3D750%26r%3Dcontain%26f%3Dwebp\" alt=\"Accident \u00eentre dou\u0103 tramvaie\/FOTO: Rena\u0219terea B\u0103n\u0103\u021bean\u0103\" width=\"1400\" height=\"750\" loading=\"eager\"><\/picture>\n<p>Accident \u00eentre dou\u0103 tramvaie\/FOTO: Rena\u0219terea B\u0103n\u0103\u021bean\u0103<\/p>\n<\/div>\n<p>Incidentul a avut loc miercuri, 22 octombrie,\u00a0pe Calea Aurel Vlaicu, unde au fost trimise echipaje de descarcerare \u015fi ambulan\u0163e, potrivit ISU Arad.<\/p>\n<p><i>\u201eSunt patru victime preluate de c\u0103tre echipajele medicale \u015fi asistate la fa\u0163a locului\u201d<\/i>, a precizat ISU.<\/p>\n<p>Directorul Companiei de Transport Public Arad, Claudiu Godja, a declarat, pentru AGERPRES, c\u0103\u00a0<a href=\"https:\/\/adevarul.ro\/stiri-locale\/bucuresti\/accident-in-pasajul-victoriei-intre-un-autobuz-2480148.html\">o garnitur\u0103 veche<\/a>\u00a0a pornit singur\u0103 din depou. <\/p>\n<p>El a explicat c\u0103 cel mai probabil vatmanul, la cobor\u00e2re din cabin\u0103, a atins din gre\u015feal\u0103 maneta de mers. B\u0103rbatul \u015fi-a alertat colegii, dar garnitura a pornit \u015fi a mers circa 500 de metri \u00eenainte de impactul cu tramvaiul aflat pe aceea\u015fi linie \u00een fa\u0163\u0103.<\/p>\n<p>Ambele garnituri sunt avariate, iar reprezentan\u0163ii Companiei de Transport Public cerceteaz\u0103 cazul. De asemenea, poli\u0163i\u015ftii fac cercet\u0103ri la fa\u0163a locului.<\/p>\n<p><i>Surs\u0103 video: Facebook Gabriela Rusu<\/i><\/p>\n<\/p><\/div>\n<p><a href=\"https:\/\/adevarul.ro\/stiri-locale\/arad\/accident-bizar-in-arad-un-tramvai-a-plecat-singur-2481186.html\" class=\"button purchase\" rel=\"nofollow noopener\" target=\"_blank\">Read More<\/a><\/p>\n","protected":false},"excerpt":{"rendered":"<p>Un\u00a0tramvai a pornit singur din depoul din Arad \u0219i a circulat circa 500 de metri,\u00a0p\u00e2n\u0103 a lovit o garnitur\u0103 model Civitas, fabricat\u0103 recent. Mai multe [&hellip;]<\/p>\n","protected":false},"author":1,"featured_media":8470,"comment_status":"open","ping_status":"open","sticky":false,"template":"","format":"standard","meta":{"_monsterinsights_skip_tracking":false,"_monsterinsights_sitenote_active":false,"_monsterinsights_sitenote_note":"","_monsterinsights_sitenote_category":0,"footnotes":""},"categories":[6],"tags":[],"class_list":["post-8469","post","type-post","status-publish","format-standard","has-post-thumbnail","hentry","category-popular"],"aioseo_notices":[],"_links":{"self":[{"href":"https:\/\/info-eforie.ro\/index.php\/wp-json\/wp\/v2\/posts\/8469","targetHints":{"allow":["GET"]}}],"collection":[{"href":"https:\/\/info-eforie.ro\/index.php\/wp-json\/wp\/v2\/posts"}],"about":[{"href":"https:\/\/info-eforie.ro\/index.php\/wp-json\/wp\/v2\/types\/post"}],"author":[{"embeddable":true,"href":"https:\/\/info-eforie.ro\/index.php\/wp-json\/wp\/v2\/users\/1"}],"replies":[{"embeddable":true,"href":"https:\/\/info-eforie.ro\/index.php\/wp-json\/wp\/v2\/comments?post=8469"}],"version-history":[{"count":0,"href":"https:\/\/info-eforie.ro\/index.php\/wp-json\/wp\/v2\/posts\/8469\/revisions"}],"wp:featuredmedia":[{"embeddable":true,"href":"https:\/\/info-eforie.ro\/index.php\/wp-json\/wp\/v2\/media\/8470"}],"wp:attachment":[{"href":"https:\/\/info-eforie.ro\/index.php\/wp-json\/wp\/v2\/media?parent=8469"}],"wp:term":[{"taxonomy":"category","embeddable":true,"href":"https:\/\/info-eforie.ro\/index.php\/wp-json\/wp\/v2\/categories?post=8469"},{"taxonomy":"post_tag","embeddable":true,"href":"https:\/\/info-eforie.ro\/index.php\/wp-json\/wp\/v2\/tags?post=8469"}],"curies":[{"name":"wp","href":"https:\/\/api.w.org\/{rel}","templated":true}]}}