{"id":8305,"date":"2025-10-17T02:07:12","date_gmt":"2025-10-17T02:07:12","guid":{"rendered":"https:\/\/info-eforie.ro\/index.php\/2025\/10\/17\/faza-uluitoare-petrecuta-la-miercurea-ciuc-ce-s-a-intamplat-in-csikszerda\/"},"modified":"2025-10-17T02:07:12","modified_gmt":"2025-10-17T02:07:12","slug":"faza-uluitoare-petrecuta-la-miercurea-ciuc-ce-s-a-intamplat-in-csikszerda","status":"publish","type":"post","link":"https:\/\/info-eforie.ro\/index.php\/2025\/10\/17\/faza-uluitoare-petrecuta-la-miercurea-ciuc-ce-s-a-intamplat-in-csikszerda\/","title":{"rendered":"Faz\u0103 uluitoare petrecut\u0103 la Miercurea Ciuc! Ce s-a \u00eent\u00e2mplat \u00een Csikszerda"},"content":{"rendered":"<div>\n<div>\n<div>\n<p><img loading=\"lazy\" decoding=\"async\" width=\"1280\" height=\"500\" id=\"sport-art-hero-img\" src=\"https:\/\/www.sport.ro\/img\/2025\/10\/16\/201244\/digisport-1-2025-10-16-22-20-09-1.png?fm=jpg&#038;q=80&#038;fit=max&#038;crop=830%2C467%2C15%2C0&#038;w=1280\" alt=\"Faz\u0103 uluitoare petrecut\u0103 la Miercurea Ciuc! Ce s-a &icirc;nt&acirc;mplat &icirc;n Csikszerda - CFR Cluj, de noaptea min\u021bii\" title=\"Faz\u0103 uluitoare petrecut\u0103 la Miercurea Ciuc! Ce s-a &icirc;nt&acirc;mplat &icirc;n Csikszerda - CFR Cluj, de noaptea min\u021bii\"><\/p>\n<p><span><br \/>\n    Superliga<br \/>\n<\/span><\/p>\n<\/p><\/div>\n<div>\n<div>\n<div>\n<p><img loading=\"lazy\" decoding=\"async\" src=\"https:\/\/www.sport.ro\/build\/sport\/assets\/author_icon-c42a047b.svg\" width=\"41\" height=\"41\" alt=\"SPORT.RO\">\n                                                    <\/p>\n<\/p><\/div>\n<div>\n                                                                                <a href=\"https:\/\/www.sport.ro\/stiri-scrise-de\/sportro\"><\/p>\n<p>\n                                    SPORT.RO\n                                <\/p>\n<p>                            <\/a><\/p>\n<p>Data publicarii: <span data-utc-date=\"2025-10-16 20:23:56\" data-date-format=\"{day} {Month} {year}, {hour}:{minute}\"><\/span>\n                        <\/p>\n<p>Data actualizarii: <span data-utc-date=\"2025-10-16 20:23:56\" data-date-format=\"{day} {Month} {year}, {hour}:{minute}\"><\/span>\n                        <\/p>\n<\/p><\/div>\n<\/p><\/div>\n<div>\n<p><a href=\"https:\/\/www.sport.ro\/liga-1\/fk-csikszereda-cfr-cluj-restanta-din-etapa-5-azi-de-la-20-30-pe-ce-loc-pica-fcsb-daca-nu-pierd-clujenii.html\" rel=\"noopener noreferrer\">CFR Cluj a remizat pe terenul lui Csikszereda<\/a>, \u00eentr-o restan\u021b\u0103 din etapa a cincea din Superliga.<\/p>\n<\/div><\/div>\n<div>\n<div>\n<p><a href=\"https:\/\/www.sport.ro\/liga-1\/andrea-mandorlini-dezamagit-dupa-remiza-cu-csikszereda-nu-e-greseala-lui-biliboc-este-a-altcuiva.html\" rel=\"noopener noreferrer\"><strong>CFR Cluj<\/strong><\/a> a deschis scorul prin Andrei Cordea \u00een minutul 17, dup\u0103 ce a fost servit perfect de Louis Munteanu, dar Eppel a egalat \u00een prima repriz\u0103 \u0219i s-a intrat la cabine cu scorul de 1-1.<\/p>\n<p>Ardelenii au revenit \u00een avantaj dup\u0103 reu\u0219ita lui Slimani din minutul 71, dar au fost egala\u021bi din nou din penalty, la ultima faz\u0103 a meciului. Paszka a marcat din sc\u0103ri\u021b\u0103 de la 11 metri \u0219i a stabilit scorul de egalitate.<\/p>\n<\/div>\n<div>\n<h2>Faz\u0103 controversat\u0103 \u00een finalul meciului Csikszereda &#8211; CFR Cluj\u00a0<br \/><\/h2>\n<p>\u00cen minutul 86 al partidei de la Miercurea Ciuc a avut loc o faz\u0103 controversat\u0103, la care decizia centralului George G\u0103man poate fi pus\u0103 sub semnul \u00eentreb\u0103rii.<\/p>\n<p>Portarul lui CFR Cluj a prins o minge centrat\u0103 \u00een careu, dar Hindrich a sc\u0103pat balonul dup\u0103 o ciocnire cu Eppel \u0219i Hegedus a \u00eenscris cu poarta goal\u0103, dar G\u0103man a fluierat \u00eenainte de marcarea golului fault la portar, astfel c\u0103 faza nu a mai putu fi revizuit\u0103 \u00een camera VAR.<\/p>\n<\/div>\n<div id=\"photogallery__144314\">\n<ul>\n<li>\n                            <img loading=\"lazy\" decoding=\"async\" id=\"sport-gallery-btn__144314\" src=\"https:\/\/www.sport.ro\/img\/2025\/10\/16\/202240\/digisport-1-2025-10-16-22-19-59.png?fm=jpg&#038;q=80&#038;fit=max&#038;crop=960%2C540%2C0%2C0&#038;w=400\" alt=\"Digisport 1 2025 10 16 22 19 59\" title data-blockid=\"144314\">\n                        <\/li>\n<\/ul><\/div>\n<div>\n<p>Ionel D\u0103nciulescu e a vorbit despre aceast\u0103 faz\u0103 \u0219i e de p\u0103rere c\u0103 nu este vorba de fault la portarul lui CFR Cluj \u0219i centralul a gre\u0219it la aceast\u0103 faz\u0103.<\/p>\n<p><strong>\u201eDin punctul meu de vedere nu a fost fault acolo, juc\u0103torul lui Csikszereda vrea s\u0103 se \u0219i fereasc\u0103. Dac\u0103 era fault cum a crezut el, trebuia s\u0103 fluiere imediat, nu cum a f\u0103cut el. De ce mai la\u0219i faza?\u201d<\/strong>, a spus Ionel D\u0103nciulescu la Digi Sport.<\/p>\n<p>\u00cen urma acestui rezultat CFR Cluj a urcat pe locul 11 \u00een Superliga \u0219i a ajuns la 13 puncte, \u00een timp ce Csikszerea a f\u0103cut nou\u0103 puncte \u0219i se afl\u0103 pe locul 15.<\/p>\n<\/div>\n<div>\n<p>\n        Articol recomandat de stirileprotv.ro\n    <\/p>\n<div id=\"inrecommended\">\n<p><a href=\"https:\/\/stirileprotv.ro\/stiri\/actualitate\/sefa-spitalului-militar-central-sub-control-judiciar-dupa-perchezitii-dna-investigheaza-un-prejudiciu-fara-precedent.html\"><br \/>\n                            <img loading=\"lazy\" decoding=\"async\" src=\"https:\/\/assets.protv.ro\/assets\/feed\/production_stiri-interior-articol-sport\/20251016\/62583573.webp\" width=\"80\" height=\"80\" alt=\"Surse: \u0218efa Spitalului Militar, sub control judiciar. Cau\u021biune de 1 milion de lei impus\u0103 de procurori\"><br \/>\n                        <\/a>\n                    <\/p>\n<\/p><\/div>\n<\/div><\/div>\n<\/p><\/div>\n<\/div>\n<p><a href=\"https:\/\/www.sport.ro\/liga-1\/faza-uluitoare-petrecuta-la-miercurea-ciuc-ce-s-a-intamplat-in-csikszerda-cfr-cluj-de-noaptea-mintii.html\" class=\"button purchase\" rel=\"nofollow noopener\" target=\"_blank\">Read More<\/a><\/p>\n","protected":false},"excerpt":{"rendered":"<p>Superliga SPORT.RO Data publicarii: Data actualizarii: CFR Cluj a remizat pe terenul lui Csikszereda, \u00eentr-o restan\u021b\u0103 din etapa a cincea din Superliga. CFR Cluj a [&hellip;]<\/p>\n","protected":false},"author":1,"featured_media":8306,"comment_status":"open","ping_status":"open","sticky":false,"template":"","format":"standard","meta":{"_monsterinsights_skip_tracking":false,"footnotes":""},"categories":[7],"tags":[],"class_list":["post-8305","post","type-post","status-publish","format-standard","has-post-thumbnail","hentry","category-sports"],"aioseo_notices":[],"_links":{"self":[{"href":"https:\/\/info-eforie.ro\/index.php\/wp-json\/wp\/v2\/posts\/8305","targetHints":{"allow":["GET"]}}],"collection":[{"href":"https:\/\/info-eforie.ro\/index.php\/wp-json\/wp\/v2\/posts"}],"about":[{"href":"https:\/\/info-eforie.ro\/index.php\/wp-json\/wp\/v2\/types\/post"}],"author":[{"embeddable":true,"href":"https:\/\/info-eforie.ro\/index.php\/wp-json\/wp\/v2\/users\/1"}],"replies":[{"embeddable":true,"href":"https:\/\/info-eforie.ro\/index.php\/wp-json\/wp\/v2\/comments?post=8305"}],"version-history":[{"count":0,"href":"https:\/\/info-eforie.ro\/index.php\/wp-json\/wp\/v2\/posts\/8305\/revisions"}],"wp:featuredmedia":[{"embeddable":true,"href":"https:\/\/info-eforie.ro\/index.php\/wp-json\/wp\/v2\/media\/8306"}],"wp:attachment":[{"href":"https:\/\/info-eforie.ro\/index.php\/wp-json\/wp\/v2\/media?parent=8305"}],"wp:term":[{"taxonomy":"category","embeddable":true,"href":"https:\/\/info-eforie.ro\/index.php\/wp-json\/wp\/v2\/categories?post=8305"},{"taxonomy":"post_tag","embeddable":true,"href":"https:\/\/info-eforie.ro\/index.php\/wp-json\/wp\/v2\/tags?post=8305"}],"curies":[{"name":"wp","href":"https:\/\/api.w.org\/{rel}","templated":true}]}}