{"id":8177,"date":"2025-10-12T01:08:44","date_gmt":"2025-10-12T01:08:44","guid":{"rendered":"https:\/\/info-eforie.ro\/index.php\/2025\/10\/12\/au-fost-ultimii-35-de-ani-au-fost-cei-mai-buni-din-istoria-romaniei-cristian-pirvulescu-romanii-se-compara-cu-europa-de-vest-nu-cu-trecutul-lor\/"},"modified":"2025-10-12T01:08:44","modified_gmt":"2025-10-12T01:08:44","slug":"au-fost-ultimii-35-de-ani-au-fost-cei-mai-buni-din-istoria-romaniei-cristian-pirvulescu-romanii-se-compara-cu-europa-de-vest-nu-cu-trecutul-lor","status":"publish","type":"post","link":"https:\/\/info-eforie.ro\/index.php\/2025\/10\/12\/au-fost-ultimii-35-de-ani-au-fost-cei-mai-buni-din-istoria-romaniei-cristian-pirvulescu-romanii-se-compara-cu-europa-de-vest-nu-cu-trecutul-lor\/","title":{"rendered":"Au fost ultimii 35 de ani au fost cei mai buni din istoria Rom\u00e2niei? Cristian P\u00eervulescu: \u201eRom\u00e2nii se compar\u0103 cu Europa de Vest, nu cu trecutul lor\u201d"},"content":{"rendered":"<div>\n<p>O simpl\u0103 postare pe Reddit, care sus\u021binea c\u0103 \u201eultimii 35 de ani au fost cei mai buni din istoria Rom\u00e2niei\u201d, a declan\u0219at o dezbatere aprins\u0103 despre ce \u00eenseamn\u0103, de fapt, progresul. \u00centre cifrele care arat\u0103 cre\u0219tere \u0219i sentimentul colectiv de stagnare, analistul politic Cristian P\u00eervulescu explic\u0103 pentru Adev\u0103rul de ce percep\u021bia social\u0103 r\u0103m\u00e2ne \u00een urma datelor economice.<\/p>\n<div><picture loading=\"eager\" width=\"1400\" height=\"750\" alt=\"Cristian P\u00eervulescu \"><source type=\"image\/webp\"  media=\"(min-width: 1400px)\"><source type=\"image\/webp\"  media=\"(min-width: 1000px)\"><source type=\"image\/webp\"  media=\"(min-width: 700px)\"><source type=\"image\/jpeg\"  media=\"(min-width: 1400px)\"><source type=\"image\/jpeg\"  media=\"(min-width: 1000px)\"><source type=\"image\/jpeg\"  media=\"(min-width: 700px)\"><img fetchpriority=\"high\" decoding=\"async\" src=\"https:\/\/cdn.adh.reperio.news\/image-1\/1e389ee5-1588-4ef8-8ad9-a72677287a73\/index.jpeg?p=a%3D1%26co%3D1.05%26w%3D700%26h%3D750%26r%3Dcontain%26f%3Dwebp\" alt=\"Cristian P\u00eervulescu \" width=\"1400\" height=\"750\" loading=\"eager\"><\/picture>\n<p>Cristian P\u00eervulescu <\/p>\n<\/div>\n<p><i>\u201eStatistic \u0219i economic, Rom\u00e2nia traverseaz\u0103 cea mai bun\u0103 perioad\u0103 din istoria sa. Dar percep\u021bia \u00een\u0219eal\u0103: oamenii judec\u0103 prezentul prin experien\u021ba personal\u0103, nu prin indicatori. Progresul e real, dar nu egal resim\u021bit\u201d<\/i>, <a href=\"https:\/\/adevarul.ro\/stiri-interne\/evenimente\/romania-somata-de-comisia-europeana-sa-alinieze-2477744.html\">spune <\/a>Cristian P\u00eervulescu.<\/p>\n<p>El explic\u0103 faptul c\u0103, de\u0219i datele economice arat\u0103 o cre\u0219tere constant\u0103, percep\u021bia social\u0103 r\u0103m\u00e2ne scindat\u0103: <i>\u201eA\u0219tept\u0103rile cresc mai repede dec\u00e2t veniturile. Tranzi\u021bia a schimbat reperele: ast\u0103zi, rom\u00e2nii se compar\u0103 cu Europa de Vest, nu cu trecutul lor.\u201d<\/i><\/p>\n<p>\u00cen opinia sa, aceast\u0103 disonan\u021b\u0103 dintre cifre \u0219i realitate reflect\u0103 o criz\u0103 de reprezentare a progresului. \u201e<i>Datele economice nu mai conving f\u0103r\u0103 o experien\u021b\u0103 cotidian\u0103 a normalit\u0103\u021bii. Progresul devine credibil doar c\u00e2nd se vede \u00een via\u021ba de zi cu zi\u201d,<\/i> completeaz\u0103 acesta.<\/p>\n<p>Despre compara\u021biile tot mai frecvente cu perioada comunist\u0103, P\u00eervulescu precizeaz\u0103 c\u0103: <i>\u201enu e nostalgie, ci o memorie a stabilit\u0103\u021bii. Trecutul ofer\u0103 o imagine simpl\u0103, u\u0219or de \u00een\u021beles, \u00een timp ce prezentul este complex \u0219i schimb\u0103tor.\u201d<\/i><\/p>\n<p>Genera\u021biile privesc diferit ultimii 35 de ani. <i>\u201eCei care au tr\u0103it tranzi\u021bia asociaz\u0103 libertatea cu haosul, tinerii o iau ca pe un dat \u0219i se raporteaz\u0103 critic la institu\u021bii\u201d, <\/i>adaug\u0103 Cristian P\u00eervulescu.<\/p>\n<p>C\u00e2nd vine vorba despre beneficiile economice, analistul atrage aten\u021bia asupra decalajelor regionale:\u00a0<i>\u201eRom\u00e2nia a crescut inegal. Marile ora\u0219e s-au dezvoltat, dar decalajele regionale s-au ad\u00e2ncit. Aceasta alimenteaz\u0103 ne\u00eencrederea \u00een democra\u021bie\u201d<\/i>.<\/p>\n<p>Iar aceast\u0103 ne\u00eencredere, spune el, are consecin\u021be directe asupra legitimit\u0103\u021bii sistemului:\u00a0<i>\u201eC\u00e2nd regulile par s\u0103 func\u021bioneze doar pentru unii, oamenii pun sub semnul \u00eentreb\u0103rii legitimitatea sistemului.\u201d<\/i><\/p>\n<p>\u00cen final, Cristian P\u00eervulescu vede \u00een dezbaterea de pe Reddit un semn al transform\u0103rii spa\u021biului public. <i>\u201eE semnul unei noi opinii publice digitale: spontane, ironice, dar vii. Internetul devine agora unei genera\u021bii care nu mai are r\u0103bdare cu discursul politic tradi\u021bional\u201d<\/i>, semnaleaz\u0103 acesta.<\/p>\n<h2>\u00centre cifre \u0219i percep\u021bie<\/h2>\n<p><i>\u201eAm observat o invazie de conturi noi pe Reddit care repet\u0103 mantra cu cei \u00ab35 de ani\u00bb de groaz\u0103 din istoria Rom\u00e2niei. Oricum era repetat\u0103 la nesf\u00e2r\u0219it pe alte re\u021bele de socializare de fermele de bo\u021bi din noiembrie anul trecut \u0219i de fapt mult mai de dinainte. Rezultatul atunci c\u00e2nd te pl\u00e2ngi de ultimii 35 de ani este c\u0103 de fapt prezin\u021bi drept acceptabil ce se \u00eent\u00e2mpla acum 36, 37, poate 77, 80 sau 87 de ani\u201d<\/i>, a \u00eenceput s\u0103 dialogheze un user\u00a0 \u00eentr-o postare pe Reddit.\u00a0 <\/p>\n<p>Au fost abordate, a ad\u0103ugat acesta: \u201e<i>intrarea \u00een NATO, UE, aderarea la Schengen mai rele dec\u00e2t dictatura na\u021bional-ceau\u0219ist\u0103, ocuparea stalinist\u0103, dictatura lui Antonescu, dictatura regal\u0103? Asta e concluzia mantrei cu cei \u00ab35 de ani\u00bb \u0219i oricine o repet\u0103 sus\u021bine implicit c\u0103 regimurile anterioare de teroare sau tiranie erau preferabile democra\u021biei liberale din Rom\u00e2nia postdecembrist\u0103 cu toate problemele ei.\u201d<\/i><\/p>\n<p>Un alt utilizator a intervenit spun\u00e2nd c\u0103: <i>\u201eProbabil cei mai buni 35 de ani de c\u00e2nd exist\u0103 Rom\u00e2nia ca \u021bar\u0103. Mai ales economic. Am plecat de la salariile de vreo 20 de ori mai mici dec\u00e2t cele din Germania \u0219i am ajuns la doar de 2, 3 ori mai mici. Progres incredibil!\u201d<\/i><\/p>\n<p>Alt comentator a continuat discu\u021bia:<i> \u201eA\u0219 zice \u00abcei mai buni 25\u00bb, respectiv ultimii 25. Anii 90 au fost pro\u0219ti, at\u00e2t de pro\u0219ti \u00eenc\u00e2t pot fi compara\u021bi nefavorabil cu alte perioade din istoria Rom\u00e2niei, inclusiv anii 70 \u0219i anii 30 de exemplu. \u00cen 1992 aveam un PIB per capita at\u00e2t de mic \u00eenc\u00e2t p\u00e2n\u0103 \u0219i \u00een 1980 era mai mare \u0219i \u00een 1980 se opresc graficele pe care le-am consultat.\u201d<\/i><\/p>\n<p>Altcineva i-a replicat: <i>\u201ePe h\u00e2rtie sun\u0103 bine, uiti s\u0103 spui c\u0103 \u0219i pre\u021burile au ajuns ca-n Germania, nu \u0219i puterea de cump\u0103rare, mai ales dac\u0103 ne uit\u0103m la disparitatea dintre clase, ori dintre urban \u0219i rural. C\u00e2nd spui salariu de 2,3 de ori mai mic spui c\u0103 \u00een loc de aprox. 2000 salariu minim nem\u021besc, tu ai 1000 sau 650 de euro. 1000 de euro \u00een plus nu e chiar \u00abo nimica toat\u0103\u00bb.\u201d<\/i><\/p>\n<p>Un alt utilizator a scris: <i>\u201eCea mai bun\u0103 perioad\u0103 din istoria noastr\u0103. Din toate punctele de vedere.\u00a0C\u0103 se putea mai mult?\u00a0Evident c\u0103 se putea. Dar mereu se poate mai mult&#8230; \u0219i asta speculeaz\u0103 de fapt narativa suveranist\u0103.\u201d<\/i><\/p>\n<p><i>\u201eE o re\u021bea mixt\u0103 de bo\u021bi organiza\u021bi \u0219i de pro\u0219ti dezorganiza\u021bi care au preluat mesajele celor dint\u00e2i. Ceea ce mi se pare bizar este cum at\u00e2\u021bia oameni c\u00e2t de c\u00e2t educa\u021bi sus\u021bin p\u00e2n\u0103 la ridicol ni\u0219te p\u0103reri pe care le-au primit arbitrar de la al\u021bii de pe net despre care nu \u0219tiu absolut nimic. C\u00e2nd a \u00eenceput r\u0103zboiul \u0219i un an dup\u0103, nu aveai nicio p\u0103rere, dar acum e\u0219ti expert \u00een Sun Tzu, propagand\u0103, r\u0103zboi informa\u021bional, economie de r\u0103zboi \u0219i rolul culorii chilo\u021bilor lui Nicu\u0219or \u00een conspira\u021bia pandemiei care a fost f\u0103cut\u0103 \u00een laboratorul din Wuhan pentru a pava infrastructura ne\u00eencrederii \u0219i dezinform\u0103rii pe care mai apoi Rusia \u0219i China o vor folosi pentru a prelua conducerea lumii&#8230;?\u201d<\/i>, a continuat un alt user.<\/p>\n<p>Cineva a intervenit: <i>\u201eEvolu\u021bia s-a produs \u00een ciuda conducerii Rom\u00e2niei, nu datorit\u0103 ei. Nu era necesar s\u0103 treac\u0103 at\u00e2ta timp p\u00e2n\u0103 la admiterea \u00een NATO \u0219i UE. Nu era nevoie ca o \u00eentreag\u0103 genera\u021bie de muncitori s\u0103 fie aruncat\u0103 la gunoi \u00een \u201990. Nu era necesar ca industria s\u0103 fie distrus\u0103 pentru imobiliare. Aveam 10 ani la Revolu\u021bie, acum am 45. \u021aara e foarte departe de unde ar fi putut fi. Nu pot privi altfel dec\u00e2t cu resentiment, mie mi-au furat tinere\u021bea \u00een timp ce tac\u2019su unui politician neoliberal f\u0103cea bygbyznis. El a studiat unde\u00a0a vrut, pentru mine nu exista nici viz\u0103. (\u2026) A, c\u0103 e \u0219i propagand\u0103, da, ok, dar pleac\u0103 de la un adev\u0103r evident.\u201d<\/i><\/p>\n<p>Un altul i-a r\u0103spuns: <i>\u201eCu excep\u021bia fazei cu UE \u0219i NATO, unde probabil intram cu ungurii \u0219i polonezii cu c\u00e2\u021biva ani mai devreme, toate simptomele de care zici s-au \u00eent\u00e2mplat \u00een tot blocul estic. Unii au dus-o mai bine, dar acum se lupt\u0103 cu subteranism mult mai \u00eenr\u0103d\u0103cinat (vezi alegerile din Cehia de duminic\u0103), care \u00eei erodeaz\u0103 acum; al\u021bii au avut devaliz\u0103ri \u0219i corup\u021bi mult mai ur\u00e2\u021bi (Belarus, Rusia, Ucraina, Albania) sau s-au trezit cu r\u0103zboi (Iugoslavia). Asta cu \u00abunde ar fi putut fi\u00bb e vr\u0103jeal\u0103.\u201d<\/i><\/p>\n<p>\u00cen fine, dezbaterea online despre \u201ecei mai buni 35 de ani\u201d scoate la suprafa\u021b\u0103 o realitate paradoxal\u0103: Rom\u00e2nia a crescut, dar nu pentru <a href=\"https:\/\/adevarul.ro\/economie\/turismul-romanesc-promovat-la-ttg-travel-2477818.html\">to\u021bi\u00a0\u00een acela\u0219i ritm<\/a>. Cifrele arat\u0103 progresul, \u00eens\u0103 percep\u021bia r\u0103m\u00e2ne fracturat\u0103 \u00eentre cei care \u201esimt\u201d schimbarea \u0219i cei care o v\u0103d doar \u00een statistici.<\/p>\n<\/p><\/div>\n<p><a href=\"https:\/\/adevarul.ro\/stiri-interne\/societate\/au-fost-ultimii-35-de-ani-au-fost-cei-mai-buni-din-2477814.html\" class=\"button purchase\" rel=\"nofollow noopener\" target=\"_blank\">Read More<\/a><\/p>\n","protected":false},"excerpt":{"rendered":"<p>O simpl\u0103 postare pe Reddit, care sus\u021binea c\u0103 \u201eultimii 35 de ani au fost cei mai buni din istoria Rom\u00e2niei\u201d, a declan\u0219at o dezbatere aprins\u0103 [&hellip;]<\/p>\n","protected":false},"author":1,"featured_media":8178,"comment_status":"open","ping_status":"open","sticky":false,"template":"","format":"standard","meta":{"_monsterinsights_skip_tracking":false,"footnotes":""},"categories":[6],"tags":[],"class_list":["post-8177","post","type-post","status-publish","format-standard","has-post-thumbnail","hentry","category-popular"],"aioseo_notices":[],"_links":{"self":[{"href":"https:\/\/info-eforie.ro\/index.php\/wp-json\/wp\/v2\/posts\/8177","targetHints":{"allow":["GET"]}}],"collection":[{"href":"https:\/\/info-eforie.ro\/index.php\/wp-json\/wp\/v2\/posts"}],"about":[{"href":"https:\/\/info-eforie.ro\/index.php\/wp-json\/wp\/v2\/types\/post"}],"author":[{"embeddable":true,"href":"https:\/\/info-eforie.ro\/index.php\/wp-json\/wp\/v2\/users\/1"}],"replies":[{"embeddable":true,"href":"https:\/\/info-eforie.ro\/index.php\/wp-json\/wp\/v2\/comments?post=8177"}],"version-history":[{"count":0,"href":"https:\/\/info-eforie.ro\/index.php\/wp-json\/wp\/v2\/posts\/8177\/revisions"}],"wp:featuredmedia":[{"embeddable":true,"href":"https:\/\/info-eforie.ro\/index.php\/wp-json\/wp\/v2\/media\/8178"}],"wp:attachment":[{"href":"https:\/\/info-eforie.ro\/index.php\/wp-json\/wp\/v2\/media?parent=8177"}],"wp:term":[{"taxonomy":"category","embeddable":true,"href":"https:\/\/info-eforie.ro\/index.php\/wp-json\/wp\/v2\/categories?post=8177"},{"taxonomy":"post_tag","embeddable":true,"href":"https:\/\/info-eforie.ro\/index.php\/wp-json\/wp\/v2\/tags?post=8177"}],"curies":[{"name":"wp","href":"https:\/\/api.w.org\/{rel}","templated":true}]}}