{"id":7833,"date":"2025-09-27T21:07:54","date_gmt":"2025-09-27T21:07:54","guid":{"rendered":"https:\/\/info-eforie.ro\/index.php\/2025\/09\/27\/declaratiile-lui-nicusor-dan-care-au-incins-retelele-sociale-daca-acum-sunt-la-30-cand-s-au-anulat-la-cat-erau\/"},"modified":"2025-09-27T21:07:54","modified_gmt":"2025-09-27T21:07:54","slug":"declaratiile-lui-nicusor-dan-care-au-incins-retelele-sociale-daca-acum-sunt-la-30-cand-s-au-anulat-la-cat-erau","status":"publish","type":"post","link":"https:\/\/info-eforie.ro\/index.php\/2025\/09\/27\/declaratiile-lui-nicusor-dan-care-au-incins-retelele-sociale-daca-acum-sunt-la-30-cand-s-au-anulat-la-cat-erau\/","title":{"rendered":"Declara\u021biile lui Nicu\u0219or Dan care au \u00eencins re\u021belele sociale. \u201eDac\u0103 acum sunt la 30%, c\u00e2nd s-au anulat la c\u00e2t erau?\u201d"},"content":{"rendered":"<div>\n<p>Pre\u0219edintele Nicu\u0219or Dan a vorbit despre riscurile de securitate cu care se confrunt\u0103 Rom\u00e2nia \u0219i despre felul \u00een care statul se preg\u0103te\u0219te pentru a r\u0103spunde provoc\u0103rilor hibride. Rusia r\u0103m\u00e2ne \u201einamicul nostru \u0219i al Europei\u201d, a spus acesta, dar nu are capacitatea de a ataca <a href=\"https:\/\/adevarul.ro\/stiri-externe\/europa\/diplomati-europeni-avertizeaza-kremlinul-ca-nato-e-2474767.html\">NATO<\/a> acum. Internau\u021bii au reac\u021bionat imediat.<\/p>\n<div><picture loading=\"eager\" width=\"1400\" height=\"747\" alt=\"Nicusor Dan \u00een conferin\u021b\u0103 de pres\u0103 la Palatul Cotroceni. Captur\u0103 Facebook\"><source type=\"image\/webp\"  media=\"(min-width: 1400px)\"><source type=\"image\/webp\"  media=\"(min-width: 1000px)\"><source type=\"image\/webp\"  media=\"(min-width: 700px)\"><source type=\"image\/png\"  media=\"(min-width: 1400px)\"><source type=\"image\/png\"  media=\"(min-width: 1000px)\"><source type=\"image\/png\"  media=\"(min-width: 700px)\"><img fetchpriority=\"high\" decoding=\"async\" src=\"https:\/\/cdn.adh.reperio.news\/image-2\/2e87cb7c-d4c0-498f-b392-7b6a8d0948db\/index.png?p=a%3D1%26co%3D1.05%26w%3D700%26h%3D747%26r%3Dcontain%26f%3Dwebp\" alt=\"Nicusor Dan \u00een conferin\u021b\u0103 de pres\u0103 la Palatul Cotroceni. Captur\u0103 Facebook\" width=\"1400\" height=\"747\" loading=\"eager\"><\/picture>\n<p>Nicusor Dan \u00een conferin\u021b\u0103 de pres\u0103 la Palatul Cotroceni. Captur\u0103 Facebook<\/p>\n<\/div>\n<p>\u00cen schimb, Rom\u00e2nia se confrunt\u0103 cu un alt tip de pericole: drone, atacuri informatice \u0219i campanii de dezinformare. Pre\u0219edintele a spus c\u0103 \u00een perioada alegerilor au fost \u00eenregistrate aproximativ 80.000 de atacuri cibernetice asupra institu\u021biilor statului. Rom\u00e2nia are o ap\u0103rare tehnic\u0103 solid\u0103, dar presiunea este constant\u0103.<\/p>\n<p><i>\u201eSuntem, tehnologic, cu un pas \u00een spatele Rusiei\u201d, <\/i>a recunoscut Nicu\u0219or Dan, \u00eentr-un interviu pentru Digi24.<\/p>\n<p>Mai grav dec\u00e2t atacurile informatice este r\u0103zboiul informa\u021bional. O nara\u021biune fals\u0103 poate ajunge la sute de mii de oameni \u00een dou\u0103 ore, iar o reac\u021bie tardiv\u0103 devine inutil\u0103. Pre\u0219edintele a acuzat partidele suveraniste c\u0103 ac\u021bioneaz\u0103 pe o linie \u201ealiniat\u0103 cu Moscova\u201d. A amintit \u0219i de cazul C\u0103lin Georgescu, despre care spune c\u0103 a fost sus\u021binut de o re\u021bea cu leg\u0103turi c\u0103tre Rusia, insa a men\u021bionat ca poate vorbi public doar despre 30% din acest caz.<\/p>\n<p>Toate aceste lec\u021bii vor fi incluse \u00eentr-o nou\u0103 Strategie de Securitate Na\u021bional\u0103. Documentul va fi supus unei dezbateri publice \u0219i va aduce reguli clare pentru ap\u0103rarea aerian\u0103, rezilien\u021b\u0103 cibernetic\u0103 \u0219i r\u0103spuns rapid la dezinformare.<\/p>\n<h2>\u201eSpune c\u00e2t poate spune acum &#038; nu ne mai cere\u021bi s\u0103 credem pe cuv\u00e2nt\u201d<\/h2>\n<p>Pe <a href=\"https:\/\/www.reddit.com\/r\/Romania\/comments\/1nqt64e\/video_nicu%C8%99or_dan_spune_c%C4%83_are_certitudinea_c%C4%83\/\" rel=\"nofollow\">Reddit<\/a>, reac\u021biile la interviu au fost intense \u0219i polarizate. Unii utilizatori \u00eel ap\u0103r\u0103 pe pre\u0219edinte, spun\u00e2nd c\u0103 e normal s\u0103 nu poat\u0103 face public toate informa\u021biile:<br \/>\n\u201e<i>Suntem la 30% din a descrie ce s-a \u00eent\u00e2mplat pentru c\u0103 at\u00e2t poate spune acum, f\u0103r\u0103 a compromite investiga\u021biile\u201d,<\/i> scrie un utilizator.<\/p>\n<p>Al\u021bii sunt \u00eens\u0103 sceptici \u0219i ironici:<br \/>\n\u201e<i>\u00cen loc s\u0103-i creasc\u0103 certitudinea, \u00eei scade. Bravo, Nicule.<\/i>\u201d<br \/>\n<i>\u201eDac\u0103 acum sunt la 30%, c\u00e2nd s-au anulat, la c\u00e2t erau?\u201d<\/i><\/p>\n<p>Tema <b><i>desecretiz\u0103rii<\/i><\/b> revine constant. \u201e<i>Nu era vorba c\u0103 desecretizeaz\u0103?\u201d, <\/i>\u00eentreab\u0103 un utilizator, exprim\u00e2nd ner\u0103bdarea de a vedea transparen\u021b\u0103 real\u0103. <\/p>\n<p>Apar \u0219i ironii acide. \u201e<i>V\u0103d c-a mai adus Nicu\u0219or ni\u0219te nutre\u021b pentru nicu\u0219ori\u0219ti, poft\u0103 bun\u0103 prieteni\u201d, <\/i>scrie un altcineva, suger\u00e2nd c\u0103 sus\u021bin\u0103torii pre\u0219edintelui accept\u0103 f\u0103r\u0103 cr\u00e2cnire explica\u021biile oficiale.<\/p>\n<p>\u00cen privin\u021ba \u201edovezilor\u201d, unii cer transferuri bancare sau documente clare, nu doar prezent\u0103ri de la CSAT. \u00cen oglind\u0103, al\u021bii amintesc c\u0103 nu confundam standardele CCR cu un proces penal: Curtea Constitu\u021bional\u0103 poate decide pe baza documentelor oficiale ale institu\u021biilor.<\/p>\n<p>Discu\u021biile au atins \u0219i subiectul finan\u021b\u0103rii campaniei lui C\u0103lin Georgescu. Unii sus\u021bin c\u0103 PNL ar fi pl\u0103tit indirect, al\u021bii vorbesc despre o campanie \u201edeturnat\u0103\u201d din zona pro-Ciuc\u0103 spre mesaje pro-CG.<\/p>\n<p>\u00cen final, comunitatea r\u0103m\u00e2ne \u00eemp\u0103r\u021bit\u0103 \u00eentre cei care cred c\u0103 pre\u0219edintele \u201espune c\u00e2t poate spune acum\u201d \u0219i cei care v\u0103d doar promisiuni vagi \u0219i lipsa unor dovezi palpabile.<\/p>\n<\/p><\/div>\n<p><a href=\"https:\/\/adevarul.ro\/politica\/declaratiile-lui-nicusor-dan-care-au-incins-2474861.html\" class=\"button purchase\" rel=\"nofollow noopener\" target=\"_blank\">Read More<\/a><\/p>\n","protected":false},"excerpt":{"rendered":"<p>Pre\u0219edintele Nicu\u0219or Dan a vorbit despre riscurile de securitate cu care se confrunt\u0103 Rom\u00e2nia \u0219i despre felul \u00een care statul se preg\u0103te\u0219te pentru a r\u0103spunde [&hellip;]<\/p>\n","protected":false},"author":1,"featured_media":7834,"comment_status":"open","ping_status":"open","sticky":false,"template":"","format":"standard","meta":{"_monsterinsights_skip_tracking":false,"_monsterinsights_sitenote_active":false,"_monsterinsights_sitenote_note":"","_monsterinsights_sitenote_category":0,"footnotes":""},"categories":[6],"tags":[],"class_list":["post-7833","post","type-post","status-publish","format-standard","has-post-thumbnail","hentry","category-popular"],"aioseo_notices":[],"_links":{"self":[{"href":"https:\/\/info-eforie.ro\/index.php\/wp-json\/wp\/v2\/posts\/7833","targetHints":{"allow":["GET"]}}],"collection":[{"href":"https:\/\/info-eforie.ro\/index.php\/wp-json\/wp\/v2\/posts"}],"about":[{"href":"https:\/\/info-eforie.ro\/index.php\/wp-json\/wp\/v2\/types\/post"}],"author":[{"embeddable":true,"href":"https:\/\/info-eforie.ro\/index.php\/wp-json\/wp\/v2\/users\/1"}],"replies":[{"embeddable":true,"href":"https:\/\/info-eforie.ro\/index.php\/wp-json\/wp\/v2\/comments?post=7833"}],"version-history":[{"count":0,"href":"https:\/\/info-eforie.ro\/index.php\/wp-json\/wp\/v2\/posts\/7833\/revisions"}],"wp:featuredmedia":[{"embeddable":true,"href":"https:\/\/info-eforie.ro\/index.php\/wp-json\/wp\/v2\/media\/7834"}],"wp:attachment":[{"href":"https:\/\/info-eforie.ro\/index.php\/wp-json\/wp\/v2\/media?parent=7833"}],"wp:term":[{"taxonomy":"category","embeddable":true,"href":"https:\/\/info-eforie.ro\/index.php\/wp-json\/wp\/v2\/categories?post=7833"},{"taxonomy":"post_tag","embeddable":true,"href":"https:\/\/info-eforie.ro\/index.php\/wp-json\/wp\/v2\/tags?post=7833"}],"curies":[{"name":"wp","href":"https:\/\/api.w.org\/{rel}","templated":true}]}}