{"id":7821,"date":"2025-09-26T21:06:55","date_gmt":"2025-09-26T21:06:55","guid":{"rendered":"https:\/\/info-eforie.ro\/index.php\/2025\/09\/26\/ar-trebui-sa-ne-temem-de-ursii-din-carpati-uneori-e-un-mosneag-bondoc-alteori-ataca-fara-motiv\/"},"modified":"2025-09-26T21:06:55","modified_gmt":"2025-09-26T21:06:55","slug":"ar-trebui-sa-ne-temem-de-ursii-din-carpati-uneori-e-un-mosneag-bondoc-alteori-ataca-fara-motiv","status":"publish","type":"post","link":"https:\/\/info-eforie.ro\/index.php\/2025\/09\/26\/ar-trebui-sa-ne-temem-de-ursii-din-carpati-uneori-e-un-mosneag-bondoc-alteori-ataca-fara-motiv\/","title":{"rendered":"Ar trebui s\u0103 ne temem de ur\u0219ii din Carpa\u021bi? \u201eUneori e un mo\u0219neag bondoc. Alteori atac\u0103 f\u0103r\u0103 motiv\u201d"},"content":{"rendered":"<div>\n<p>Cel pu\u021bin 10.000 de ur\u0219i tr\u0103iesc \u00een Rom\u00e2nia, majoritatea \u00een Mun\u021bii Carpa\u021bi, \u021binuturi pe care ur\u0219ii le-au \u00eemp\u0103r\u021bit, din cele mai vechi timpuri, cu oamenii. Comportamentul lor ofer\u0103 motive de precau\u021bie celor care se aventureaz\u0103 \u00een drume\u021bii. <\/p>\n<div><picture loading=\"eager\" width=\"1400\" height=\"750\" alt=\"Urs brun. Foto: Pixabay.com\"><source type=\"image\/webp\"  media=\"(min-width: 1400px)\"><source type=\"image\/webp\"  media=\"(min-width: 1000px)\"><source type=\"image\/webp\"  media=\"(min-width: 700px)\"><source type=\"image\/jpeg\"  media=\"(min-width: 1400px)\"><source type=\"image\/jpeg\"  media=\"(min-width: 1000px)\"><source type=\"image\/jpeg\"  media=\"(min-width: 700px)\"><img fetchpriority=\"high\" decoding=\"async\" src=\"https:\/\/cdn.adh.reperio.news\/image-0\/01d1500d-2b39-443b-be5c-658991526965\/index.jpeg?p=a%3D1%26co%3D1.05%26w%3D700%26h%3D750%26r%3Dcontain%26c%3D0%252C0.045%252C1%252C0.922%26f%3Dwebp\" alt=\"Urs brun. Foto: Pixabay.com\" width=\"1400\" height=\"750\" loading=\"eager\"><\/picture>\n<p>Urs brun. Foto: Pixabay.com<\/p>\n<\/div>\n<p>Toamna, ur\u0219ii \u00ee\u0219i fac mai adesea sim\u021bit\u0103 prezen\u021ba \u00een apropierea localit\u0103\u021bilor, c\u00e2nd, arat\u0103 speciali\u0219tii, intr\u0103 \u00eentr-o faz\u0103 numit\u0103 hiperfagie, c\u0103ut\u00e2nd s\u0103 se hr\u0103neasc\u0103 mai mult \u00een a\u0219teptarea sezonului rece, c\u00e2nd alimenta\u021bia lor este mai s\u0103rac\u0103. Iarna, ur\u0219ii au nevoie de surplusuri de gr\u0103sime pentru a face fa\u021b\u0103 celor dou\u0103 &#8211; trei luni petrecute cel mai adesea \u00een b\u00e2rlogurile lor. <\/p>\n<p>Nu hiberneaz\u0103, spun speciali\u0219tii, ci intr\u0103 \u00eentr-o stare de somnolen\u021b\u0103, din care prim\u0103vara ies cu mult mai sl\u0103bi\u021bi, <a href=\"https:\/\/adevarul.ro\/stil-de-viata\/magazin\/romania-plina-de-salbaticiuni-care-dau-fiori-2371640.html\">ca dintr-un post \u00eendelungat. <\/a><\/p>\n<h2>Locurile cutreierate de ur\u0219i<\/h2>\n<p>Prezen\u021ba ur\u0219ilor a fost semnalat\u0103, \u00een ultimii ani, \u00een toate regiunile montane ale Rom\u00e2niei. \u201eVedetele\u201d au fost ur\u0219ii de pe Transf\u0103g\u0103r\u0103\u0219an, obi\u0219nui\u021bi cu turi\u0219tii \u0219i cu traficul aglomerat din perioada verii, mediatiza\u021bi frecvent \u00een urma incidentelor \u0219i a unor tragedii pe care le-au provocat.<\/p>\n<p>Sta\u021biunile de pe Valea Prahovei au \u201eg\u0103zduit\u201d astfel de s\u0103lb\u0103ticiuni, care \u00ee\u0219i fac apari\u021bia at\u00e2t pe traseele din Mun\u021bii Bucegi, c\u00e2t \u0219i \u00een ora\u0219e. Bra\u0219ovul este, la r\u00e2ndul lui, tot mai des cutreierat de ur\u0219i, iar localit\u0103\u021bile \u00eenvecinate \u0219i zonele turistice din \u00eemprejurimi s-au dovedit la fel de \u201eprimitoare\u201d pentru aceste animale. \u00cen Bra\u0219ov, ar\u0103tau cronicile vechi, v\u00e2n\u0103toarea de ur\u0219i era o \u00eendeletnicire \u00eenc\u0103 din perioada medieval\u0103, c\u00e2nd cei care reu\u0219eau s\u0103-i alunge din ora\u0219 erau recompensa\u021bi de comunitate.<\/p>\n<p>\u00cen \u021binutul Harghitei \u0219i al Covasnei, ur\u0219ii \u00ee\u0219i fac apari\u021bia \u00een preajma satelor \u0219i livezilor, dar \u0219i a sta\u021biunilor termale. Popula\u021bii semnificative de ur\u0219i tr\u0103iesc \u0219i \u00een Mun\u021bii Bihorului din Apuseni, dar \u0219i \u00een Valea Jiului, Par\u00e2ng \u0219i Retezat, iar p\u0103durile \u00eentinse din Mun\u021bii Poiana Rusc\u0103 \u0219i p\u0103durile seculare ale Banatului Montan ofer\u0103, la r\u00e2ndul lor, un habitat ideal acestor animale. <a href=\"https:\/\/adevarul.ro\/stil-de-viata\/calatorii\/cat-de-utile-sunt-sprayurile-pentru-ursi-pe-munte-2457116.html\">Potecile tot mai b\u0103t\u0103torite de c\u0103l\u0103tori ale \u201eVia Transilvanica\u201d <\/a>sunt \u0219i ele, \u00een tot mai multe locuri, marcate cu aten\u021bion\u0103ri legate de prezen\u021ba ur\u0219ilor \u00een zonele traversate de cel mai lung traseu de drume\u021bie din Rom\u00e2nia.<\/p>\n<p>\u00cen timp ce \u00een alte \u021b\u0103ri ur\u0219ii au disp\u0103rut de mult, Carpa\u021bii rom\u00e2ne\u0219ti au r\u0103mas un bastion vestic al ur\u0219ilor din Europa. Mul\u021bi rom\u00e2ni privesc acest fapt ca pe unul obi\u0219nuit, chiar dac\u0103 au uneori motive s\u0103 se pl\u00e2ng\u0103 de \u00eenmul\u021birea s\u0103lb\u0103ticiunilor. Turi\u0219tii str\u0103ini \u00eei privesc cu fascina\u021bie \u0219i, uneori, cu \u00eenfiorare, planific\u00e2ndu-\u0219i atent drume\u021biile \u00een Carpa\u021bi. Pe platformele online, tot mai mul\u021bi solicit\u0103 sfaturi despre ur\u0219ii din Rom\u00e2nia.<\/p>\n<p><i>\u201eCare este situa\u021bia ur\u0219ilor acum? Unde se afl\u0103, \u00een general, ur\u0219ii? Ce sfaturi generale \u00eemi pute\u021bi da despre cum s\u0103 gestionez \u00eent\u00e2lnirile cu ur\u0219ii \u0219i despre cum putem afla informa\u021bii de la localnici \u00een Bra\u0219ov? Eu \u0219i un prieten de-al meu (am\u00e2ndoi olandezi) suntem de ceva timp intriga\u021bi de natura Rom\u00e2niei \u0219i am rezervat bilete de avion spre Bucure\u0219ti, pentru a merge la drume\u021bie apoi, la sud-vest de Bra\u0219ov. Planul nostru este s\u0103 travers\u0103m mun\u021bii timp de 3\u20135 zile, cu rucsacuri \u0219i corturi. Avem destul\u0103 experien\u021b\u0103 cu drume\u021biile \u00een Scandinavia, \u00eens\u0103 riscul \u00eent\u00e2lnirii cu ur\u0219i pare mult mai mare aici dec\u00e2t acolo\u201d,<\/i> scrie o turist\u0103 din \u021a\u0103rile de Jos, pe platforma Reddit.<\/p>\n<h2>Zgomotele alung\u0103 ur\u0219ii<\/h2>\n<p>Cel mai popular sfat primit de turist\u0103 este s\u0103 fac\u0103 mult zgomot atunci c\u00e2nd se deplaseaz\u0103 pe traseele montane, pentru a nu-i lua prin surprindere pe ur\u0219i. \u00cen general, ur\u0219ii evit\u0103 contactul cu oamenii sau cu alte vie\u021buitoare, dar sunt motiva\u021bi de m\u00e2ncare, din cauza nevoii de a str\u00e2nge suficiente rezerve pentru iarn\u0103, a completat un alt turist. <\/p>\n<p>Un localnic din Bra\u0219ov, pasionat de drume\u021bii, le recomand\u0103 turi\u0219tilor s\u0103 fie aten\u021bi la orice semn care ar putea indica prezen\u021ba unui urs \u00een zon\u0103 \u0219i, \u00een general, s\u0103 evite camparea \u00een p\u0103dure, de preferat c\u00e2t mai departe de aceasta. Un rom\u00e2n i-a oferit un r\u0103spuns amuzant turistei.<\/p>\n<p><i>\u201eCare este situa\u021bia ur\u0219ilor acum? E bun\u0103, avem destui. Unde se g\u0103sesc, \u00een general, ur\u0219ii? Peste tot \u2014 e\u0219ti la ei acas\u0103. Dac\u0103 e\u0219ti atent \u0219i folose\u0219ti bunul-sim\u021b, vei fi bine. Atacurile de ur\u0219i sunt rare \u0219i, cel mai probabil, implic\u0103 ciobani care \u00eencearc\u0103 s\u0103-\u0219i protejeze turma. Ia cu tine un fluier, f\u0103 zgomote \u00een zonele unde nu ai vizibilitate sau unde vegeta\u021bia e deas\u0103. Anun\u021b\u0103-i c\u0103 e\u0219ti acolo \u2014 orice urs va fugi \u00een direc\u021bia opus\u0103. Sprayul pentru ur\u0219i e bun \u2014 probabil \u00eel vei folosi mai degrab\u0103 \u00eempotriva c\u00e2inilor de st\u00e2n\u0103. \u00cencearc\u0103 s\u0103 ocole\u0219ti orice st\u00e2n\u0103 \u00eent\u00e2lne\u0219ti: c\u00e2inii sunt mari \u0219i agresivi, iar uneori ciobanii nu dau doi bani pe tine. Bucur\u0103-te de Rom\u00e2nia!\u201d,<\/i> i-a transmis acesta.<\/p>\n<p>Un rom\u00e2n se arat\u0103 alertat de num\u0103rul tot mai mare al ur\u0219ilor de pe traseele montane \u0219i le recomand\u0103 turi\u0219tilor s\u0103 renun\u021be la c\u0103l\u0103torii lungi prin s\u0103lb\u0103ticie, mai ales \u00een afara potecilor marcate.<\/p>\n<p><i>\u201eRiscul este extrem. Popula\u021bia de ur\u0219i a sc\u0103pat de sub control. Oamenii au parte de peste cinci \u00eent\u00e2lniri cu ur\u0219i de-a lungul unui singur drum pe Transf\u0103g\u0103r\u0103\u0219an (apar zilnic videoclipuri cu ur\u0219i pe re\u021belele sociale). Riscul este ridicat \u0219i \u00een zona Bra\u0219ovului (Poiana Bra\u0219ov), Bu\u0219teni, Sinaia \u0219i Valea Prahovei (cea mai frecventat\u0103 zon\u0103 turistic\u0103). Ur\u0219ii coboar\u0103 frecvent \u00een ora\u0219ele turistice. Dac\u0103 sunt at\u00e2t de multe \u00eent\u00e2lniri pe drumuri, asta \u00eenseamn\u0103 c\u0103 \u00een p\u0103duri sunt mult mai mul\u021bi\u201d,<\/i> crede acesta.<\/p>\n<p>Jandarmii montani ofer\u0103 recomand\u0103ri pentru cei care se aventureaz\u0103 \u00een zonele s\u0103lbatice unde exist\u0103 riscul de a \u00eent\u00e2lni ur\u0219i: asigura\u021bi-v\u0103 c\u0103 ave\u021bi cel pu\u021bin un partener de drume\u021bie; discuta\u021bi, face\u021bi zgomot, ca s\u0103 fi\u021bi auzi\u021bi de animale s\u0103lbatice \u0219i s\u0103 v\u0103 evite; purta\u021bi, ag\u0103\u021bat de rucsac, un a\u0219a-numit bear-bell, clopo\u021bel \u00eempotriva ur\u0219ilor; c\u00e2nd campa\u021bi, nu \u021bine\u021bi m\u00e2ncarea \u00een cort; purta\u021bi la voi un spray cu piper \u00eempotriva ur\u0219ilor; purta\u021bi la g\u00e2t un fluier; dac\u0103 observa\u021bi prezen\u021ba ursului din dep\u0103rtare, face\u021bi zgomot; \u00eencerca\u021bi s\u0103 evita\u021bi animalele pe c\u00e2t este posibil.<\/p>\n<h2>Ur\u0219ii, animale imprevizibile<\/h2>\n<p>Scriitorul Ionel Pop (1889\u20131985) a fost unul dintre cei mai aprecia\u021bi publici\u0219ti de literatur\u0103 cinegetic\u0103 din Rom\u00e2nia, fiind fondatorul revistei \u201eCarpa\u021bii \u2013 V\u00e2n\u0103toare, Pescuit, Chinologie\u201d, una dintre cele mai populare colec\u021bii de cultur\u0103 v\u00e2n\u0103toreasc\u0103 din Rom\u00e2nia secolului XX.<\/p>\n<p>Autor a numeroase c\u0103r\u021bi dedicate v\u00e2n\u0103torii, faunei \u0219i Carpa\u021bilor, Ionel Pop s-a remarcat ca unul dintre bunii cunosc\u0103tori ai ur\u0219ilor. \u00cen lucr\u0103rile sale a oferit detalii despre comportamentul inedit al acestora \u0219i despre faptul c\u0103 ur\u0219ii se ap\u0103r\u0103 atac\u00e2nd.<\/p>\n<p><i>\u201eAtacul ursului din ap\u0103rare e dintre cele mai periculoase. Face c\u00e2teva salturi spre om \u0219i, c\u00e2nd e \u00een nemijlocit\u0103 apropiere, se ridic\u0103 \u00een picioarele dinapoi, sf\u00e2\u0219iind cu ghearele \u0219i cu col\u021bii. De obicei, atac\u00e2nd omul cu ghearele, \u00eel scalpeaz\u0103. Atacul e scurt, violent \u0219i puternic\u201d, <\/i>ar\u0103ta Ionel Pop, \u00eentr-un interviu din 1979.<\/p>\n<p>Ursul are o fire de moment pe care nu o po\u021bi b\u0103nui, observa acesta.<\/p>\n<p><i>\u201eUneori e un mo\u0219neag bondoc, foarte pa\u0219nic, care se fere\u0219te cuminte din calea omului; alteori atac\u0103 f\u0103r\u0103 niciun motiv de \u00een\u021beles. Uneori e de o \u00eendr\u0103zneal\u0103 uimitoare, alteori pare la\u0219, fugind din fa\u021ba unui c\u00e2ine care \u00eel latr\u0103. Se poate spune c\u0103 atac\u0103 necondi\u021bionat. Sigur, nimic nu r\u0103m\u00e2ne f\u0103r\u0103 o explica\u021bie. De pild\u0103, dac\u0103 a fost \u00een\u021bepat r\u0103u de albine \u00eentr-o aventur\u0103 cu un stup pe care voia s\u0103-l dijmuiasc\u0103, e furios \u0219i atac\u0103. Acest caz, \u00eens\u0103, e rar\u201d, <\/i>completa scriitorul pasionat de v\u00e2n\u0103toare.<\/p>\n<h2>Ur\u0219ii nu atac\u0103 oameni pentru a-i m\u00e2nca<\/h2>\n<p>Spre deosebire de alte animale, ursul tr\u0103ie\u0219te singuratic \u0219i nu formeaz\u0103 o familie, \u00een afar\u0103 de mam\u0103 \u0219i pui, ad\u0103uga acesta. \u00cen p\u0103dure, oamenii \u00eei sunt adesea cei mai mari du\u0219mani \u0219i, rareori, mistre\u021bii. Cu timpul, animalele s\u0103lbatice au pierdut habitatul, datorit\u0103 urbaniz\u0103rii, agriculturii \u0219i v\u00e2n\u0103toriei, iar persecu\u021bia la care a fost supus de c\u0103tre oameni, care i-au considerat amenin\u021b\u0103ri, a fost unul dintre motivele reducerii popula\u021biei de ur\u0219i de pe \u00eentregul continent.<\/p>\n<p><i>\u201eUn urs nu atac\u0103 niciodat\u0103 un om pentru a-l m\u00e2nca. Multe accidente cu oameni se \u00eent\u00e2mpl\u0103 la st\u00e2ne, c\u00e2nd ciobanii curajo\u0219i vor s\u0103 scape vreo oaie, vreo vit\u0103 atacat\u0103\u201d, <\/i>afirma Ionel Pop.<\/p>\n<p>\u00cen privin\u021ba animalelor, sunt ur\u0219i care, hr\u0103nindu-se aproape numai cu vegetale, nu atac\u0103 st\u00e2nele. \u00cen schimb, sunt al\u021bii care se \u00eenva\u021b\u0103 s\u0103-\u0219i compun\u0103 hrana din ceea ce pot r\u0103pi de la st\u00e2ne, iar ace\u0219tia sunt o adev\u0103rat\u0103 plag\u0103.<\/p>\n<p><i>\u201eObi\u0219nuindu-se un urs la o st\u00e2n\u0103 \u0219i f\u0103c\u00e2nd pagube mari, oamenii care nu se mai pot ap\u0103ra \u00ee\u0219i iau vitele \u0219i pleac\u0103. Chiar \u0219i celor mai buni v\u00e2n\u0103tori le e greu s\u0103 \u00eempu\u0219te un urs care atac\u0103 st\u00e2na, aceasta \u00eent\u00e2mpl\u00e2ndu-se noaptea, pe nea\u0219teptate\u201d<\/i>, relata publicistul.<\/p>\n<p>Puterea ursului e formidabil\u0103, mai remarca acesta. <\/p>\n<p>\u201eCu u\u0219urin\u021b\u0103 omoar\u0103 o vac\u0103, chiar un taur de la st\u00e2n\u0103, \u0219i \u00eel t\u00e2r\u0103\u0219te p\u00e2n\u0103 \u00eentr-o desi\u0219, unde se osp\u0103teaz\u0103. La cadavru vine de obicei mai multe zile, mai multe nop\u021bi. Unul dintre sunetele cele mai \u00eenfior\u0103toare ale muntelui e r\u0103getul de moarte al c\u00e2te unei vite mari, vac\u0103 sau bou, din care sf\u00e2\u0219ie ursul \u0219i m\u0103n\u00e2nc\u0103 \u00een timp ce prada e \u00eenc\u0103 \u00een via\u021b\u0103\u201d, ad\u0103uga acesta.<\/p>\n<\/p><\/div>\n<p><a href=\"https:\/\/adevarul.ro\/stil-de-viata\/magazin\/ar-trebui-sa-ne-temem-de-ursii-din-carpati-2474721.html\" class=\"button purchase\" rel=\"nofollow noopener\" target=\"_blank\">Read More<\/a><\/p>\n","protected":false},"excerpt":{"rendered":"<p>Cel pu\u021bin 10.000 de ur\u0219i tr\u0103iesc \u00een Rom\u00e2nia, majoritatea \u00een Mun\u021bii Carpa\u021bi, \u021binuturi pe care ur\u0219ii le-au \u00eemp\u0103r\u021bit, din cele mai vechi timpuri, cu oamenii. [&hellip;]<\/p>\n","protected":false},"author":1,"featured_media":7822,"comment_status":"open","ping_status":"open","sticky":false,"template":"","format":"standard","meta":{"_monsterinsights_skip_tracking":false,"footnotes":""},"categories":[6],"tags":[],"class_list":["post-7821","post","type-post","status-publish","format-standard","has-post-thumbnail","hentry","category-popular"],"aioseo_notices":[],"_links":{"self":[{"href":"https:\/\/info-eforie.ro\/index.php\/wp-json\/wp\/v2\/posts\/7821","targetHints":{"allow":["GET"]}}],"collection":[{"href":"https:\/\/info-eforie.ro\/index.php\/wp-json\/wp\/v2\/posts"}],"about":[{"href":"https:\/\/info-eforie.ro\/index.php\/wp-json\/wp\/v2\/types\/post"}],"author":[{"embeddable":true,"href":"https:\/\/info-eforie.ro\/index.php\/wp-json\/wp\/v2\/users\/1"}],"replies":[{"embeddable":true,"href":"https:\/\/info-eforie.ro\/index.php\/wp-json\/wp\/v2\/comments?post=7821"}],"version-history":[{"count":0,"href":"https:\/\/info-eforie.ro\/index.php\/wp-json\/wp\/v2\/posts\/7821\/revisions"}],"wp:featuredmedia":[{"embeddable":true,"href":"https:\/\/info-eforie.ro\/index.php\/wp-json\/wp\/v2\/media\/7822"}],"wp:attachment":[{"href":"https:\/\/info-eforie.ro\/index.php\/wp-json\/wp\/v2\/media?parent=7821"}],"wp:term":[{"taxonomy":"category","embeddable":true,"href":"https:\/\/info-eforie.ro\/index.php\/wp-json\/wp\/v2\/categories?post=7821"},{"taxonomy":"post_tag","embeddable":true,"href":"https:\/\/info-eforie.ro\/index.php\/wp-json\/wp\/v2\/tags?post=7821"}],"curies":[{"name":"wp","href":"https:\/\/api.w.org\/{rel}","templated":true}]}}