{"id":7807,"date":"2025-09-25T21:06:53","date_gmt":"2025-09-25T21:06:53","guid":{"rendered":"https:\/\/info-eforie.ro\/index.php\/2025\/09\/25\/psd-se-pregateste-de-alegeri-interne-functiile-puse-la-bataie-in-partid-pe-langa-pozitia-de-presedinte-al-formatiunii\/"},"modified":"2025-09-25T21:06:53","modified_gmt":"2025-09-25T21:06:53","slug":"psd-se-pregateste-de-alegeri-interne-functiile-puse-la-bataie-in-partid-pe-langa-pozitia-de-presedinte-al-formatiunii","status":"publish","type":"post","link":"https:\/\/info-eforie.ro\/index.php\/2025\/09\/25\/psd-se-pregateste-de-alegeri-interne-functiile-puse-la-bataie-in-partid-pe-langa-pozitia-de-presedinte-al-formatiunii\/","title":{"rendered":"PSD se preg\u0103te\u0219te de alegeri interne. Func\u021biile puse la b\u0103taie \u00een partid, pe l\u00e2ng\u0103 pozi\u021bia de pre\u0219edinte al forma\u021biunii"},"content":{"rendered":"<div>\n<p>Alegerile interne \u00een PSD ar putea fi organizate \u00een octombrie, dup\u0103 luni de am\u00e2n\u0103ri. Congresul pune  la b\u0103taie mai multe func\u021bii, nu doar pe cea de pre\u0219edinte de partid.<\/p>\n<div><picture loading=\"eager\" width=\"1400\" height=\"750\" alt=\"Fostul lider, Marcel Ciolacu, \u00eentr-un Congres al PSD FOTO Inqum Photos \/ Octav Ganea \/ Arhiv\u0103 \"><source type=\"image\/webp\"  media=\"(min-width: 1400px)\"><source type=\"image\/webp\"  media=\"(min-width: 1000px)\"><source type=\"image\/webp\"  media=\"(min-width: 700px)\"><source type=\"image\/jpeg\"  media=\"(min-width: 1400px)\"><source type=\"image\/jpeg\"  media=\"(min-width: 1000px)\"><source type=\"image\/jpeg\"  media=\"(min-width: 700px)\"><img fetchpriority=\"high\" decoding=\"async\" src=\"https:\/\/cdn.adh.reperio.news\/image-8\/81bf8cf0-18f4-4fcb-824f-d1ae28f4ccba\/index.jpeg?p=a%3D1%26co%3D1.05%26w%3D700%26h%3D750%26r%3Dcontain%26f%3Dwebp\" alt=\"Fostul lider, Marcel Ciolacu, \u00eentr-un Congres al PSD FOTO Inqum Photos \/ Octav Ganea \/ Arhiv\u0103 \" width=\"1400\" height=\"750\" loading=\"eager\"><\/picture>\n<p>Fostul lider, Marcel Ciolacu, \u00eentr-un Congres al PSD FOTO Inqum Photos \/ Octav Ganea \/ Arhiv\u0103 <\/p>\n<\/div>\n<p>Potrivit informa\u021biilor \u201eAdev\u0103rul\u201d, congresul pentru conducerea PSD ar putea fi organizat \u00een octombrie, dup\u0103 luni de am\u00e2n\u0103ri sub conducerea \u0219efului interimar Sorin Grindeanu. Data exact\u0103 pentru organizarea alegerilor nu a fost \u00eenc\u0103 stabilit\u0103, insa deja s-au format dou\u01ce tabere: una care \u00eel sus\u021bine pe Sorin Grineanu \u0219i cealalt\u0103 format\u01ce din sus\u021bin\u0103torii lui Titus Corl\u0103\u021bean.\u00a0<\/p>\n<p>Ambele tabere vin la pachet cu echipe diferite \u0219i proiecte diferite.<\/p>\n<h2>Schimb\u0103ri \u00een structura partidului. Posturile scoase la b\u0103taie \u00een Congresul PSD<\/h2>\n<p>Actualul lider interimar, Sorin Grindeanu, propune cre\u0219terea num\u0103rului de prim-vicepre\u0219edin\u021bi ai partidului de la 2 la 4, potrivit unor surse \u201eAdev\u0103rul\u201d. \u00cen prezent, singurul prim-vicepre\u0219edinte este Daniel B\u0103lu\u021b\u0103. Surse G4Media arat\u0103 c\u0103 \u00eentre cei dori\u021bi de social-democrati sunt Victor Negrescu, vicepre\u0219edinte al Parlamentului European, \u0219i primarul Craiovei, Lia Olgu\u021ba Vasilescu. Astfel, surse din partid explic\u0103 pentru \u201eAdev\u0103rul\u201d c\u0103 vor r\u0103m\u00e2ne cu siguran\u021b\u0103 8 vicepre\u0219edin\u021bi pe regiuni, num\u0103rul actual, \u00eens\u0103 exist\u0103 discu\u021bii care privesc fie p\u0103strarea aceluia\u0219i num\u0103r de vicepre\u0219edin\u021bi pe domenii, fie trecerea la 4 prim-vicepre\u0219edin\u021bi \u0219i 4 vicepre\u0219edin\u021bi pe domenii.\u00a0<\/p>\n<p>Partidul are acum 8 vicepre\u0219edin\u021bi \u00eemp\u0103r\u021bi\u021bi pe regiuni \u0219i al\u021bi 8 vicepre\u0219edin\u021bi \u00eemp\u0103r\u021bi\u021bi pe domenii. Florin Nicolae Jianu este vicepre\u0219edinte responsabil cu Antreprenoriatul, IMM-urile \u015fi Mediul de Afaceri, Lia Olgu\u021ba Vasilescu este vicepre\u0219edinte responsabil cu Munca \u0219i Protec\u021bia Social\u0103, Gheorghe \u0218oldan pe Dezvoltare Regional\u0103 \u0219i Local\u0103, Gabriel Valer Zetea pe Administra\u021bie \u0219i Infrastructur\u0103, Vasile D\u00eencu pe Afaceri Europene, Mihnea Costoiu pe Educa\u0163ie \u015fi Cercetare, Victoria Stoiciu este reponsabil\u0103 de rela\u0163ia cu ONG-uri \u015fi Dialog Civic, iar Elisabeta Lip\u0103 este vicepre\u0219edinte pe Sport. <\/p>\n<p>\u00cemp\u0103r\u021birea pe regiuni \u00eel pozi\u021bioneaz\u0103 \u00een pozi\u021bia de vicepre\u0219edinte pe Bucure\u0219ti-Ilfov pe Marian Neac\u0219u, actual vicepremier, \u0219i pe Dumitri\u021ba Gliga pe zona de centru. Corneliu \u0218tefan este vicepre\u0219edinte pentru Sud. Ionu\u021b Florin Pucheanu este vicepre\u0219edinte pe Sud-Est, Claudiu Manda pe Sud-Vest, Lauren\u021biu Nistor pe zona de Vest, Emil Radu Moldovan pe Nord-Vest, iar Adrian Drago\u0219 Benea pe Nord-Est.<\/p>\n<p>\u00cen Biroul Politic Na\u021bional al PSD mai sunt secretarul general a partidului, func\u021bie de\u021binut\u0103 \u00een prezent de Paul St\u0103nescu, \u0219i pre\u0219edintele Consiliului Na\u021bional, Mihai Tudose. \u00cen Biroul Politic Na\u021bional este \u0219i Victor Negrescu, membru de drept \u0219i coordonator na\u021bional al PES activists Rom\u00e2nia.<\/p>\n<p>Biroul Permanent Na\u0163ional este structura de conducere \u015fi decizie a partidului care se \u00eentrune\u015fte la convocarea pre\u0219edintelui forma\u021biunii.<\/p>\n<h2>Echipa lui Titus Corl\u0103\u021bean acuz\u0103 \u201emodalit\u0103\u021bi de presiune \u0219i intimidare\u201d<\/h2>\n<p>Primul care a anun\u021bat ca \u00eel sus\u021bine pe Titus Corlatean este primarul din Buz\u0103u, Constantin Toma. <i>\u201eCred \u00een for\u0163a \u015fi dorin\u0163a sa de a aduce PSD la cotele mari de \u00eencredere public\u0103 care l-au consacrat, av\u00e2nd \u00een jurul s\u0103u oameni valoro\u015fi, fideli principiilor social-democrate \u015fi cu viziuni de succes pentru Rom\u00e2nia&#8221;<\/i>, este pozitionarea lui Robert Cazanciuc, un alt sus\u021bin\u0103tor al lui Corlatean.<\/p>\n<p>Senatorul Titus Corl\u0103\u021ben sus\u021bine c\u0103 echipa sa este mult mai numeroas\u0103, insa nu \u00ee\u0219i pot asum public din cauza presiunilor: \u201e<i>Nu este \u00eenc\u0103 un moment de asumare public\u0103<\/i>\u201d, a explicat acesta \u00een emisiunea Pia\u0163a Victoriei de la Europa FM, pentru c\u0103 \u201e<i>via\u0163a politic\u0103 \u00eentr-un partid cum este PSD e complicat\u0103. Asta cu execu\u0163ia aplicat\u0103 unora dintre colegii de la Camer\u0103 o \u015ftim, dar exist\u0103 modalit\u0103\u0163i de supraveghere, de monitorizare, de presiune, de intimidare, de amenin\u0163\u0103ri, mai prin mijloacele din pres\u0103, mai direct prin oameni de prin institu\u0163ii. (&#8230;) Se \u00eent\u00e2mpl\u0103 \u015fi este o realitate\u201d. <\/i><\/p>\n<p>\u201eExecu\u021bia\u201d despre care vorbe\u0219te senatorul este schimbarea unor membri din conducerea Camerei Deputa\u021bilor, a c\u0103rei \u0219efie a fost preluat\u0103 de Sorin Grindeanu dup\u0103 retragerea in Executiv. Natalia Intotero, fost ministru al Familiei \u00een Guvernul Ciolacu, i-a luat locul lui Daniel Suciu \u00een func\u021bia de vicepre\u0219edinte al Camerei Deputa\u021bilor, iar Simona Bucura Oprescu, fost ministru al Muncii, l-a \u00eenlocuit pe Mitic\u0103 M\u0103rg\u0103rit \u00een func\u021bia de chestor al Camerei Deputa\u021bilor.<\/p>\n<\/p><\/div>\n<p><a href=\"https:\/\/adevarul.ro\/politica\/psd-se-pregateste-de-alegeri-interne-functiile-2473604.html\" class=\"button purchase\" rel=\"nofollow noopener\" target=\"_blank\">Read More<\/a><\/p>\n","protected":false},"excerpt":{"rendered":"<p>Alegerile interne \u00een PSD ar putea fi organizate \u00een octombrie, dup\u0103 luni de am\u00e2n\u0103ri. Congresul pune la b\u0103taie mai multe func\u021bii, nu doar pe cea [&hellip;]<\/p>\n","protected":false},"author":1,"featured_media":7808,"comment_status":"open","ping_status":"open","sticky":false,"template":"","format":"standard","meta":{"_monsterinsights_skip_tracking":false,"footnotes":""},"categories":[6],"tags":[],"class_list":["post-7807","post","type-post","status-publish","format-standard","has-post-thumbnail","hentry","category-popular"],"aioseo_notices":[],"_links":{"self":[{"href":"https:\/\/info-eforie.ro\/index.php\/wp-json\/wp\/v2\/posts\/7807","targetHints":{"allow":["GET"]}}],"collection":[{"href":"https:\/\/info-eforie.ro\/index.php\/wp-json\/wp\/v2\/posts"}],"about":[{"href":"https:\/\/info-eforie.ro\/index.php\/wp-json\/wp\/v2\/types\/post"}],"author":[{"embeddable":true,"href":"https:\/\/info-eforie.ro\/index.php\/wp-json\/wp\/v2\/users\/1"}],"replies":[{"embeddable":true,"href":"https:\/\/info-eforie.ro\/index.php\/wp-json\/wp\/v2\/comments?post=7807"}],"version-history":[{"count":0,"href":"https:\/\/info-eforie.ro\/index.php\/wp-json\/wp\/v2\/posts\/7807\/revisions"}],"wp:featuredmedia":[{"embeddable":true,"href":"https:\/\/info-eforie.ro\/index.php\/wp-json\/wp\/v2\/media\/7808"}],"wp:attachment":[{"href":"https:\/\/info-eforie.ro\/index.php\/wp-json\/wp\/v2\/media?parent=7807"}],"wp:term":[{"taxonomy":"category","embeddable":true,"href":"https:\/\/info-eforie.ro\/index.php\/wp-json\/wp\/v2\/categories?post=7807"},{"taxonomy":"post_tag","embeddable":true,"href":"https:\/\/info-eforie.ro\/index.php\/wp-json\/wp\/v2\/tags?post=7807"}],"curies":[{"name":"wp","href":"https:\/\/api.w.org\/{rel}","templated":true}]}}