{"id":7733,"date":"2025-09-22T20:07:04","date_gmt":"2025-09-22T20:07:04","guid":{"rendered":"https:\/\/info-eforie.ro\/index.php\/2025\/09\/22\/peste-jumatate-dintre-romani-ar-dori-inlocuirea-partidelor-actuale-sondaj\/"},"modified":"2025-09-22T20:07:04","modified_gmt":"2025-09-22T20:07:04","slug":"peste-jumatate-dintre-romani-ar-dori-inlocuirea-partidelor-actuale-sondaj","status":"publish","type":"post","link":"https:\/\/info-eforie.ro\/index.php\/2025\/09\/22\/peste-jumatate-dintre-romani-ar-dori-inlocuirea-partidelor-actuale-sondaj\/","title":{"rendered":"Peste jum\u0103tate dintre rom\u00e2ni ar dori \u00eenlocuirea partidelor actuale | Sondaj"},"content":{"rendered":"<div>\n<p>Peste jum\u0103tate dintre rom\u00e2ni ar dori \u00eenlocuirea partidelor actuale. \u00cen acela\u0219i timp, datele unui sondaj INSCOP arat\u0103 c\u0103 50% ar vota pentru partide noi.\u00a0<\/p>\n<div><picture loading=\"eager\" width=\"1400\" height=\"750\" alt=\"Inquam \/ George C\u0103lin \"><source type=\"image\/webp\"  media=\"(min-width: 1400px)\"><source type=\"image\/webp\"  media=\"(min-width: 1000px)\"><source type=\"image\/webp\"  media=\"(min-width: 700px)\"><source type=\"image\/jpeg\"  media=\"(min-width: 1400px)\"><source type=\"image\/jpeg\"  media=\"(min-width: 1000px)\"><source type=\"image\/jpeg\"  media=\"(min-width: 700px)\"><img fetchpriority=\"high\" decoding=\"async\" src=\"https:\/\/cdn.adh.reperio.news\/image-c\/c4421b07-db62-4c0b-8dc7-5df09be11c1d\/index.jpeg?p=a%3D1%26co%3D1.05%26w%3D700%26h%3D750%26r%3Dcontain%26f%3Dwebp\" alt=\"Inquam \/ George C\u0103lin \" width=\"1400\" height=\"750\" loading=\"eager\"><\/picture>\n<p>Inquam \/ George C\u0103lin <\/p>\n<\/div>\n<p><i>\u201eNivelul ridicat al nemul\u021bumirii popula\u021biei fa\u021b\u0103 de actualele partide politice, eviden\u021biat prin cei 55% dintre rom\u00e2ni care declar\u0103 c\u0103 \u0219i-ar dori dispari\u021bia acestora \u0219i \u00eenlocuirea cu partide noi \u0219i 50% care declar\u0103 c\u0103 ar vota un partid nou \u00eenfiin\u021bat sugereaz\u0103 nu doar <\/i><a href=\"https:\/\/adevarul.ro\/politica\/romanii-au-mai-multa-incredere-in-calin-georgescu-2473581.html\">o criz\u0103 de \u00eencredere \u00een clasa politic\u0103 tradi\u021bional\u0103<\/a><i>, ci \u0219i o dorin\u021b\u0103 de resetare structural\u0103 a sistemului politic, ce dep\u0103\u0219e\u0219te simpla nemul\u021bumire punctual\u0103 fa\u021b\u0103 de guvernare<\/i>\u201d, arat\u0103 directorul INSCOP, sociologul Remus \u0218tefureac. <\/p>\n<p>De asemenea, sociologul subliniaz\u0103 cre\u0219terea ponderii celor care <a href=\"https:\/\/adevarul.ro\/politica\/ce-sanse-au-noile-constructii-politice-in-fata-2464077.html\">ar vota un partid nou<\/a>, comparativ cu situa\u021bia din urm\u0103 cu 10 ani, de la proximativ 30% \u00een 2015, la 50% \u00een 2025, ceea ce confirm\u0103, cel pu\u021bin declarativ, o disponibilitate foarte ridicat\u0103 a rom\u00e2nilor de a transforma nemul\u021bumirile \u0219i frustr\u0103rile \u00een ac\u021biune politic\u0103. \u201e<i>Profilul demografic al celor care doresc \u00eenlocuirea partidelor existente \u0219i ar fi dispu\u0219i s\u0103 voteze altele noi arat\u0103 c\u0103 tineri \u00een special (18-29 de ani, dar \u0219i 30-44 de ani) sunt mai nemul\u021bumi\u021bi de partidele existente \u0219i mai dispu\u0219i s\u0103 voteze cu partide noi. Tendin\u021be similare mai accentuate reg\u0103sim \u00een cazul angaja\u021bilor din mediul privat, persoanelor cu educa\u021bie primar\u0103 \u0219i votan\u021bilor AUR\u201d, <\/i>mai explic\u0103 Remus \u0218tefureac.\u00a0<\/p>\n<h2>Ar trebui partidele \u00eenlocuite?\u00a0<\/h2>\n<p>55.1% dintre rom\u00e2ni sunt de acord cu afirma\u021bia \u201etoate partidele existente acum \u00een Rom\u00e2nia ar trebui s\u0103 dispar\u0103 \u0219i s\u0103 fie \u00eenlocuite cu unele noi\u201d, \u00een timp ce 40.7% \u00ee\u0219i exprim\u0103 dezacordul. 4.1% nu \u0219tiu sau nu r\u0103spund.<\/p>\n<p>Sunt de acord cu afirma\u021bia \u201etoate partidele existente acum \u00een Rom\u00e2nia ar trebui s\u0103 dispar\u0103 \u0219i s\u0103 fie \u00eenlocuite cu unele noi\u201d:<\/p>\n<p>&#8211; 45% dintre votan\u021bii PSD, 34% dintre votan\u021bii PNL, 33% dintre votan\u021bii USR \u0219i 71% dintre cei ai AUR<\/p>\n<p>&#8211; 58% dintre b\u0103rba\u021bi \u0219i 53% dintre femei<\/p>\n<p>&#8211; 62% dintre tinerii cu v\u00e2rsta p\u00e2n\u0103 \u00een 30 de ani, 58% dintre cei cu v\u00e2rsta \u00eentre 30 \u0219i 44 de ani, 51% dintre persoanele cu v\u00e2rsta \u00eentre 45 \u0219i 59 de ani \u0219i 52% dintre cei peste 60 de ani<\/p>\n<p>&#8211; 72% dintre persoanele cu educa\u021bie primar\u0103, 55% dintre cei cu educa\u021bie medie, 35% dintre cei cu educa\u021bie superioar\u0103<\/p>\n<p>&#8211; 44% din locuitorii din Bucure\u0219ti, 49% dintre cei din urbanul cu peste 90 de mii de locuitori, 61% dintre cei din urbanul mic \u0219i 58% din rural<\/p>\n<p>&#8211; 43% dintre angaja\u021bii la stat \u0219i 57% dintre cei care lucreaz\u0103 la privat sunt de acord cu afirma\u021bia dat\u0103.<\/p>\n<p>\u00ce\u0219i exprim\u0103 dezacordul cu afirma\u021bia \u201etoate partidele existente acum \u00een Rom\u00e2nia ar trebui s\u0103 dispar\u0103 \u0219i s\u0103 fie \u00eenlocuite cu unele noi\u201d: <\/p>\n<p>&#8211; 46% dintre votan\u021bii PSD, 64% dintre votan\u021bii PNL, 65% dintre votan\u021bii USR \u0219i 27% dintre cei ai AUR<\/p>\n<p>&#8211; 39% dintre b\u0103rba\u021bi \u0219i 43% dintre femei<\/p>\n<p>&#8211; 37% dintre tinerii cu v\u00e2rsta p\u00e2n\u0103 \u00een 30 de ani, 37% dintre cei cu v\u00e2rsta \u00eentre 30 \u0219i 44 de ani, 44% dintre persoanele cu v\u00e2rsta \u00eentre 45 \u0219i 59 de ani \u0219i 43% dintre cei peste 60 de ani<\/p>\n<p>&#8211; 22% dintre persoanele cu educa\u021bie primar\u0103, 41% dintre cei cu educa\u021bie medie, 64% dintre cei cu educa\u021bie superioar\u0103<\/p>\n<p>&#8211; 55% din locuitorii din Bucure\u0219ti, 49% dintre cei din urbanul cu peste 90 de mii de locuitori, 35% dintre cei din urbanul mic \u0219i 36% din rural<\/p>\n<p>&#8211; 53% dintre angaja\u021bii la stat \u0219i 42% dintre cei care lucreaz\u0103 la privat se afl\u0103 \u00een dezacord cu afirma\u021bia dat\u0103.<\/p>\n<h2>Votul pentru un partid nou<\/h2>\n<p>\u00centreba\u021bi dac\u0103 la viitoarele alegeri ar fi dispu\u0219i s\u0103 acorde votul lor unui partid nou \u00eenfiin\u021bat, 50.6% dintre participan\u021bii la sondaj spun c\u0103 da (fa\u021b\u0103 de 29.8% \u00een mai 2015). 28.8% spun\u00a0 c\u0103 nu (fa\u021b\u0103 de 35.8% \u00een mai 2015), iar 19.9% nu sunt hot\u0103r\u00e2\u021bi (fa\u021b\u0103 de 23.6% \u00een mai 2015). Ponderea non-r\u0103spunsurilor este de 0.8%.<\/p>\n<p>Ar fi dispu\u0219i s\u0103 acorde votul lor unui partid nou \u00eenfiin\u021bat: <\/p>\n<p>&#8211; 38% dintre votan\u021bii PSD, 44% dintre votan\u021bii PNL, 50% dintre votan\u021bii USR \u0219i 60% dintre cei ai AUR<\/p>\n<p>&#8211; 54% dintre b\u0103rba\u021bi \u0219i 48% dintre femei<\/p>\n<p>&#8211; 64% dintre tinerii cu v\u00e2rsta p\u00e2n\u0103 \u00een 30 de ani, 57% dintre cei cu v\u00e2rsta \u00eentre 30 \u0219i 44 de ani, 53% dintre persoanele cu v\u00e2rsta \u00eentre 45 \u0219i 59 de ani \u0219i 36% dintre cei peste 60 de ani<\/p>\n<p>&#8211; 53% dintre persoanele cu educa\u021bie primar\u0103, 50% dintre cei cu educa\u021bie medie, 49% dintre cei cu educa\u021bie superioar\u0103<\/p>\n<p>&#8211; 46% din locuitorii din Bucure\u0219ti, 52% dintre cei din urbanul cu peste 90 de mii de locuitori, 54% dintre cei din urbanul mic \u0219i 49% din rural<\/p>\n<p>-respectiv 46% dintre angaja\u021bii la stat \u0219i 60% dintre cei care lucreaz\u0103 la privat ar fi dispu\u0219i s\u0103 acorde votul lor unui partid nou \u00eenfiin\u021bat<\/p>\n<p>NU ar fi dispu\u0219i s\u0103 acorde votul lor unui partid nou \u00eenfiin\u021bat: <\/p>\n<p>&#8211; 42% dintre votan\u021bii PSD, 34% dintre votan\u021bii PNL, 34% dintre votan\u021bii USR \u0219i 21% dintre cei ai AUR<\/p>\n<p>&#8211; 27% dintre b\u0103rba\u021bi \u0219i 30% dintre femei<\/p>\n<p>&#8211; 18% dintre tinerii cu v\u00e2rsta p\u00e2n\u0103 \u00een 30 de ani, 23% dintre cei cu v\u00e2rsta \u00eentre 30 \u0219i 44 de ani, 27% dintre persoanele cu v\u00e2rsta \u00eentre 45 \u0219i 59 de ani \u0219i 40% dintre cei peste 60 de ani<\/p>\n<p>&#8211; 26% dintre persoanele cu educa\u021bie primar\u0103, 31% dintre cei cu educa\u021bie medie, 25% dintre cei cu educa\u021bie superioar\u0103<\/p>\n<p>&#8211; 26% din locuitorii din Bucure\u0219ti, 31% dintre cei din urbanul cu peste 90 de mii de locuitori, 28% dintre cei din urbanul mic \u0219i 29% din rural<\/p>\n<p>&#8211; 25% dintre angaja\u021bii la stat \u0219i 22% dintre cei care lucreaz\u0103 la privat nu ar fi dispu\u0219i s\u0103 acorde votul lor unui partid nou \u00eenfiin\u021bat.<\/p>\n<p>Nu sunt hot\u0103r\u00e2\u021bi: <\/p>\n<p>&#8211; 20% dintre votan\u021bii PSD, 22% dintre votan\u021bii PNL, 16% dintre votan\u021bii USR \u0219i 19% dintre cei ai AUR<\/p>\n<p>&#8211; 18% dintre b\u0103rba\u021bi \u0219i 22% dintre femei<\/p>\n<p>&#8211; 17% dintre tinerii cu v\u00e2rsta p\u00e2n\u0103 \u00een 30 de ani, 19% dintre cei cu v\u00e2rsta \u00eentre 30 \u0219i 44 de ani, 18% dintre persoanele cu v\u00e2rsta \u00eentre 45 \u0219i 59 de ani \u0219i 23% dintre cei peste 60 de ani<\/p>\n<p>&#8211; 20% dintre persoanele cu educa\u021bie primar\u0103, 18% dintre cei cu educa\u021bie medie, 24% dintre cei cu educa\u021bie superioar\u0103<\/p>\n<p>&#8211; 27% din locuitorii din Bucure\u0219ti, 17% dintre cei din urbanul cu peste 90 de mii de locuitori, 17% dintre cei din urbanul mic \u0219i 22% din rural<\/p>\n<p>&#8211; 28% dintre angaja\u021bii la stat \u0219i 17% dintre cei care lucreaz\u0103 la privat nu sunt hot\u0103r\u00e2\u021bi<\/p>\n<p>Datele au fost culese \u00een perioada 1-9 septembrie 2025. Metoda de cercetare: interviu prin intermediul chestionarului. Datele au fost culese prin metoda CATI (interviuri telefonice), volumul e\u0219antionului simplu, stratificat fiind de 1103 de persoane, reprezentativ pe categoriile socio-demografice semnificative (sex, v\u00e2rst\u0103, ocupa\u021bie) pentru popula\u021bia neinstitu\u021bionalizat\u0103 a Rom\u00e2niei, cu v\u00e2rsta de 18 ani \u0219i peste. Eroarea maxim\u0103 admis\u0103 a datelor este de \u00b1 2.95%, la un grad de \u00eencredere de 95%.<\/p>\n<\/p><\/div>\n<p><a href=\"https:\/\/adevarul.ro\/politica\/peste-jumatate-dintre-romani-ar-dori-inlocuirea-2473710.html\" class=\"button purchase\" rel=\"nofollow noopener\" target=\"_blank\">Read More<\/a><\/p>\n","protected":false},"excerpt":{"rendered":"<p>Peste jum\u0103tate dintre rom\u00e2ni ar dori \u00eenlocuirea partidelor actuale. \u00cen acela\u0219i timp, datele unui sondaj INSCOP arat\u0103 c\u0103 50% ar vota pentru partide noi.\u00a0 Inquam [&hellip;]<\/p>\n","protected":false},"author":1,"featured_media":7734,"comment_status":"open","ping_status":"open","sticky":false,"template":"","format":"standard","meta":{"_monsterinsights_skip_tracking":false,"footnotes":""},"categories":[6],"tags":[],"class_list":["post-7733","post","type-post","status-publish","format-standard","has-post-thumbnail","hentry","category-popular"],"aioseo_notices":[],"_links":{"self":[{"href":"https:\/\/info-eforie.ro\/index.php\/wp-json\/wp\/v2\/posts\/7733","targetHints":{"allow":["GET"]}}],"collection":[{"href":"https:\/\/info-eforie.ro\/index.php\/wp-json\/wp\/v2\/posts"}],"about":[{"href":"https:\/\/info-eforie.ro\/index.php\/wp-json\/wp\/v2\/types\/post"}],"author":[{"embeddable":true,"href":"https:\/\/info-eforie.ro\/index.php\/wp-json\/wp\/v2\/users\/1"}],"replies":[{"embeddable":true,"href":"https:\/\/info-eforie.ro\/index.php\/wp-json\/wp\/v2\/comments?post=7733"}],"version-history":[{"count":0,"href":"https:\/\/info-eforie.ro\/index.php\/wp-json\/wp\/v2\/posts\/7733\/revisions"}],"wp:featuredmedia":[{"embeddable":true,"href":"https:\/\/info-eforie.ro\/index.php\/wp-json\/wp\/v2\/media\/7734"}],"wp:attachment":[{"href":"https:\/\/info-eforie.ro\/index.php\/wp-json\/wp\/v2\/media?parent=7733"}],"wp:term":[{"taxonomy":"category","embeddable":true,"href":"https:\/\/info-eforie.ro\/index.php\/wp-json\/wp\/v2\/categories?post=7733"},{"taxonomy":"post_tag","embeddable":true,"href":"https:\/\/info-eforie.ro\/index.php\/wp-json\/wp\/v2\/tags?post=7733"}],"curies":[{"name":"wp","href":"https:\/\/api.w.org\/{rel}","templated":true}]}}