{"id":7695,"date":"2025-09-21T19:13:26","date_gmt":"2025-09-21T19:13:26","guid":{"rendered":"https:\/\/info-eforie.ro\/index.php\/2025\/09\/21\/reprosul-lui-mirel-radoi-dupa-primul-esec-al-universitatii-craiova-din-acest-sezon-lipsa-de-responsabilitate\/"},"modified":"2025-09-21T19:13:26","modified_gmt":"2025-09-21T19:13:26","slug":"reprosul-lui-mirel-radoi-dupa-primul-esec-al-universitatii-craiova-din-acest-sezon-lipsa-de-responsabilitate","status":"publish","type":"post","link":"https:\/\/info-eforie.ro\/index.php\/2025\/09\/21\/reprosul-lui-mirel-radoi-dupa-primul-esec-al-universitatii-craiova-din-acest-sezon-lipsa-de-responsabilitate\/","title":{"rendered":"Repro\u0219ul lui Mirel R\u0103doi dup\u0103 primul e\u0219ec al Universit\u0103\u021bii Craiova din acest sezon: \u201dLips\u0103 de responsabilitate!\u201d"},"content":{"rendered":"<div>\n<p>Oltenii r\u0103m\u00e2n pe prima pozi\u021bie, cu 23 de puncte, \u00een timp ce O\u021belul a ajuns pe locul 9, cu 13 puncte, la egalitate cu U Cluj \u0219i Farul.<\/p>\n<h2>Mirel R\u0103doi: \u201dC\u00e2nd pierzi marcajul, e o lips\u0103 de responsabilitate!\u201d<\/h2>\n<p>Mirel R\u0103doi nu a f\u0103cut o dram\u0103 din e\u0219ecul suferit de Universitaatea Craiova pe terenul O\u021belului Gala\u021bi, chiar dac\u0103 spune c\u0103 victoria g\u0103l\u0103\u021benilor nu a fost meritat\u0103 la felul \u00een care a ar\u0103tat jocul. <\/p>\n<p>Antrenorul forma\u021biei din B\u0103nie spune c\u0103 echipa sa a fost urm\u0103rit\u0103 de ghinion la Gala\u021bi, iar elevii s\u0103i au luat multe decizii neinspirate. Singurul lucru pe care R\u0103doi \u00eel poate repro\u0219a echipei este pierderea marcajului la golul lui Lameira. <\/p>\n<p>\u201d<strong>Era aproape imposibil s\u0103 nu avem o \u00eenfr\u00e2ngere \u00een aceast\u0103 edi\u021bie din campionat \u0219i poate e mai bine pentru noi c\u0103 s-a \u00eent\u00e2mplat azi, tragem ni\u0219te concluzii \u0219i apoi poate e un du\u0219 rece. Aa fost o partid\u0103 cu de toate, am luat multe decizii neinspirate, ne-am \u00eenc\u0103p\u0103\u021b\u00e2nat s\u0103 construim pe zon\u0103 central\u0103, \u00een loc s\u0103 mergem \u00een zonele laterale. <\/strong><\/p>\n<p><strong>Am avut \u0219i ghinion \u00een multe situa\u021bii. Pe drum \u00eencoace m\u0103 \u00eentrebam dac\u0103 \u00een afar\u0103 de golul primit, adversarul a mai avut vreun \u0219ut pe spa\u021biul por\u021bii. Am \u00eencercat s\u0103 m\u0103 g\u00e2ndesc, dar nu \u00eemi aduc aminte. E cumva nemeritat, dar trebuie s\u0103 mergem \u00eenainte. <\/strong><\/p>\n<p><strong>S-a pierdut marcajul, \u0219tiam c\u0103 bat multe cornere pe prima bar\u0103, cu venirea lui Patrick. S-a pierdut marcajul, iar \u00een situa\u021biile astea, chiar dac\u0103 nu rico\u0219a mingea din bar\u0103, putea s\u0103 fie gol din prima. <\/strong><\/p>\n<p><strong>C\u00e2nd pierzi marcajul, e o lips\u0103 de responsabilitate, care e greu de rezolvat pe termen lung. Pe termen scurt, \u00eencerc\u0103m s\u0103 \u00eei responsabiliz\u0103m, dar avem o talie foarte mare \u0219i, din p\u0103cate, avem probleme la aceste momente.<\/strong><\/p>\n<p><strong>Dac\u0103 era presiune \u00een plus, trebuia s\u0103 fie \u0219i p\u00e2n\u0103 acum. Vom vedea pe parcurs dac\u0103 lucrul \u0103sta ne trage \u00een jos. O s\u0103 \u00eei \u00eentreb \u0219i eu pe juc\u0103tori s\u0103 v\u0103d dac\u0103 simt altceva dec\u00e2t atunci c\u00e2nd eram pe pozi\u021bia a doua, a treia sau a patra.<\/strong><\/p>\n<p><strong>Foarte multe lucruri nu sunt de reglat, cred c\u0103 am fost echipa cu ini\u021biativ\u0103. Nu pot s\u0103 fac o analiz\u0103 ca \u0219i cum ar p\u0103rea c\u0103 e ceva dramatic \u0219i am fost foarte slabi. Am fost neinspira\u021bi, o sear\u0103 slab\u0103 pentru noi.<\/strong><\/p>\n<p><strong>Nu cred (n.r. c\u0103 s-a sim\u021bit absen\u021ba lui Al Hamlawi), pentru c\u0103 nu e singurul nostru jc\u0103tor care a marcat sau care a avut ocazii. Dac\u0103 nu aveam ocazii, puteam spune c\u0103 s-a sim\u021bit lipsa lui, dar au fost ocazii nenum\u0103rate<\/strong>\u201d, a spus Mirel R\u0103doi dup\u0103 meci.<\/p>\n<\/div>\n<p><a href=\"https:\/\/www.sport.ro\/liga-1\/reprosul-lui-mirel-radoi-dupa-primul-esec-al-universitatii-craiova-din-acest-sezon-lipsa-de-responsabilitate.html\" class=\"button purchase\" rel=\"nofollow noopener\" target=\"_blank\">Read More<\/a><\/p>\n","protected":false},"excerpt":{"rendered":"<p>Oltenii r\u0103m\u00e2n pe prima pozi\u021bie, cu 23 de puncte, \u00een timp ce O\u021belul a ajuns pe locul 9, cu 13 puncte, la egalitate cu U [&hellip;]<\/p>\n","protected":false},"author":1,"featured_media":7696,"comment_status":"open","ping_status":"open","sticky":false,"template":"","format":"standard","meta":{"_monsterinsights_skip_tracking":false,"_monsterinsights_sitenote_active":false,"_monsterinsights_sitenote_note":"","_monsterinsights_sitenote_category":0,"footnotes":""},"categories":[7],"tags":[],"class_list":["post-7695","post","type-post","status-publish","format-standard","has-post-thumbnail","hentry","category-sports"],"aioseo_notices":[],"_links":{"self":[{"href":"https:\/\/info-eforie.ro\/index.php\/wp-json\/wp\/v2\/posts\/7695","targetHints":{"allow":["GET"]}}],"collection":[{"href":"https:\/\/info-eforie.ro\/index.php\/wp-json\/wp\/v2\/posts"}],"about":[{"href":"https:\/\/info-eforie.ro\/index.php\/wp-json\/wp\/v2\/types\/post"}],"author":[{"embeddable":true,"href":"https:\/\/info-eforie.ro\/index.php\/wp-json\/wp\/v2\/users\/1"}],"replies":[{"embeddable":true,"href":"https:\/\/info-eforie.ro\/index.php\/wp-json\/wp\/v2\/comments?post=7695"}],"version-history":[{"count":0,"href":"https:\/\/info-eforie.ro\/index.php\/wp-json\/wp\/v2\/posts\/7695\/revisions"}],"wp:featuredmedia":[{"embeddable":true,"href":"https:\/\/info-eforie.ro\/index.php\/wp-json\/wp\/v2\/media\/7696"}],"wp:attachment":[{"href":"https:\/\/info-eforie.ro\/index.php\/wp-json\/wp\/v2\/media?parent=7695"}],"wp:term":[{"taxonomy":"category","embeddable":true,"href":"https:\/\/info-eforie.ro\/index.php\/wp-json\/wp\/v2\/categories?post=7695"},{"taxonomy":"post_tag","embeddable":true,"href":"https:\/\/info-eforie.ro\/index.php\/wp-json\/wp\/v2\/tags?post=7695"}],"curies":[{"name":"wp","href":"https:\/\/api.w.org\/{rel}","templated":true}]}}