{"id":7681,"date":"2025-09-20T19:13:02","date_gmt":"2025-09-20T19:13:02","guid":{"rendered":"https:\/\/info-eforie.ro\/index.php\/2025\/09\/20\/nu-mai-vreau-sa-traiesc-ce-am-trait-sezonul-trecut-reactia-lui-marius-maldarasanu-dupa-un-nou-meci-fara-victorie\/"},"modified":"2025-09-20T19:13:02","modified_gmt":"2025-09-20T19:13:02","slug":"nu-mai-vreau-sa-traiesc-ce-am-trait-sezonul-trecut-reactia-lui-marius-maldarasanu-dupa-un-nou-meci-fara-victorie","status":"publish","type":"post","link":"https:\/\/info-eforie.ro\/index.php\/2025\/09\/20\/nu-mai-vreau-sa-traiesc-ce-am-trait-sezonul-trecut-reactia-lui-marius-maldarasanu-dupa-un-nou-meci-fara-victorie\/","title":{"rendered":"\u201dNu mai vreau s\u0103 tr\u0103iesc ce am tr\u0103it sezonul trecut\u201d. Reac\u021bia lui Marius M\u0103ld\u0103r\u0103\u0219anu, dup\u0103 un nou meci f\u0103r\u0103 victorie"},"content":{"rendered":"<p>\u201dNu mai vreau s\u0103 tr\u0103iesc ce am tr\u0103it sezonul trecut\u201d. Reac\u021bia lui Marius M\u0103ld\u0103r\u0103\u0219anu, dup\u0103 un nou meci f\u0103r\u0103 victorie&#8230;<br \/><a href=\"https:\/\/www.digisport.ro\/fotbal\/liga-1\/nu-mai-vreau-sa-traiesc-ce-am-trait-sezonul-trecut-reactia-lui-marius-maldarasanu-dupa-un-nou-meci-fara-victorie-3731855\" class=\"button purchase\" rel=\"nofollow noopener\" target=\"_blank\">Read More<\/a><\/p>\n","protected":false},"excerpt":{"rendered":"<p>\u201dNu mai vreau s\u0103 tr\u0103iesc ce am tr\u0103it sezonul trecut\u201d. Reac\u021bia lui Marius M\u0103ld\u0103r\u0103\u0219anu, dup\u0103 un nou meci f\u0103r\u0103 victorie&#8230;Read More<\/p>\n","protected":false},"author":1,"featured_media":7682,"comment_status":"open","ping_status":"open","sticky":false,"template":"","format":"standard","meta":{"_monsterinsights_skip_tracking":false,"footnotes":""},"categories":[7],"tags":[],"class_list":["post-7681","post","type-post","status-publish","format-standard","has-post-thumbnail","hentry","category-sports"],"aioseo_notices":[],"_links":{"self":[{"href":"https:\/\/info-eforie.ro\/index.php\/wp-json\/wp\/v2\/posts\/7681","targetHints":{"allow":["GET"]}}],"collection":[{"href":"https:\/\/info-eforie.ro\/index.php\/wp-json\/wp\/v2\/posts"}],"about":[{"href":"https:\/\/info-eforie.ro\/index.php\/wp-json\/wp\/v2\/types\/post"}],"author":[{"embeddable":true,"href":"https:\/\/info-eforie.ro\/index.php\/wp-json\/wp\/v2\/users\/1"}],"replies":[{"embeddable":true,"href":"https:\/\/info-eforie.ro\/index.php\/wp-json\/wp\/v2\/comments?post=7681"}],"version-history":[{"count":0,"href":"https:\/\/info-eforie.ro\/index.php\/wp-json\/wp\/v2\/posts\/7681\/revisions"}],"wp:featuredmedia":[{"embeddable":true,"href":"https:\/\/info-eforie.ro\/index.php\/wp-json\/wp\/v2\/media\/7682"}],"wp:attachment":[{"href":"https:\/\/info-eforie.ro\/index.php\/wp-json\/wp\/v2\/media?parent=7681"}],"wp:term":[{"taxonomy":"category","embeddable":true,"href":"https:\/\/info-eforie.ro\/index.php\/wp-json\/wp\/v2\/categories?post=7681"},{"taxonomy":"post_tag","embeddable":true,"href":"https:\/\/info-eforie.ro\/index.php\/wp-json\/wp\/v2\/tags?post=7681"}],"curies":[{"name":"wp","href":"https:\/\/api.w.org\/{rel}","templated":true}]}}