{"id":7492,"date":"2025-09-14T17:14:38","date_gmt":"2025-09-14T17:14:38","guid":{"rendered":"https:\/\/info-eforie.ro\/index.php\/2025\/09\/14\/ce-a-avut-de-zis-andrea-mandorlini-dupa-metaloglobus-1\/"},"modified":"2025-09-14T17:14:38","modified_gmt":"2025-09-14T17:14:38","slug":"ce-a-avut-de-zis-andrea-mandorlini-dupa-metaloglobus-1","status":"publish","type":"post","link":"https:\/\/info-eforie.ro\/index.php\/2025\/09\/14\/ce-a-avut-de-zis-andrea-mandorlini-dupa-metaloglobus-1\/","title":{"rendered":"Ce a avut de zis Andrea Mandorlini dup\u0103 Metaloglobus -1"},"content":{"rendered":"<div>\n<p>Ardelenii traverseaz\u0103 o perioad\u0103 dificil\u0103. Cu Metaloglobus, \u00een etapa cu num\u0103rul nou\u0103 din sezonul regulat al Superligii Rom\u00e2niei, CFR Cluj a bifat un singur punct. Partida s-a jucat la Clinceni.<\/p>\n<h2><strong>Ce a avut de zis Andrea Mandorlini dup\u0103 Metaloglobus &#8211; CFR Cluj 1-1<\/strong><br \/><\/h2>\n<p>Dup\u0103 meci, Andrea Mandorlini a explicat faptul c\u0103 lui CFR Cluj i-a lipsit inspira\u021bia la ultima faz\u0103, motiv pentru care ardelenii au plecat cu un singur punct din deplasarea de la Clinceni.<\/p>\n<p>Antrenorul italian a vorbit \u0219i despre ultimele transferuri importante f\u0103cute de CFR Cluj \u00een fereastra de mut\u0103ri, cum ar fi Coco \u0219i Zouma, \u0219i a sugerat c\u0103 echipa din Gruia avea nevoie de calitate \u00een lot \u0219i un nou suflu.<\/p>\n<p><strong>\u201dDac\u0103 nu ba\u021bi asta nu \u00eenseamn\u0103 c\u0103 ceva nu a func\u021bionat. Am avut situa\u021bii prin care puteam c\u00e2\u0219tiga acest joc. Am avut \u0219ansa chiar s\u0103 intr\u0103m \u00een avantaj \u00een prima repriz\u0103. Am \u00eencercat s\u0103 facem ceva diferit ast\u0103zi. Nu e o tragedie c\u0103 nu c\u00e2\u0219tigi. Ast\u0103zi am \u00eencercat s\u0103 c\u00e2\u0219tig\u0103m, dar asta a fost s\u0103 fie. Ne \u00eentoarcem acas\u0103 \u0219i o s\u0103 muncim pentru urm\u0103torul meci.<br \/><\/strong><\/p>\n<p><strong>Vom analiza partida \u00een perioada care urmeaz\u0103. Din p\u0103cate am \u00eenceput meciul r\u0103u, c\u0103 am fost condu\u0219i dup\u0103 un minut de joc. A fost \u0219i penalty-ul ratat. F\u0103r\u0103 atacant de meserie e mai dificil. V\u0103d mult\u0103 am\u0103r\u0103ciune \u00een vestiar c\u0103 nu am c\u00e2\u0219tigat. Din p\u0103cate, \u0103sta e fotbalul. Noi chiar voiam s\u0103 c\u00e2\u0219tig\u0103m.<br \/><\/strong><\/p>\n<p><strong>Am avut ceva ocazii de a marca. \u00cen dou\u0103 faze am ajuns cu \u00eent\u00e2rziere la centr\u0103ri. Am f\u0103cut c\u00e2teva schimb\u0103ri, dar ne-a lipsit ceva la finalizare. Se pare c\u0103 de fiecare dat\u0103 c\u00e2nd pierzi e o tragedie. Noi trebuie s\u0103 fim mai echilibra\u021bi, s\u0103 muncim mai mult \u0219i s\u0103 ne g\u00e2ndim la urm\u0103torul meci.<br \/><\/strong><\/p>\n<p><strong>Sunt juc\u0103tori importan\u021bi \u00een fotbal \u0219i m\u0103 bucur c\u0103 sunt la noi c\u0103 avem nevoie de calitate (n.r. despre ultimele transferuri)\u201d<\/strong>, a spus Andrea Mandorlini dup\u0103 meci.<\/p>\n<\/div>\n<p><a href=\"https:\/\/www.sport.ro\/liga-1\/ce-a-avut-de-zis-andrea-mandorlini-dupa-metaloglobus-cfr-cluj-1-1.html\" class=\"button purchase\" rel=\"nofollow noopener\" target=\"_blank\">Read More<\/a><\/p>\n","protected":false},"excerpt":{"rendered":"<p>Ardelenii traverseaz\u0103 o perioad\u0103 dificil\u0103. Cu Metaloglobus, \u00een etapa cu num\u0103rul nou\u0103 din sezonul regulat al Superligii Rom\u00e2niei, CFR Cluj a bifat un singur punct. [&hellip;]<\/p>\n","protected":false},"author":1,"featured_media":7493,"comment_status":"open","ping_status":"open","sticky":false,"template":"","format":"standard","meta":{"_monsterinsights_skip_tracking":false,"footnotes":""},"categories":[7],"tags":[],"class_list":["post-7492","post","type-post","status-publish","format-standard","has-post-thumbnail","hentry","category-sports"],"aioseo_notices":[],"_links":{"self":[{"href":"https:\/\/info-eforie.ro\/index.php\/wp-json\/wp\/v2\/posts\/7492","targetHints":{"allow":["GET"]}}],"collection":[{"href":"https:\/\/info-eforie.ro\/index.php\/wp-json\/wp\/v2\/posts"}],"about":[{"href":"https:\/\/info-eforie.ro\/index.php\/wp-json\/wp\/v2\/types\/post"}],"author":[{"embeddable":true,"href":"https:\/\/info-eforie.ro\/index.php\/wp-json\/wp\/v2\/users\/1"}],"replies":[{"embeddable":true,"href":"https:\/\/info-eforie.ro\/index.php\/wp-json\/wp\/v2\/comments?post=7492"}],"version-history":[{"count":0,"href":"https:\/\/info-eforie.ro\/index.php\/wp-json\/wp\/v2\/posts\/7492\/revisions"}],"wp:featuredmedia":[{"embeddable":true,"href":"https:\/\/info-eforie.ro\/index.php\/wp-json\/wp\/v2\/media\/7493"}],"wp:attachment":[{"href":"https:\/\/info-eforie.ro\/index.php\/wp-json\/wp\/v2\/media?parent=7492"}],"wp:term":[{"taxonomy":"category","embeddable":true,"href":"https:\/\/info-eforie.ro\/index.php\/wp-json\/wp\/v2\/categories?post=7492"},{"taxonomy":"post_tag","embeddable":true,"href":"https:\/\/info-eforie.ro\/index.php\/wp-json\/wp\/v2\/tags?post=7492"}],"curies":[{"name":"wp","href":"https:\/\/api.w.org\/{rel}","templated":true}]}}