{"id":7324,"date":"2025-09-08T15:06:47","date_gmt":"2025-09-08T15:06:47","guid":{"rendered":"https:\/\/info-eforie.ro\/index.php\/2025\/09\/08\/un-pilot-a-pledat-vinovat-dupa-ce-a-incercat-sa-opreasca-motoarele-unui-avion-de-pasageri-in-zbor\/"},"modified":"2025-09-08T15:06:47","modified_gmt":"2025-09-08T15:06:47","slug":"un-pilot-a-pledat-vinovat-dupa-ce-a-incercat-sa-opreasca-motoarele-unui-avion-de-pasageri-in-zbor","status":"publish","type":"post","link":"https:\/\/info-eforie.ro\/index.php\/2025\/09\/08\/un-pilot-a-pledat-vinovat-dupa-ce-a-incercat-sa-opreasca-motoarele-unui-avion-de-pasageri-in-zbor\/","title":{"rendered":"Un pilot a pledat vinovat dup\u0103 ce a \u00eencercat s\u0103 opreasc\u0103 motoarele unui avion de pasageri \u00een zbor"},"content":{"rendered":"<div>\n<p>Un fost pilot Alaska Airlines a pledat vinovat vineri, \u00eentr-un tribunal federal, pentru c\u0103 a \u00eencercat <a href=\"https:\/\/adevarul.ro\/stiri-externe\/sua\/un-pilot-aflat-in-timpul-liber-acuzat-ca-a-2310526.html\">s\u0103 opreasc\u0103 motoarele unui avion de pasageri \u00een timpul zborului<\/a>, de pe scaunul de rezerv\u0103 din cabina de pilotaj, provoc\u00e2nd o urgen\u021b\u0103 la bord.<\/p>\n<div><picture loading=\"eager\" width=\"1400\" height=\"750\" alt=\"Joseph Emerson a pledat vinovat FOTO X\"><source type=\"image\/webp\"  media=\"(min-width: 1400px)\"><source type=\"image\/webp\"  media=\"(min-width: 1000px)\"><source type=\"image\/webp\"  media=\"(min-width: 700px)\"><source type=\"image\/jpeg\"  media=\"(min-width: 1400px)\"><source type=\"image\/jpeg\"  media=\"(min-width: 1000px)\"><source type=\"image\/jpeg\"  media=\"(min-width: 700px)\"><img fetchpriority=\"high\" decoding=\"async\" src=\"https:\/\/cdn.adh.reperio.news\/image-4\/4b6729ba-087d-4199-9e96-f5862b3cfdc9\/index.jpeg?p=a%3D1%26co%3D1.05%26w%3D700%26h%3D750%26r%3Dcontain%26f%3Dwebp\" alt=\"Joseph Emerson a pledat vinovat FOTO X\" width=\"1400\" height=\"750\" loading=\"eager\"><\/picture>\n<p>Joseph Emerson a pledat vinovat FOTO X<\/p>\n<\/div>\n<p>Joseph Emerson, 46 de ani, a ajuns la \u00een\u021belegeri de recunoa\u0219tere a vinov\u0103\u021biei at\u00e2t \u00een cazul federal, c\u00e2t \u0219i \u00een cel de stat din Oregon, rezultate \u00een urma incidentului din octombrie 2023, a declarat avocatul s\u0103u pentru <a href=\"https:\/\/abcnews.go.com\/US\/former-alaska-airlines-pilot-shut-engines-midflight-pleads\/story?id=125298821\" rel=\"nofollow\">ABC News.<\/a><\/p>\n<p>El a pledat vinovat pentru infrac\u021biunea de obstruc\u021bionare a echipajului de zbor, conform documentelor federale depuse la tribunalul din Portland.<\/p>\n<p>\u00centr-o declara\u021bie depus\u0103 la dosar, Emerson a recunoscut c\u0103 folosise psilocibin\u0103 \u2013 substan\u021ba halucinogen\u0103 din <i>\u201eciupercile magice\u201d <\/i>\u2013 cu dou\u0103 zile \u00eenainte de zbor \u0219i c\u0103<i> \u201e\u00eenc\u0103 suferea de efectele acestei substan\u021be\u201d.<\/i><\/p>\n<p><i>\u201eDe\u0219i st\u0103team pe scaunul de rezerv\u0103 \u0219i interac\u021bionam cu echipajul, credeam c\u0103 visez \u0219i sim\u021beam o nevoie cople\u0219itoare s\u0103 m\u0103 trezesc. \u00cen \u00eencercarea de a m\u0103 trezi din acest \u2018vis\u2019, am tras \u00een mod con\u0219tient de manetele duble ale sting\u0103toarelor de incendiu pentru motoarele aeronavei \u00een timp ce avionul era \u00een zbor\u201d<\/i>, a spus el.<\/p>\n<p><i>\u201e\u0218tiam c\u0103 asta va opri motoarele, dar la acel moment credeam c\u0103 a\u0219a m\u0103 voi trezi \u0219i voi fi din nou cu familia mea. \u00cen momentul \u00een care am apucat manetele, am intimidat echipajul, care a fost nevoit s\u0103-mi smulg\u0103 m\u00e2inile pentru a le repozi\u021biona \u0219i a \u00eempiedica oprirea motoarelor. Datorit\u0103 profesionalismului echipajului, motoarele nu s-au oprit, iar aeronava a aterizat \u00een siguran\u021b\u0103.\u201d<\/i><\/p>\n<p>Sentin\u021ba \u00een cazul federal va fi pronun\u021bat\u0103 pe 17 noiembrie. El risc\u0103 p\u00e2n\u0103 la 20 de ani de \u00eenchisoare \u0219i o amend\u0103 de 250.000 de dolari.<\/p>\n<p>La nivel de stat, Emerson a pledat <i>\u201eno contest\u201d <\/i>(nu contest\u0103 acuza\u021biile) \u00eentr-o audiere separat\u0103. Ini\u021bial inculpat pentru zeci de tentative de omor, a fost ulterior trimis \u00een judecat\u0103 pentru 83 de capete de acuzare de punere \u00een pericol a altei persoane \u0219i un cap\u0103t de acuzare de punere \u00een pericol a unei aeronave, infrac\u021biune de gradul I.<\/p>\n<p>Judec\u0103toarea Cheryl Albrecht l-a g\u0103sit vinovat pe toate capetele de acuzare \u0219i l-a condamnat conform acordului: 50 de zile de \u00eenchisoare (executate deja prin arestul preventiv), cinci ani de supraveghere, peste 60.000 de dolari desp\u0103gubiri (\u00een mare parte c\u0103tre Alaska Airlines) \u0219i peste 600 de ore de munc\u0103 \u00een folosul comunit\u0103\u021bii.<\/p>\n<p>\u00cen fa\u021ba instan\u021bei, Emerson \u0219i-a exprimat regretul:<i> \u201e\u00cemi pare r\u0103u pentru r\u0103ul provocat fiec\u0103rei persoane din acel avion \u2013 echipaj \u0219i pasageri. \u00cemi pare r\u0103u pentru prejudiciul adus profesiei mele. Le sunt recunosc\u0103tor colegilor din cabina de pilotaj, pentru c\u0103 mi-au salvat via\u021ba.\u201d<\/i><\/p>\n<p>Doi pasageri au declarat \u00een instan\u021b\u0103 c\u0103 de atunci simt anxietate la zboruri. Unul a cerut o pedeaps\u0103 mai dur\u0103, consider\u00e2nd \u00een\u021belegerea <i>\u201einsuficient\u0103\u201d<\/i>, iar cel\u0103lalt a spus c\u0103 prefer\u0103 ca Emerson s\u0103-\u0219i \u00eendeplineasc\u0103 orele de munc\u0103 voluntar\u0103 \u00een \u0219coli, vorbind despre riscurile consumului de psihedelice.<\/p>\n<p>Dup\u0103 arestare, medicii i-au pus diagnosticul de tulburare de percep\u021bie persistent\u0103 indus\u0103 de halucinogene (HPPD), o afec\u021biune care poate provoca halucina\u021bii \u0219i distorsiuni perceptive pentru mai multe zile dup\u0103 consum.<\/p>\n<p>Ulterior, Emerson \u0219i so\u021bia lui au \u00eenfiin\u021bat organiza\u021bia nonprofit Clear Skies Ahead, dedicat\u0103 sprijinirii s\u0103n\u0103t\u0103\u021bii mintale a pilo\u021bilor.<\/p>\n<\/p><\/div>\n<p><a href=\"https:\/\/adevarul.ro\/stiri-externe\/sua\/un-pilot-a-pledat-vinovat-dupa-ce-a-incercat-sa-2470297.html\" class=\"button purchase\" rel=\"nofollow noopener\" target=\"_blank\">Read More<\/a><\/p>\n","protected":false},"excerpt":{"rendered":"<p>Un fost pilot Alaska Airlines a pledat vinovat vineri, \u00eentr-un tribunal federal, pentru c\u0103 a \u00eencercat s\u0103 opreasc\u0103 motoarele unui avion de pasageri \u00een timpul [&hellip;]<\/p>\n","protected":false},"author":1,"featured_media":7325,"comment_status":"open","ping_status":"open","sticky":false,"template":"","format":"standard","meta":{"_monsterinsights_skip_tracking":false,"footnotes":""},"categories":[6],"tags":[],"class_list":["post-7324","post","type-post","status-publish","format-standard","has-post-thumbnail","hentry","category-popular"],"aioseo_notices":[],"_links":{"self":[{"href":"https:\/\/info-eforie.ro\/index.php\/wp-json\/wp\/v2\/posts\/7324","targetHints":{"allow":["GET"]}}],"collection":[{"href":"https:\/\/info-eforie.ro\/index.php\/wp-json\/wp\/v2\/posts"}],"about":[{"href":"https:\/\/info-eforie.ro\/index.php\/wp-json\/wp\/v2\/types\/post"}],"author":[{"embeddable":true,"href":"https:\/\/info-eforie.ro\/index.php\/wp-json\/wp\/v2\/users\/1"}],"replies":[{"embeddable":true,"href":"https:\/\/info-eforie.ro\/index.php\/wp-json\/wp\/v2\/comments?post=7324"}],"version-history":[{"count":0,"href":"https:\/\/info-eforie.ro\/index.php\/wp-json\/wp\/v2\/posts\/7324\/revisions"}],"wp:featuredmedia":[{"embeddable":true,"href":"https:\/\/info-eforie.ro\/index.php\/wp-json\/wp\/v2\/media\/7325"}],"wp:attachment":[{"href":"https:\/\/info-eforie.ro\/index.php\/wp-json\/wp\/v2\/media?parent=7324"}],"wp:term":[{"taxonomy":"category","embeddable":true,"href":"https:\/\/info-eforie.ro\/index.php\/wp-json\/wp\/v2\/categories?post=7324"},{"taxonomy":"post_tag","embeddable":true,"href":"https:\/\/info-eforie.ro\/index.php\/wp-json\/wp\/v2\/tags?post=7324"}],"curies":[{"name":"wp","href":"https:\/\/api.w.org\/{rel}","templated":true}]}}