{"id":7272,"date":"2025-09-06T14:16:10","date_gmt":"2025-09-06T14:16:10","guid":{"rendered":"https:\/\/info-eforie.ro\/index.php\/2025\/09\/06\/ne-punem-si-noi-intrebari-mihai-stoica-nu-s-a-abtinut-dupa-romania-canada-0-3-zici-ca-era-3-0-pentru-noi\/"},"modified":"2025-09-06T14:16:10","modified_gmt":"2025-09-06T14:16:10","slug":"ne-punem-si-noi-intrebari-mihai-stoica-nu-s-a-abtinut-dupa-romania-canada-0-3-zici-ca-era-3-0-pentru-noi","status":"publish","type":"post","link":"https:\/\/info-eforie.ro\/index.php\/2025\/09\/06\/ne-punem-si-noi-intrebari-mihai-stoica-nu-s-a-abtinut-dupa-romania-canada-0-3-zici-ca-era-3-0-pentru-noi\/","title":{"rendered":"\u201dNe punem \u0219i noi \u00eentreb\u0103ri!\u201d Mihai Stoica nu s-a ab\u021binut dup\u0103 Rom\u00e2nia \u2013 Canada 0-3: \u201dZici c\u0103 era 3-0 pentru noi!\u201d"},"content":{"rendered":"<div>\n<p>Mihai Stoica a avut un discurs acid dup\u0103 ce Rom\u00e2nia a fost umilit\u0103 de Canada pe Arena Na\u021bional\u0103. <\/p>\n<h2>Mihai Stoica: \u201dTrebuie s\u0103 apere Moldovan, avem un contract?\u201d <\/h2>\n<p>Pre\u0219edintele Consiliului de Administra\u021bie de la FCSB spune c\u0103 nimic nu a func\u021bionat \u00een jocul tricolorilor \u0219i c\u0103 singurul aspect pozitiv este faptul c\u0103 meciul a fost unul amical.<\/p>\n<p>Oficialul de la FCSB s-a ar\u0103tat \u00eenc\u0103 o dat\u0103 indignat de faptul c\u0103 Mircea Lucescu insist\u0103 s\u0103 \u00eel titularizeze pe Hora\u021biu Moldovan \u00een condi\u021biile \u00een care R\u0103zvan Sava a impresionat la Udinese, iar T\u00e2rnovanu a f\u0103cut un sezon de excep\u021bie cu FCSB. <\/p>\n<p>De altfel, Mihai Stoica a fost revoltat de lejeritatea cu care tricolorii au tratat anumite faze, cel mai elocvent exemplu fiind momentul \u00een care Denis Dr\u0103gu\u0219 a \u00eencercat s\u0103 marcheze cu c\u0103lc\u00e2iul.<\/p>\n<p>\u201d<strong>Singura chestie care aseam\u0103n\u0103 Cipru cu Canada este c\u0103 \u00eencep cu C. Singurul aspect pozitiv care reiese dup\u0103 aceast\u0103 partid\u0103 este c\u0103 nu a fost oficial.<\/strong><\/p>\n<p><strong>A fost un dezastru total, iar ce a f\u0103cut Moldovan&#8230; rar, de regul\u0103 vezi pe re\u0163ele, nu la nivel de echip\u0103 na\u0163ional\u0103.<\/strong><\/p>\n<p><strong>Trebuie s\u0103 apere Moldovan, avem un contract? Trebuie s\u0103 apere Moldovan, care nu este titular la echipa de club? Sava este la Udinese, care tocmai a b\u0103tut pe San Siro. Ne punem \u015fi noi \u00eentreb\u0103ri.<\/strong><\/p>\n<p><strong>Cu excep\u0163ia lui Stanciu nu a mers nimic, iar ce au f\u0103cut cu noi&#8230;<\/strong><\/p>\n<p><strong>Am avut ocazii, e adev\u0103rat, dar \u00een momentul \u00een care tratezi cu a\u015fa o senin\u0103tate&#8230; zici c\u0103 era 3-0 pentru noi \u015fi Dr\u0103gu\u015f voia s\u0103 marcheze cu c\u0103lc\u00e2iul<\/strong>\u201d, a apus Mihai Stoica la Prima Sport.<\/p>\n<\/div>\n<p><a href=\"https:\/\/www.sport.ro\/nationala\/ne-punem-si-noi-intrebari-mihai-stoica-nu-s-a-abtinut-dupa-romania-canada-0-3-zici-ca-era-3-0-pentru-noi.html\" class=\"button purchase\" rel=\"nofollow noopener\" target=\"_blank\">Read More<\/a><\/p>\n","protected":false},"excerpt":{"rendered":"<p>Mihai Stoica a avut un discurs acid dup\u0103 ce Rom\u00e2nia a fost umilit\u0103 de Canada pe Arena Na\u021bional\u0103. Mihai Stoica: \u201dTrebuie s\u0103 apere Moldovan, avem [&hellip;]<\/p>\n","protected":false},"author":1,"featured_media":7273,"comment_status":"open","ping_status":"open","sticky":false,"template":"","format":"standard","meta":{"_monsterinsights_skip_tracking":false,"_monsterinsights_sitenote_active":false,"_monsterinsights_sitenote_note":"","_monsterinsights_sitenote_category":0,"footnotes":""},"categories":[7],"tags":[],"class_list":["post-7272","post","type-post","status-publish","format-standard","has-post-thumbnail","hentry","category-sports"],"aioseo_notices":[],"_links":{"self":[{"href":"https:\/\/info-eforie.ro\/index.php\/wp-json\/wp\/v2\/posts\/7272","targetHints":{"allow":["GET"]}}],"collection":[{"href":"https:\/\/info-eforie.ro\/index.php\/wp-json\/wp\/v2\/posts"}],"about":[{"href":"https:\/\/info-eforie.ro\/index.php\/wp-json\/wp\/v2\/types\/post"}],"author":[{"embeddable":true,"href":"https:\/\/info-eforie.ro\/index.php\/wp-json\/wp\/v2\/users\/1"}],"replies":[{"embeddable":true,"href":"https:\/\/info-eforie.ro\/index.php\/wp-json\/wp\/v2\/comments?post=7272"}],"version-history":[{"count":0,"href":"https:\/\/info-eforie.ro\/index.php\/wp-json\/wp\/v2\/posts\/7272\/revisions"}],"wp:featuredmedia":[{"embeddable":true,"href":"https:\/\/info-eforie.ro\/index.php\/wp-json\/wp\/v2\/media\/7273"}],"wp:attachment":[{"href":"https:\/\/info-eforie.ro\/index.php\/wp-json\/wp\/v2\/media?parent=7272"}],"wp:term":[{"taxonomy":"category","embeddable":true,"href":"https:\/\/info-eforie.ro\/index.php\/wp-json\/wp\/v2\/categories?post=7272"},{"taxonomy":"post_tag","embeddable":true,"href":"https:\/\/info-eforie.ro\/index.php\/wp-json\/wp\/v2\/tags?post=7272"}],"curies":[{"name":"wp","href":"https:\/\/api.w.org\/{rel}","templated":true}]}}