{"id":7238,"date":"2025-09-05T13:12:27","date_gmt":"2025-09-05T13:12:27","guid":{"rendered":"https:\/\/info-eforie.ro\/index.php\/2025\/09\/05\/dinamo-vrea-sa-transfere-un-jucator-de-la-cfr-cluj-anuntul-facut-de-andrei-nicolescu\/"},"modified":"2025-09-05T13:12:27","modified_gmt":"2025-09-05T13:12:27","slug":"dinamo-vrea-sa-transfere-un-jucator-de-la-cfr-cluj-anuntul-facut-de-andrei-nicolescu","status":"publish","type":"post","link":"https:\/\/info-eforie.ro\/index.php\/2025\/09\/05\/dinamo-vrea-sa-transfere-un-jucator-de-la-cfr-cluj-anuntul-facut-de-andrei-nicolescu\/","title":{"rendered":"Dinamo vrea s\u0103 transfere un juc\u0103tor de la CFR Cluj! Anun\u021bul f\u0103cut de Andrei Nicolescu"},"content":{"rendered":"<div>\n<p><a href=\"https:\/\/www.sport.ro\/liga-1\/a-picat-transferul-la-dinamo.html\" rel=\"noopener noreferrer\"><strong>Dinamo<\/strong><\/a> are un start excelent de sezon, iar dup\u0103 primele opt etape se afl\u0103 pe locul trei \u00een clasamentul Superligii.\u00a0<\/p>\n<p>\u201eC\u00e2inii\u201d au reu\u0219it s\u0103 \u00eentre primele clasate \u00een urma celor patru victorii din ultimele cinci partide, dar \u00ee\u0219i doresc s\u0103 se betoneze \u00een zona defensiv\u0103.<\/p>\n<h2>Dinamo transfer\u0103 de la CFR Cluj! Anun\u021bul f\u0103cut de Andrei Nicolescu<br \/><\/h2>\n<p>Dinamo vrea s\u0103 \u00ee\u0219i betoneze zona din centrul defensivei, acolo unde se afl\u0103 Stoianov \u0219i Boateng.<\/p>\n<p>Andrei Nicolescu a anun\u021bat c\u0103 \u201ero\u0219-albii\u201d au pus ochii pe Leo Bolgado, juc\u0103torul lui CFR Cluj. Oficialul \u201ec\u00e2inilor\u201d a explicat c\u0103 Dinamo ia \u00een calcul \u0219i varianta unui \u00eemprumut cu op\u021biune de cump\u0103rare.<\/p>\n<ul>\n<li><strong>Cite\u0219te \u0219i: <\/strong><a href=\"https:\/\/www.sport.ro\/liga-1\/deciziile-luate-de-comisia-de-disciplina-dinamo-nu-a-scapat-de-amenda.html\" rel=\"noopener noreferrer\"><strong>Deciziile luate de Comisia de Disciplin\u0103: Dinamo nu a sc\u0103pat de amend\u0103<\/strong><\/a><\/li>\n<\/ul>\n<\/div>\n<div>\n<p><strong>\u201eSuntem interesa\u0163i de un funda\u015f central de la CFR Cluj, dar este destul de greu. A\u015fa cum se pun problemele acum, nu cred c\u0103&#8230; Mai bine nu vorbim despre asta.<\/strong><\/p>\n<p><strong>Noi vrem s\u0103 transfer\u0103m s\u0103pt\u0103m\u00e2na asta ceva. Prioritar e un funda\u015f central. Vedem care este op\u0163iunea cea mai bun\u0103.<\/strong><\/p>\n<p><strong>Unul dintre ei este sub contract \u015fi \u00eencerc\u0103m un transfer cu procente, \u00eenc\u0103 unul dintre ei este sub contract \u015fi \u00eencerc\u0103m un \u00eemprumut cu o op\u0163iune de cump\u0103rare, iar unul este liber de contract.<\/strong><\/p>\n<p><strong>Acum, depinde foarte mult de dinamica negocierilor, s\u0103 vedem pe cine ne putem axa\u201d<\/strong>, a declarat Andrei Nicolescu, la emisiunea <a href=\"https:\/\/www.youtube.com\/watch?v=aYjksP1A7CI\" rel=\"noopener noreferrer\" target=\"_blank\">\u201eTotul pentru Dinamo\u201d<\/a>.<\/p>\n<p>De c\u00e2nd s-a transferat la CFR Cluj, funda\u0219ul brazilian evoluat \u00een 52 de partide pentru fosta campioan\u0103 a Rom\u00e2niei, reu\u0219ind s\u0103 \u00eenscrie de trei ori \u0219i s\u0103 ofere un assist.<\/p>\n<p>1,8 milioane de euro este cota lui Leo Bolgado, conform site-ului de specialitate Transfermarkt.com.<\/p>\n<\/div>\n<p><a href=\"https:\/\/www.sport.ro\/liga-1\/dinamo-transfera-de-la-cfr-cluj-anuntul-facut-de-andrei-nicolescu.html\" class=\"button purchase\" rel=\"nofollow noopener\" target=\"_blank\">Read More<\/a><\/p>\n","protected":false},"excerpt":{"rendered":"<p>Dinamo are un start excelent de sezon, iar dup\u0103 primele opt etape se afl\u0103 pe locul trei \u00een clasamentul Superligii.\u00a0 \u201eC\u00e2inii\u201d au reu\u0219it s\u0103 \u00eentre [&hellip;]<\/p>\n","protected":false},"author":1,"featured_media":7239,"comment_status":"open","ping_status":"open","sticky":false,"template":"","format":"standard","meta":{"_monsterinsights_skip_tracking":false,"footnotes":""},"categories":[7],"tags":[],"class_list":["post-7238","post","type-post","status-publish","format-standard","has-post-thumbnail","hentry","category-sports"],"aioseo_notices":[],"_links":{"self":[{"href":"https:\/\/info-eforie.ro\/index.php\/wp-json\/wp\/v2\/posts\/7238","targetHints":{"allow":["GET"]}}],"collection":[{"href":"https:\/\/info-eforie.ro\/index.php\/wp-json\/wp\/v2\/posts"}],"about":[{"href":"https:\/\/info-eforie.ro\/index.php\/wp-json\/wp\/v2\/types\/post"}],"author":[{"embeddable":true,"href":"https:\/\/info-eforie.ro\/index.php\/wp-json\/wp\/v2\/users\/1"}],"replies":[{"embeddable":true,"href":"https:\/\/info-eforie.ro\/index.php\/wp-json\/wp\/v2\/comments?post=7238"}],"version-history":[{"count":0,"href":"https:\/\/info-eforie.ro\/index.php\/wp-json\/wp\/v2\/posts\/7238\/revisions"}],"wp:featuredmedia":[{"embeddable":true,"href":"https:\/\/info-eforie.ro\/index.php\/wp-json\/wp\/v2\/media\/7239"}],"wp:attachment":[{"href":"https:\/\/info-eforie.ro\/index.php\/wp-json\/wp\/v2\/media?parent=7238"}],"wp:term":[{"taxonomy":"category","embeddable":true,"href":"https:\/\/info-eforie.ro\/index.php\/wp-json\/wp\/v2\/categories?post=7238"},{"taxonomy":"post_tag","embeddable":true,"href":"https:\/\/info-eforie.ro\/index.php\/wp-json\/wp\/v2\/tags?post=7238"}],"curies":[{"name":"wp","href":"https:\/\/api.w.org\/{rel}","templated":true}]}}