{"id":7196,"date":"2025-09-03T12:06:45","date_gmt":"2025-09-03T12:06:45","guid":{"rendered":"https:\/\/info-eforie.ro\/index.php\/2025\/09\/03\/conspiratii-si-tensiuni-in-germania-dupa-ce-sase-candidati-afd-au-murit-inaintea-alegerilor-locale-din-tara\/"},"modified":"2025-09-03T12:06:45","modified_gmt":"2025-09-03T12:06:45","slug":"conspiratii-si-tensiuni-in-germania-dupa-ce-sase-candidati-afd-au-murit-inaintea-alegerilor-locale-din-tara","status":"publish","type":"post","link":"https:\/\/info-eforie.ro\/index.php\/2025\/09\/03\/conspiratii-si-tensiuni-in-germania-dupa-ce-sase-candidati-afd-au-murit-inaintea-alegerilor-locale-din-tara\/","title":{"rendered":"Conspira\u021bii \u0219i tensiuni \u00een Germania, dup\u0103 ce \u0219ase candida\u021bi AfD au murit \u00eenaintea alegerilor locale din \u021bar\u0103"},"content":{"rendered":"<div>\n<p>\u0218ase candida\u021bi ai partidului german de extrem\u0103 dreapta AfD au decedat \u00een ultimele s\u0103pt\u0103m\u00e2ni \u00eenaintea alegerilor locale din Renania de Nord-Westfalia, evenimente care au alimentat rapid teorii ale conspira\u021biei, de\u0219i autorit\u0103\u021bile sus\u021bin c\u0103 nu exist\u0103 dovezi ale vreunei crime.\u00a0\u00a0<\/p>\n<div><picture loading=\"eager\" width=\"1400\" height=\"750\" alt=\"Val de mor\u021bi ale candida\u021bilor AfD din Germania \u00eenainte de alegerile locale \/ Sursa foto: binz-auto\"><source type=\"image\/webp\"  media=\"(min-width: 1400px)\"><source type=\"image\/webp\"  media=\"(min-width: 1000px)\"><source type=\"image\/webp\"  media=\"(min-width: 700px)\"><source type=\"image\/jpeg\"  media=\"(min-width: 1400px)\"><source type=\"image\/jpeg\"  media=\"(min-width: 1000px)\"><source type=\"image\/jpeg\"  media=\"(min-width: 700px)\"><img fetchpriority=\"high\" decoding=\"async\" src=\"https:\/\/cdn.adh.reperio.news\/image-9\/9bdb9506-519d-4aa5-9156-5fc5c2dc8075\/index.jpeg?p=a%3D1%26co%3D1.05%26w%3D700%26h%3D750%26r%3Dcontain%26f%3Dwebp\" alt=\"Val de mor\u021bi ale candida\u021bilor AfD din Germania \u00eenainte de alegerile locale \/ Sursa foto: binz-auto\" width=\"1400\" height=\"750\" loading=\"eager\"><\/picture>\n<p>Val de mor\u021bi ale candida\u021bilor AfD din Germania \u00eenainte de alegerile locale \/ Sursa foto: binz-auto<\/p>\n<\/div>\n<h2>Alegeri locale \u00een Germania, marcate de moartea nea\u0219teptat\u0103 a \u0219ase candida\u021bi AfD<\/h2>\n<p>Nu mai pu\u0163in de \u015fase candida\u0163i ai partidului german de extrem\u0103 dreapta AfD au decedat \u00een ultimele s\u0103pt\u0103m\u00e2ni, \u00eenaintea alegerilor locale din marele land Renania de Nord-Westfalia, din vestul \u0163\u0103rii, ceea ce a dat na\u015ftere rapid unei serii de teorii ale conspira\u0163iei, relateaz\u0103 BBC, potrivit <a href=\"https:\/\/www.news.ro\/externe\/partidul-german-de-extrema-dreapta-afd-este-afectat-de-o-serie-de-decese-ale-candidatilor-inaintea-unui-important-scrutin-local-ceea-ce-a-dat-nastere-rapid-unor-teorii-ale-conspiratiei-1922404402122025092122151617\" rel=\"nofollow\">News.ro<\/a>.<\/p>\n<p>Poli\u0163ia a precizat c\u0103 nu exist\u0103 dovezi ale unor crime \u00een leg\u0103tur\u0103 cu aceste decese, dar asta \u00eenseamn\u0103 c\u0103 vor trebui tip\u0103rite noi buletine de vot, iar unii aleg\u0103tori care voteaz\u0103 prin coresponden\u0163\u0103 vor trebui s\u0103-\u015fi retrimit\u0103 voturile.<\/p>\n<p>Renania de Nord-Westfalia are o popula\u0163ie de 18 milioane de locuitori, iar 20.000 de candida\u0163i vor concura pentru func\u0163ii \u00een alegerile locale din 14 septembrie.\u00a0<\/p>\n<p>Num\u0103rul deceselor a ridicat totu\u015fi semne de \u00eentrebare pe re\u0163elele sociale. Ministerul de Interne al landului a subliniat c\u0103 au decedat \u015fi candida\u0163i din alte partide, inclusiv din Partidul Verde \u015fi din Partidul Social-Democrat.<\/p>\n<p>AfD a devenit <a href=\"https:\/\/adevarul.ro\/stiri-externe\/europa\/extrema-dreapta-interzisa-in-germania-2454097.html\">al doilea partid ca m\u0103rime din Germania<\/a> la alegerile federale din februarie, extinz\u00e2ndu-\u015fi influen\u0163a din zona sa de origine &#8211; est &#8211; \u015fi \u00een zone din vestul \u0163\u0103rii.\u00a0<\/p>\n<p>Agen\u0163ia de spionaj intern l-a clasificat ca organiza\u0163ie extremist\u0103 de dreapta \u00een luna mai, \u00eenainte de a suspenda aceast\u0103 decizie din cauza unui recurs care a\u015fteapt\u0103 \u00een instan\u0163\u0103. \u00cen trei state din est, asocia\u0163iile AfD sunt \u00een continuare clasificate ca extremiste.<\/p>\n<p>Relat\u0103rile ini\u0163iale s-au concentrat pe \u015ftirea c\u0103 patru dintre candida\u0163ii AfD au decedat, dar apoi au ap\u0103rut decesele a \u00eenc\u0103 doi candida\u0163i de rezerv\u0103, ceea ce a st\u00e2rnit o serie de teorii conspira\u0163ioniste pe re\u0163elele sociale. Co-pre\u015fedinta AfD, Alice Weidel, nu a f\u0103cut niciun efort pentru a combate specula\u0163iile, repost\u00e2nd o afirma\u0163ie a economistului pensionar Stefan Homburg, potrivit c\u0103ruia num\u0103rul deceselor candida\u0163ilor este <i>\u201estatistic aproape imposibil\u201d.\u00a0<\/i><\/p>\n<p>Cu toate acestea, \u00eentrebat despre zvonurile din partidul s\u0103u, n<a href=\"https:\/\/adevarul.ro\/stiri-externe\/europa\/partidul-afd-si-a-intarit-structura-cu-tot-mai-2449649.html\">um\u0103rul doi al AfD <\/a>\u00een Renania de Nord-Westfalia, Kay Gottschalk, a recunoscut mar\u0163i: <i>\u201eDin informa\u0163iile pe care le am \u00een fa\u0163\u0103 \u2013 dar sunt doar informa\u0163ii limitate \u2013 nu reiese nimic care s\u0103 sus\u0163in\u0103 aceste suspiciuni \u00een acest moment\u201d<\/i>. <\/p>\n<p>El a declarat pentru podcastul Berlin Playbook al Politico c\u0103 partidul s\u0103u dore\u015fte ca aceste cazuri s\u0103 fie investigate <i>\u201ef\u0103r\u0103 a intra imediat \u00een zona teoriilor conspira\u0163ioniste\u201d<\/i>. Dar a ad\u0103ugat c\u0103 trebuie s\u0103 procedeze cu pruden\u0163\u0103 \u00een rela\u0163ia cu familiile afectate, deoarece acestea au pierdut pe cineva drag.\u00a0<\/p>\n<h2>Poli\u021bia german\u0103: \u201eNu exist\u0103 dovezi de crim\u0103\u201d \u00een cazul mor\u021bii candida\u021bilor AfD<\/h2>\n<p>Poli\u0163ia a declarat agen\u0163iei de \u015ftiri germane dpa c\u0103 cele patru decese ini\u0163iale au fost fie din cauze naturale, fie cauza nu a fost divulgat\u0103 din motive de confiden\u0163ialitate cerute de familie. Celelalte dou\u0103 decese au fost descrise \u00een mod similar.<\/p>\n<p>Strategii AfD sper\u0103 s\u0103 ob\u0163in\u0103 victorii \u00een alegerile locale din Renania de Nord-Westfalia, care sunt considerate primul test electoral de la venirea la putere a noului guvern federal.\u00a0<\/p>\n<p>La ultimele alegeri regionale din mai 2022, AfD a ob\u0163inut doar 5,4% \u00eentr-o regiune care g\u0103zduie\u015fte centrul industrial al Germaniei, \u00een valea Ruhr, \u015fi care a suferit pierderi masive de locuri de munc\u0103. \u00cens\u0103 AfD a ob\u0163inut 16,8% \u00een acest stat la alegerile federale din februarie anul trecut, iar sondajele sugereaz\u0103 c\u0103 partidul ar putea s\u0103 se apropie \u015fi acum de aceste cifre.<\/p>\n<p>Partidul a g\u0103sit sprijin \u00een r\u00e2ndul mai multor personalit\u0103\u0163i de dreapta din SUA, care au acuzat guvernul german c\u0103 \u00eencearc\u0103 s\u0103 suprime AfD prin decizii birocratice. Miliardarul din domeniul tehnologiei Elon Musk, care a sus\u0163inut politicile contra migra\u0163iei ale partidului de extrem\u0103 dreapta la \u00eenceputul acestui an, \u015fi-a reiterat sprijinul pentru AfD \u00een ultimele zile. <i>\u201eFie Germania voteaz\u0103 AfD, fie este sf\u00e2r\u015fitul Germaniei\u201d<\/i>, a afirmat el.\u00a0<\/p>\n<\/p><\/div>\n<p><a href=\"https:\/\/adevarul.ro\/stiri-externe\/europa\/conspiratii-si-tensiuni-in-germania-dupa-ce-sase-2469260.html\" class=\"button purchase\" rel=\"nofollow noopener\" target=\"_blank\">Read More<\/a><\/p>\n","protected":false},"excerpt":{"rendered":"<p>\u0218ase candida\u021bi ai partidului german de extrem\u0103 dreapta AfD au decedat \u00een ultimele s\u0103pt\u0103m\u00e2ni \u00eenaintea alegerilor locale din Renania de Nord-Westfalia, evenimente care au alimentat [&hellip;]<\/p>\n","protected":false},"author":1,"featured_media":7197,"comment_status":"open","ping_status":"open","sticky":false,"template":"","format":"standard","meta":{"_monsterinsights_skip_tracking":false,"footnotes":""},"categories":[6],"tags":[],"class_list":["post-7196","post","type-post","status-publish","format-standard","has-post-thumbnail","hentry","category-popular"],"aioseo_notices":[],"_links":{"self":[{"href":"https:\/\/info-eforie.ro\/index.php\/wp-json\/wp\/v2\/posts\/7196","targetHints":{"allow":["GET"]}}],"collection":[{"href":"https:\/\/info-eforie.ro\/index.php\/wp-json\/wp\/v2\/posts"}],"about":[{"href":"https:\/\/info-eforie.ro\/index.php\/wp-json\/wp\/v2\/types\/post"}],"author":[{"embeddable":true,"href":"https:\/\/info-eforie.ro\/index.php\/wp-json\/wp\/v2\/users\/1"}],"replies":[{"embeddable":true,"href":"https:\/\/info-eforie.ro\/index.php\/wp-json\/wp\/v2\/comments?post=7196"}],"version-history":[{"count":0,"href":"https:\/\/info-eforie.ro\/index.php\/wp-json\/wp\/v2\/posts\/7196\/revisions"}],"wp:featuredmedia":[{"embeddable":true,"href":"https:\/\/info-eforie.ro\/index.php\/wp-json\/wp\/v2\/media\/7197"}],"wp:attachment":[{"href":"https:\/\/info-eforie.ro\/index.php\/wp-json\/wp\/v2\/media?parent=7196"}],"wp:term":[{"taxonomy":"category","embeddable":true,"href":"https:\/\/info-eforie.ro\/index.php\/wp-json\/wp\/v2\/categories?post=7196"},{"taxonomy":"post_tag","embeddable":true,"href":"https:\/\/info-eforie.ro\/index.php\/wp-json\/wp\/v2\/tags?post=7196"}],"curies":[{"name":"wp","href":"https:\/\/api.w.org\/{rel}","templated":true}]}}