{"id":7124,"date":"2025-09-01T11:07:31","date_gmt":"2025-09-01T11:07:31","guid":{"rendered":"https:\/\/info-eforie.ro\/index.php\/2025\/09\/01\/a-anuntat-in-direct-la-tv-transferul-dupa-dinamo\/"},"modified":"2025-09-01T11:07:31","modified_gmt":"2025-09-01T11:07:31","slug":"a-anuntat-in-direct-la-tv-transferul-dupa-dinamo","status":"publish","type":"post","link":"https:\/\/info-eforie.ro\/index.php\/2025\/09\/01\/a-anuntat-in-direct-la-tv-transferul-dupa-dinamo\/","title":{"rendered":"A anun\u021bat \u00een direct la TV transferul dup\u0103 Dinamo"},"content":{"rendered":"<div>\n<p>Imediat dup\u0103 meci, pre\u0219edintele sibienilor, Daniel Niculae (42 de ani), a anun\u021bat la<a href=\"https:\/\/www.digisport.ro\/\" rel=\"noopener noreferrer\" target=\"_blank\"> Digi Sport<\/a> c\u0103 echipa preg\u0103tit\u0103 de Marius M\u0103ld\u0103r\u0103\u0219anu va aduce \u00eenc\u0103 un juc\u0103tor \u00een ofensiv\u0103.<\/p>\n<h2><strong>A anun\u021bat \u00een direct la TV transferul dup\u0103 Dinamo &#8211; Hermannstadt: &#8222;S\u0103 vin\u0103!&#8221;<\/strong><br \/><\/h2>\n<p>De\u0219i \u00een actualul mercato au fost adu\u0219i 7 fotbali\u0219ti, oficialii lui Hermannstadt nu se opresc aici \u0219i vor s\u0103 \u00eent\u0103reasc\u0103 compartimentul ofensiv, dup\u0103 un \u00eenceput de sezon modest: doar o victorie \u00een 8 etape \u0219i locul 11 \u00een clasament, cu 7 puncte.<\/p>\n<p><strong>\u201eNe mai dorim un atacant, sper\u0103m s\u0103 \u0219i vin\u0103. Eu sper s\u0103 fie de profilul golului, s\u0103 completeze lotul \u0219i ceea ce avem \u00een fa\u021b\u0103\u201d<\/strong>, a declarat Niculae.<strong><br \/><\/strong><\/p>\n<p>Dinamo, \u00een schimb, a bifat al cincilea meci consecutiv f\u0103r\u0103 \u00eenfr\u00e2ngere \u0219i a urcat pe locul 3 \u00een clasament. Funda\u0219ul Boateng a fost omul meciului: la faza primului gol, \u0219utul s\u0103u respins de C\u0103buz a fost finalizat de Karamoko (min. 47), iar apoi a \u00eenscris pentru 2-0 cu un \u0219ut puternic la col\u021bul scurt (min. 73).<\/p>\n<p>Dup\u0103 pauza interna\u021bionalelor, Dinamo va juca la Ploie\u0219ti cu Petrolul, \u00een timp ce Hermannstadt o va \u00eent\u00e2lni acas\u0103 pe Unirea Slobozia.<\/p>\n<\/div>\n<p><a href=\"https:\/\/www.sport.ro\/liga-1\/a-anuntat-in-direct-la-tv-transferul-dupa-dinamo-hermannstadt-sa-vina.html\" class=\"button purchase\" rel=\"nofollow noopener\" target=\"_blank\">Read More<\/a><\/p>\n","protected":false},"excerpt":{"rendered":"<p>Imediat dup\u0103 meci, pre\u0219edintele sibienilor, Daniel Niculae (42 de ani), a anun\u021bat la Digi Sport c\u0103 echipa preg\u0103tit\u0103 de Marius M\u0103ld\u0103r\u0103\u0219anu va aduce \u00eenc\u0103 un [&hellip;]<\/p>\n","protected":false},"author":1,"featured_media":7125,"comment_status":"open","ping_status":"open","sticky":false,"template":"","format":"standard","meta":{"_monsterinsights_skip_tracking":false,"_monsterinsights_sitenote_active":false,"_monsterinsights_sitenote_note":"","_monsterinsights_sitenote_category":0,"footnotes":""},"categories":[7],"tags":[],"class_list":["post-7124","post","type-post","status-publish","format-standard","has-post-thumbnail","hentry","category-sports"],"aioseo_notices":[],"_links":{"self":[{"href":"https:\/\/info-eforie.ro\/index.php\/wp-json\/wp\/v2\/posts\/7124","targetHints":{"allow":["GET"]}}],"collection":[{"href":"https:\/\/info-eforie.ro\/index.php\/wp-json\/wp\/v2\/posts"}],"about":[{"href":"https:\/\/info-eforie.ro\/index.php\/wp-json\/wp\/v2\/types\/post"}],"author":[{"embeddable":true,"href":"https:\/\/info-eforie.ro\/index.php\/wp-json\/wp\/v2\/users\/1"}],"replies":[{"embeddable":true,"href":"https:\/\/info-eforie.ro\/index.php\/wp-json\/wp\/v2\/comments?post=7124"}],"version-history":[{"count":0,"href":"https:\/\/info-eforie.ro\/index.php\/wp-json\/wp\/v2\/posts\/7124\/revisions"}],"wp:featuredmedia":[{"embeddable":true,"href":"https:\/\/info-eforie.ro\/index.php\/wp-json\/wp\/v2\/media\/7125"}],"wp:attachment":[{"href":"https:\/\/info-eforie.ro\/index.php\/wp-json\/wp\/v2\/media?parent=7124"}],"wp:term":[{"taxonomy":"category","embeddable":true,"href":"https:\/\/info-eforie.ro\/index.php\/wp-json\/wp\/v2\/categories?post=7124"},{"taxonomy":"post_tag","embeddable":true,"href":"https:\/\/info-eforie.ro\/index.php\/wp-json\/wp\/v2\/tags?post=7124"}],"curies":[{"name":"wp","href":"https:\/\/api.w.org\/{rel}","templated":true}]}}