{"id":7082,"date":"2025-08-31T11:07:08","date_gmt":"2025-08-31T11:07:08","guid":{"rendered":"https:\/\/info-eforie.ro\/index.php\/2025\/08\/31\/pleaca-alex-dobre-de-la-rapid-raspunsul-lui-victor-angelescu\/"},"modified":"2025-08-31T11:07:08","modified_gmt":"2025-08-31T11:07:08","slug":"pleaca-alex-dobre-de-la-rapid-raspunsul-lui-victor-angelescu","status":"publish","type":"post","link":"https:\/\/info-eforie.ro\/index.php\/2025\/08\/31\/pleaca-alex-dobre-de-la-rapid-raspunsul-lui-victor-angelescu\/","title":{"rendered":"Pleac\u0103 Alex Dobre de la Rapid? R\u0103spunsul lui Victor Angelescu"},"content":{"rendered":"<div>\n<p>Extrema de 25 de ani a \u00eenceput excelent sezonul, cu patru goluri \u00een opt partide de SuperLig\u0103, \u0219i a primit \u0219i convocarea lui Mircea Lucescu la echipa na\u021bional\u0103, pentru duelurile cu Canada \u0219i Cipru.<\/p>\n<h2><strong>Pleac\u0103 Alex Dobre de la Rapid? R\u0103spunsul lui Victor Angelescu<\/strong><br \/><\/h2>\n<p>Dup\u0103 victoria cu UTA Arad, scor 2-0, meci \u00een care Dobre a \u00eenscris golul secund al giule\u0219tenilor, Victor Angelescu a fost \u00eentrebat despre o eventual\u0103 plecare a juc\u0103torului. Ac\u021bionarul minoritar al Rapidului a clarificat imediat situa\u021bia: Dobre nu se mi\u0219c\u0103 din Giule\u0219ti \u00een aceast\u0103 var\u0103.<\/p>\n<p>Angelescu a explicat c\u0103 extrema dreapt\u0103 este un fotbalist important \u00een planurile clubului \u0219i c\u0103 nu exist\u0103 discu\u021bii pentru o desp\u0103r\u021bire.\u00a0<\/p>\n<p><strong>\u201dLa Dobre nu se pune problema s\u0103 plece de la Rapid \u00een acest moment. Nu suntem dispu\u0219i s\u0103 renun\u021b\u0103m la juc\u0103torii care pot s\u0103 ne ajute\u201d,<\/strong> a declarat Angelescu la <a href=\"https:\/\/www.digisport.ro\/fotbal\/liga-1\/gata-conducerea-rapidului-a-facut-anuntul-despre-transferul-lui-alexandru-dobre-3778223\" rel=\"noopener noreferrer\" target=\"_blank\">Digi Sport.<\/a><\/p>\n<ul>\n<li><strong>Alex Dobre are o cot\u0103 de pia\u021b\u0103 de 1,8 milioane de euro, conform Transfermarkt.<\/strong><\/li>\n<\/ul>\n<h2><strong>Alex Dobre l-a dat pe spate pe Giovanni Becali: \u201eVitez\u0103, goluri, prezen\u021b\u0103!\u201d<\/strong><\/h2>\n<p>Arhicunoscutul impresar Giovanni Becali a remarcat profesionalismul lui Alex Dobre, at\u00e2t pe teren, c\u00e2t \u0219i \u00een afara lui.<\/p>\n<p><strong>\u201eE un juc\u0103tor pe care nu l-am cunoscut, nu l-am impresariat. \u00cel cheam\u0103 Dobre, e la Rapid. A fost la Famalicao \u0219i prin Fran\u021ba. Are devotament total pentru echipa la care joac\u0103, vitez\u0103, goluri, prezen\u021b\u0103. Mereu e \u00eengrijit, fresh, are un comportament la conferin\u021bele de pres\u0103 cum rar am v\u0103zut la fotbali\u0219tii din Rom\u00e2nia\u201d<\/strong>, a spus Giovanni Becali la\u00a0<a href=\"https:\/\/www.fanatik.ro\/sport\" rel=\"noopener noreferrer\" target=\"_blank\">Fanatik<\/a>.<\/p>\n<\/div>\n<p><a href=\"https:\/\/www.sport.ro\/liga-1\/pleaca-alex-dobre-de-la-rapid-raspunsul-lui-victor-angelescu.html\" class=\"button purchase\" rel=\"nofollow noopener\" target=\"_blank\">Read More<\/a><\/p>\n","protected":false},"excerpt":{"rendered":"<p>Extrema de 25 de ani a \u00eenceput excelent sezonul, cu patru goluri \u00een opt partide de SuperLig\u0103, \u0219i a primit \u0219i convocarea lui Mircea Lucescu [&hellip;]<\/p>\n","protected":false},"author":1,"featured_media":7083,"comment_status":"open","ping_status":"open","sticky":false,"template":"","format":"standard","meta":{"_monsterinsights_skip_tracking":false,"_monsterinsights_sitenote_active":false,"_monsterinsights_sitenote_note":"","_monsterinsights_sitenote_category":0,"footnotes":""},"categories":[7],"tags":[],"class_list":["post-7082","post","type-post","status-publish","format-standard","has-post-thumbnail","hentry","category-sports"],"aioseo_notices":[],"_links":{"self":[{"href":"https:\/\/info-eforie.ro\/index.php\/wp-json\/wp\/v2\/posts\/7082","targetHints":{"allow":["GET"]}}],"collection":[{"href":"https:\/\/info-eforie.ro\/index.php\/wp-json\/wp\/v2\/posts"}],"about":[{"href":"https:\/\/info-eforie.ro\/index.php\/wp-json\/wp\/v2\/types\/post"}],"author":[{"embeddable":true,"href":"https:\/\/info-eforie.ro\/index.php\/wp-json\/wp\/v2\/users\/1"}],"replies":[{"embeddable":true,"href":"https:\/\/info-eforie.ro\/index.php\/wp-json\/wp\/v2\/comments?post=7082"}],"version-history":[{"count":0,"href":"https:\/\/info-eforie.ro\/index.php\/wp-json\/wp\/v2\/posts\/7082\/revisions"}],"wp:featuredmedia":[{"embeddable":true,"href":"https:\/\/info-eforie.ro\/index.php\/wp-json\/wp\/v2\/media\/7083"}],"wp:attachment":[{"href":"https:\/\/info-eforie.ro\/index.php\/wp-json\/wp\/v2\/media?parent=7082"}],"wp:term":[{"taxonomy":"category","embeddable":true,"href":"https:\/\/info-eforie.ro\/index.php\/wp-json\/wp\/v2\/categories?post=7082"},{"taxonomy":"post_tag","embeddable":true,"href":"https:\/\/info-eforie.ro\/index.php\/wp-json\/wp\/v2\/tags?post=7082"}],"curies":[{"name":"wp","href":"https:\/\/api.w.org\/{rel}","templated":true}]}}