{"id":7013,"date":"2025-08-27T09:12:17","date_gmt":"2025-08-27T09:12:17","guid":{"rendered":"https:\/\/info-eforie.ro\/index.php\/2025\/08\/27\/adevarul-despre-ajutorul-dat-de-romania-ucrainei-strategia-noastra-lasa-loc-pentru-teoria-conspiratiei-si-dezinformarile-rusesti\/"},"modified":"2025-08-27T09:12:17","modified_gmt":"2025-08-27T09:12:17","slug":"adevarul-despre-ajutorul-dat-de-romania-ucrainei-strategia-noastra-lasa-loc-pentru-teoria-conspiratiei-si-dezinformarile-rusesti","status":"publish","type":"post","link":"https:\/\/info-eforie.ro\/index.php\/2025\/08\/27\/adevarul-despre-ajutorul-dat-de-romania-ucrainei-strategia-noastra-lasa-loc-pentru-teoria-conspiratiei-si-dezinformarile-rusesti\/","title":{"rendered":"Adev\u0103rul despre ajutorul dat de Rom\u00e2nia Ucrainei. \u201eStrategia noastr\u0103 las\u0103 loc pentru teoria conspira\u021biei \u0219i dezinform\u0103rile ruse\u0219ti\u201d"},"content":{"rendered":"<div>\n<p>Statul<br \/>\nrom\u00e2n refuz\u0103 s\u0103 spun\u0103 c\u00e2t \u0219i \u00een ce m\u0103sur\u0103 a ajutat Ucraina,<br \/>\nceea ce alimenteaz\u0103 propaganda \u0219i minciunile Rusiei. Un general, un<br \/>\npolitolog \u0219i un expert \u00een comunicare explic\u0103, pentru \u201eAdev\u0103rul\u201d,<br \/>\n\u00een ce ar consta ajutorul acordat Ucrainei, ce ar trebui f\u0103cut pe viitor, dar \u0219i care sunt riscurile secretomaniei guvernamentale.<\/p>\n<div><picture loading=\"eager\" width=\"1400\" height=\"750\" alt=\"Rom\u00e2nia a donat Ucrainei \u0219i transportoare blindate TAB-71. FOTO: oryxspioenkop\"><source type=\"image\/webp\"  media=\"(min-width: 1400px)\"><source type=\"image\/webp\"  media=\"(min-width: 1000px)\"><source type=\"image\/webp\"  media=\"(min-width: 700px)\"><source type=\"image\/jpeg\"  media=\"(min-width: 1400px)\"><source type=\"image\/jpeg\"  media=\"(min-width: 1000px)\"><source type=\"image\/jpeg\"  media=\"(min-width: 700px)\"><img fetchpriority=\"high\" decoding=\"async\" src=\"https:\/\/cdn.adh.reperio.news\/image-9\/9d9a5d06-ab49-4421-a0f9-c7e53b4c40b2\/index.jpeg?p=a%3D1%26co%3D1.05%26w%3D700%26h%3D750%26r%3Dcontain%26f%3Dwebp\" alt=\"Rom\u00e2nia a donat Ucrainei \u0219i transportoare blindate TAB-71. FOTO: oryxspioenkop\" width=\"1400\" height=\"750\" loading=\"eager\"><\/picture>\n<p>Rom\u00e2nia a donat Ucrainei \u0219i transportoare blindate TAB-71. FOTO: oryxspioenkop<\/p>\n<\/div>\n<p>Cu<br \/>\nocazia Zilei Independen\u021bei Ucrainei, pre\u0219edintele Volodimir<br \/>\nZelenski a transmis mesaje de mul\u021bumire liderilor care i-au adresat<br \/>\nfelicit\u0103ri \u0219i a publicat imagini cu scrisorile primite. <a href=\"https:\/\/adevarul.ro\/stiri-externe\/europa\/zelenski-i-a-multumit-lui-nicusor-dan-pentru-2467283.html\">Printre<br \/>\nliderii men\u021biona\u021bi de pre\u0219edintele Ucrainei s-a num\u0103rat \u0219i \u0219eful<br \/>\nstatului rom\u00e2n, Nicu\u0219or Dan<\/a>, c\u0103ruia i-a mul\u021bumit pentru sprijinul<br \/>\nacordat \u0219i a apreciat livr\u0103rile \u201evitale\u201d de echipament defensiv<br \/>\ncare ajut\u0103 la protejarea ora\u0219elor \u0219i comunit\u0103\u021bilor ucrainene.\n<\/p>\n<p>\u0218i<br \/>\ntot luni, ministrul ucrainean al Ap\u0103r\u0103rii, Denis \u0218m\u00eehal a<br \/>\nanun\u021bat, dup\u0103 \u00eent\u00e2lnirea avut\u0103 la Kiev cu omologul s\u0103u de la<br \/>\nBucure\u0219ti, Ionu\u021b Mo\u0219teanu, c\u0103 \u021bara va primi un nou pachet de<br \/>\najutor militar din partea Rom\u00e2niei \u2013 al 23-lea.\n<\/p>\n<p>\u201eAdev\u0103rul\u201d<br \/>\na abordat subiectul ajutoarelor destinate Ucrainei cu generalul (r)<br \/>\nVirgil B\u0103l\u0103ceanu, cu expertul \u00een comunicare Radu Delicote \u0219i cu<br \/>\npolitologul Andra Martinescu, de la Universitatea Cambridge.<\/p>\n<h2>Lec\u021bie de transparen\u021b\u0103 din partea Ucrainei aflate \u00een r\u0103zboi<\/h2>\n<p>\u00cen<br \/>\ntimp ce Ucraina, stat aflat \u00een r\u0103zboi, mul\u021bume\u0219te cu subiect \u0219i predicat Rom\u00e2niei pentru sprijinul vital, iar presa de la Kiev nu ezit\u0103 s\u0103 explice \u00een ce const\u0103 acest sprijin, statul<br \/>\nrom\u00e2n se dovede\u0219te foarte secretos cu propriii cet\u0103\u021beni. A\u0219a cum se \u00eent\u00e2mpl\u0103 \u00eenc\u0103 din 2022, c\u00e2nd Rusia a declan\u0219at r\u0103zboiul prin invadarea Ucrainei, autorit\u0103\u021bile rom\u00e2ne se \u00eenc\u0103p\u0103\u021b\u00e2neaz\u0103 s\u0103 evite s\u0103<br \/>\nfac\u0103 publice pachetele de ajutor destinate Kievului, cu excep\u021bia<br \/>\nsistemului Patriot, care a fost donat anul trecut \u0219i a sprijinului<br \/>\neconomic, inclusiv a punerii infrastructurii sale la dispozi\u021bia<br \/>\nvecinilor din Nord.<\/p>\n<p>\u00cens\u0103 secretomania Rom\u00e2niei se \u00eentoarce ca un bumerang \u00eempotriva sa. Propaganda rus\u0103 a profitat din plin de lipsa oric\u0103rui apetit de<br \/>\ncomunicare ar\u0103tat de autorit\u0103\u021bile rom\u00e2ne \u0219i s-a gr\u0103bit s\u0103 umple spa\u021biul r\u0103mas gol cu mult\u0103 dezinformare. S-a dovedit astfel c\u0103,\u00a0dincolo<br \/>\nde lipsa de transparen\u021b\u0103 \u0219i de orice fel de respect a statului<br \/>\nfa\u021b\u0103 de propriii cet\u0103\u021beni, aceast\u0103 atitudine nu face dec\u00e2t s\u0103<br \/>\ndea \u201emuni\u021bie\u201d propagandei ruse, care \u00eencearc\u0103 &#8211; \u0219i \u00een mare<br \/>\nm\u0103sur\u0103 \u0219i reu\u0219e\u0219te &#8211; s\u0103 acrediteze ideea c\u0103 criza cu care se<br \/>\nconfrunt\u0103 Rom\u00e2nia \u0219i m\u0103surile dure de austeritate ar fi \u00een<br \/>\nrealitate cauzate de necesitatea de a str\u00e2nge bani pentru Ucraina.<\/p>\n<p>Expertul \u00een comunicare public\u0103 Radu Delicote critic\u0103 lipsa de transparen\u021b\u0103 a statului rom\u00e2n \u0219i explic\u0103 de ce<br \/>\naceast\u0103 strategie este profund d\u0103un\u0103toare.<\/p>\n<h2>Unde gre\u0219esc autorit\u0103\u021bile rom\u00e2ne prin lipsa de transparen\u021b\u0103<\/h2>\n<p><i>\u201eCa<br \/>\nidee, cred c\u0103 ce vor s\u0103 fac\u0103 \u00een momentul de fa\u021b\u0103 administra\u021bia<br \/>\npreziden\u021bial\u0103 sau ministerele de resort prin aceast\u0103 lips\u0103 de<br \/>\ncomunicare este s\u0103 lase impresia c\u0103 se lucreaz\u0103. \u0218i vor s\u0103 lase<br \/>\nimpresia c\u0103 exist\u0103 strategia omului t\u0103cut care munce\u0219te. Dar cred<br \/>\nc\u0103 prin aceast\u0103 strategie nu reu\u0219esc s\u0103 conving\u0103 cet\u0103\u021beanul<br \/>\nrom\u00e2n consumator de \u0219tiri, care este direct interesat de ceea ce<br \/>\nface Guvernul Rom\u00e2niei, care \u0219i-ar dori poate o serie de cifre,<br \/>\nsitua\u021bii, fie ele prezentate evident \u0219i doar par\u021bial, ca s\u0103 nu se<br \/>\nias\u0103 cu informa\u021bii sensibile. Evident, aceast\u0103 strategie las\u0103 loc<br \/>\nacestor teorii ale conspira\u021biei. Cine pierde pe termen mediu \u0219i<br \/>\nlung? Evident c\u0103 tot comunicatorii, cei care \u0219i-au stabilit aceast\u0103<br \/>\nstrategie \u2013 Guvernul Rom\u00e2niei, institu\u021biile statului,<br \/>\nAdministra\u021bia Preziden\u021bial\u0103 etc. Pentru c\u0103 ei sunt de facto ai<br \/>\ntuturor deciziilor \u00een ceea ce prive\u0219te pozi\u021bionarea Rom\u00e2niei fa\u021b\u0103<br \/>\nde Ucrainei. Cred c\u0103 ar fi bine s\u0103 ias\u0103 din paradigma tac \u0219i fac<br \/>\n\u0219i s\u0103 treci \u00een paradigma nu tac, dar fac \u0219i s\u0103 \u0219i pot s\u0103<br \/>\nprezint anumite nuan\u021be\u201d, <\/i>spune Delicote.<\/p>\n<p>Prin<br \/>\naceast\u0103 lips\u0103 de transparen\u021b\u0103 \u0219i prin atitudinea arogant\u0103 fa\u021b\u0103<br \/>\nde opinia public\u0103, statul este cel care are de pierdut. \u00cen timp ce<br \/>\nautorit\u0103\u021bile rom\u00e2ne tac, propaganda rus\u0103 este hiperactiv\u0103, iar<br \/>\nroadele dezinform\u0103rii \u00eencep s\u0103 se coac\u0103.\n<\/p>\n<p><i>\u201eTactica<br \/>\nclasic\u0103 de marketing, fie el \u0219i politic, fie el \u0219i institu\u021bional,<br \/>\neste ca tu s\u0103 spui povestea ta, \u00eenainte de a o spune ceilal\u021bi, cei<br \/>\ncare pot fi adversarii t\u0103i. Pentru c\u0103 \u00een momentul respectiv,<br \/>\npovestea ta va fi spus\u0103 \u00een termenii lor. Drept urmare, dec\u00e2t s\u0103<br \/>\nnu comunici deloc, e mai bine comunici mai pu\u021bin, dar relevant, ca<br \/>\ns\u0103 nu ajungi ca povestea ta s\u0103 fie spus\u0103 de altcineva, cu alt\u0103<br \/>\nretoric\u0103 \u0219i alte interese\u201d,<\/i> mai spune Radu Delicote.<\/p>\n<h2>Ucrainenii spun tot ce evit\u0103 statul rom\u00e2n<\/h2>\n<p>Dac\u0103<br \/>\nautorit\u0103\u021bile rom\u00e2ne au f\u0103cut din ajutorul acordat Ucrainei un<br \/>\nsecret de stat, comunicatorii statului rom\u00e2n au dat dovad\u0103 de dublu<br \/>\namatorism \u0219i nu au prev\u0103zut c\u0103 informa\u021biile pe care Rom\u00e2nia le<br \/>\n\u021bine secrete, sau cel pu\u021bin o parte a lor, sunt prezentate \u00een<br \/>\npresa ucrainean\u0103. Potrivit <a href=\"https:\/\/www.defenseromania.ro\/romania-a-furnizat-fortelor-armate-ucrainene-o-copie-a-sistemului-bm-21-grad-numita-apr-40_632056.html\" rel=\"nofollow\">defenseromania.ro,<\/a> exist\u0103 un reportaj<br \/>\nvideo interesant realizat recent de postul ucrainean de televiziune<br \/>\nArmy TV, care ofer\u0103 o \u00een\u021belegere clar\u0103 a modului \u00een care<br \/>\nsistemele rom\u00e2ne\u0219ti APR-40 se comport\u0103 \u00een realitate pe front.<\/p>\n<p>La r\u00e2ndul lor, ucrainenii de la DefenseExpress sus\u021bin c\u0103<br \/>\nsistemele rom\u00e2ne\u0219ti MLRS APR-40 ar fi fost furnizate \u00eencep\u00e2nd cu<br \/>\nluna mai a anului 2023. \u0218i<br \/>\nca \u0219i cum n-ar fi suficient, o alt\u0103 surs\u0103 ucrainean\u0103,<br \/>\n<a href=\"https:\/\/www.oryxspioenkop.com\/2023\/08\/carpathian-camaraderie-romanias.html\" rel=\"nofollow\">oryxspioenkop.com<\/a>, sus\u021bine c\u0103 Rom\u00e2nia ar fi oferit Kievului lansatoare multiple de rachete (ArPR-40), de 122 mm, dar \u0219i<br \/>\ntransportoare blindate TAB-71 MS, obuziere tractate 152 mm, dar \u015fi<br \/>\nmitraliere grele de 12,7 mm, DshKM.<\/p>\n<p>Al\u0103turi<br \/>\nde armament, Rom\u00e2nia ar fi furnizat \u015fi o cantitate foarte mare de<br \/>\nmuni\u0163ii, cum ar fi rachete de 122 mm, proiectile de artilerie de 152<br \/>\nmm, muni\u0163ie pentru arunc\u0103toarele de grenade AG-7 \u015fi AG-9, bombe<br \/>\npentru arunc\u0103toarele de 82 \u015fi 120 mm, precum \u015fi muni\u0163ii pentru<br \/>\narmamentul greu de infanterie, de 12,7 mm, sau pentru pistolul<br \/>\nmitralier\u0103 calibru 7,62 mm, informeaz\u0103 sursa ucrainean\u0103, citat\u0103<br \/>\nde <a href=\"https:\/\/monitorulapararii.ro\/ce-arme-romanesti-au-ajuns-in-ucraina-lansatoare-multiple-de-rachete-tab-uri-obuziere-mitraliere-alaturi-de-multa-munitie-1-51077\" rel=\"nofollow\">Monitorul Ap\u0103r\u0103rii.<\/a><\/p>\n<p>\u0218i mai important, <a href=\"https:\/\/www.kyivpost.com\/post\/6608\" rel=\"nofollow\">Kyiv Post<\/a> a scris \u00eenc\u0103 din primele zile ale r\u0103zboiului c\u0103 sprijinul oferit Ucrainei de Rom\u00e2nia, de autorit\u0103\u021bi dar \u0219i de cet\u0103\u021benii rom\u00e2ni, merit\u0103 o recunoa\u0219tere mai mare. Jurnali\u0219tii de la Kiev sus\u021bin c\u0103 Rom\u00e2nia a ajutat Ucraina \u00een toate felurile posibile. Rom\u00e2nia este una una dintre principalele \u021b\u0103ri de tranzit pentru livrarea de armament \u0219i tehnic\u0103 militar\u0103 din Statele Unite \u0219i Vestul Europei, dar a livrat la r\u00e2ndul ei echipamente militare.<\/p>\n<h2>Le-am dat mai mult muni\u021bie \u0219i echipamente militare vechi<\/h2>\n<p>Generalul<br \/>\n(r) Virgil B\u0103l\u0103ceanu, omul care a reprezentat Rom\u00e2nia la<br \/>\ncomandamentul NATO de la Bruxelles, confirm\u0103 independent \u00een mare<br \/>\nm\u0103sur\u0103 informa\u021biile publicate de presa ucrainean\u0103.<\/p>\n<p><i>\u201eN-are<br \/>\ncum s\u0103 fie sprijinul Rom\u00e2niei, din punct de vedere militar, dec\u00e2t<br \/>\n\u00een deplin\u0103 coresponden\u021b\u0103 cu ceea ce am putut s\u0103 livr\u0103m \u0219i cu<br \/>\nceea ce a fost acceptat de c\u0103tre ucraineni. Putem vorbi de muni\u021bie<br \/>\nclasic\u0103 pentru obuzierele de 152, putem s\u0103 vorbim de lovituri<br \/>\nreactive, proiectile reactive calibru 122 pentru instala\u021biile de<br \/>\narunc\u0103toare proiectile reactive 40, APRA 40. Ele au fost \u00een dotarea<br \/>\nArmatei Rom\u00e2ne, au fost scoase din dotare pentru c\u0103 au fost<br \/>\n\u00eenlocuite cu instala\u021biile modernizate \u0219i cu noile instala\u021bii de<br \/>\nrachete operative, operativ-tactice HIMARS. Putem vorbi de alte<br \/>\ntipuri de muni\u021bie, de la muni\u021bie de infanterie, pentru c\u0103 nu sunt<br \/>\ncalibrele apropiate \u00eentre calibrul armamentului rom\u00e2nesc \u0219i<br \/>\ncalibrul armamentului ucrainean. Putem s\u0103 vorbim de muni\u021bie pentru<br \/>\narunc\u0103toare, inclusiv pentru arunc\u0103toare AG-7, AG-9\u201d,<\/i> spune<br \/>\ngeneralul B\u0103l\u0103ceanu.<\/p>\n<p>\u00cen<br \/>\nopinia sa, sprijinul militar acordat de Rom\u00e2nia nu se ridic\u0103 la<br \/>\nnivelul celui dat de \u021b\u0103ri ca Polonia.\n<\/p>\n<p><i>\u201eNu<br \/>\nvorbim de un sprijin extrem de important, pentru c\u0103 nu reprezint\u0103<br \/>\nmuni\u021bie calibrul NATO \u0219i nu sunt mijloace de lupt\u0103 ultra<br \/>\nperformante<\/i>\u201d, puncteaz\u0103 generalul.<\/p>\n<p>Rom\u00e2nia<br \/>\na mai contribuit \u0219i cu transportoare blondate \u0219i posibil \u0219i cu<br \/>\nalt\u0103 tehnic\u0103 militar\u0103 de genera\u021bie mai veche.<\/p>\n<p>\u201e<i>Putem<br \/>\nad\u0103uga posibil \u0219i transportoare amfibii blindate din stocul rece,<br \/>\ndin ceea ce mai p\u0103strase Rom\u00e2nia, pentru c\u0103 nu au fost date<br \/>\ntransportoare, dac\u0103 au fost date, din stoc operativ, din dotarea<br \/>\nunit\u0103\u021bilor. \u0218i aceste transportoare blindate sunt transportoare<br \/>\nvechi, care trebuie s\u0103 fie \u00eenlocuite, acum \u00een dezvoltare, fiind<br \/>\nprogramul Piranha V\u201d<\/i>, adaug\u0103 generalul Virgil B\u0103l\u0103ceanu.<\/p>\n<h2>Am \u00eenceput cu veste antiglon\u021b \u0219i antia\u0219chie<\/h2>\n<p>Cu<br \/>\nexcep\u021bia sistemului Patriot, care a fost donat anul trecut de<br \/>\nRom\u00e2nia Ucrainei, \u021bara noastr\u0103 a donat cu prec\u0103dere tehnic\u0103<br \/>\nmilitar\u0103 \u00eenvechit\u0103. Generalul Virgil B\u0103l\u0103ceanu contrazice astfel<br \/>\nzvonurile despre armele noi \u0219i cantit\u0103\u021bile imense de muni\u021bie date<br \/>\nUcrainei, zvonuri r\u0103sp\u00e2ndite \u0219i de propaganda de la R\u0103s\u0103rit. Mai<br \/>\nmult, generalul Virgil B\u0103l\u0103ceanu sus\u021bine c\u0103 o parte din muni\u021bia<br \/>\ndonat\u0103 ucrainenilor ar fi ajuns \u00een prag de a-i expira perioada de<br \/>\ndepozitare, ceea ce \u00eensemna c\u0103 mai mult ar fi costat \u00een perioada<br \/>\nurm\u0103toare distrugerea ei dec\u00e2t actul de dona\u021bie \u00een sine.<\/p>\n<p><i>\u201eVorbim<br \/>\ncu prec\u0103dere de categorii de muni\u021bii sau de tehnic\u0103 de lupt\u0103,<br \/>\ncare erau \u00een stocul de mobilizare al Armatei Rom\u00e2niei, iar Rom\u00e2nia<br \/>\nnu a trecut nici la starea de asediu, nici la starea de mobilizare,<br \/>\nnici la starea de r\u0103zboi, iar toate aceste categorii de muni\u021bii \u0219i<br \/>\nde tehnic\u0103 de lupt\u0103 vor fi \u00eenlocuite pe m\u0103sura dezvolt\u0103rii<br \/>\nprogramelor de \u00eenzestrare. \u00censeamn\u0103 calibrul NATO \u0219i tipuri de<br \/>\ntehnic\u0103 specific NATO. Militarii \u0219tiu c\u0103 muni\u021bia, dac\u0103 n-o<br \/>\nfolose\u0219ti, ajunge \u0219i \u00eei expir\u0103 perioada de depozitare. Ulterior,<br \/>\nmuni\u021bia trebuie distrus\u0103 &#8211; se nume\u0219te delaborare\u201d<\/i>, puncteaz\u0103<br \/>\ngeneralul.<\/p>\n<h2>Ce avem de f\u0103cut pe viitor<\/h2>\n<p>El<br \/>\nconsider\u0103 c\u0103 Rom\u00e2nia ar trebui s\u0103 sprijine cel pu\u021bin la acela\u0219i<br \/>\nnivel ca \u0219i p\u00e2n\u0103 acum Ucraina.\n<\/p>\n<p><i>\u201eSe<br \/>\npoate continua \u00een acela\u0219i mod, Rom\u00e2nia poate \u0219i trebuie s\u0103 ajute<br \/>\nUcraina. P\u00e2n\u0103 la urm\u0103, dac\u0103 vorbim de 23 de livr\u0103ri, este foarte<br \/>\nposibil ca primele livr\u0103ri s\u0103 \u00eenseamne \u0219i veste antiglon\u021b, veste<br \/>\nantia\u0219chie, s\u0103 \u00eenseamne c\u0103\u0219ti, poate s\u0103 \u00eensemne \u0219i material<br \/>\nmedical, poate s\u0103 \u00eensemne \u0219i material de logistic\u0103, cum ar fi<br \/>\ncorturi. Adic\u0103 gama este foarte divers\u0103, \u021bin\u00e2nd seama de<br \/>\nnecesit\u0103\u021bile unui front<\/i>\u201d, explic\u0103 generalul.<\/p>\n<p>Despre<br \/>\nfelul \u00een care ar fi ideal ca Rom\u00e2nia s\u0103 ajute Ucraina vorbe\u0219te \u0219i<br \/>\npolitologul Andra Martinescu, cercet\u0103tor la Cambridige University.<\/p>\n<p><i>\u201eTrebuie<br \/>\ns\u0103 sprijinim Ucraina pe toate planurile, at\u00e2t c\u00e2t se poate. S\u0103 o<br \/>\nsprijinim politic, economic, chiar \u0219i militar c\u00e2t se poate de mult.<br \/>\nAlternativ\u0103 nu prea exist\u0103, pentru c\u0103 asta ar \u00eensemna ca Rusia s\u0103<br \/>\najung\u0103 la grani\u021bele noastre. Mai bine sprijinim Ucraina, este<br \/>\nevident, dec\u00e2t s\u0103 ajungem s\u0103 ne \u00eenvecin\u0103m cu Rusia. Categoric,<br \/>\nUcraina e un vecin mult mai rezonabil\u201d<\/i>, spune Andra Martinescu.<\/p>\n<p>Ea<br \/>\nrecomand\u0103 ca Rom\u00e2nia s\u0103 duc\u0103 o politic\u0103 mai proactiv\u0103 \u0219i s\u0103<br \/>\nse implice mai mult \u00een cadrul a\u0219a-numitei Coali\u021bii de voin\u021b\u0103,<br \/>\ncare adun\u0103 mai multe state europene, dar \u0219i Canada, dispuse s\u0103<br \/>\najute Ucraina.\n<\/p>\n<p><i>\u201e\u00cen<br \/>\ncadrul acestei coali\u021bii trebuie s\u0103 ne cre\u0219tem implicarea. \u0218i \u00een<br \/>\nfunc\u021bie \u0219i de solicit\u0103rile \u0219i de nevoile partenerilor no\u0219tri, s\u0103<br \/>\nfim deschi\u0219i la o colaborare mult mai str\u00e2ns\u0103. Rom\u00e2nia poate \u0219i<br \/>\ntrebuie s\u0103 fie foarte important\u0103 \u00een aceast\u0103 privin\u021b\u0103\u201d,<\/i>\u00a0mai spune Andra Martinescu.<\/p>\n<\/p><\/div>\n<p><a href=\"https:\/\/adevarul.ro\/stiri-interne\/evenimente\/adevarul-despre-ajutorul-dat-de-romania-ucrainei-2467613.html\" class=\"button purchase\" rel=\"nofollow noopener\" target=\"_blank\">Read More<\/a><\/p>\n","protected":false},"excerpt":{"rendered":"<p>Statul rom\u00e2n refuz\u0103 s\u0103 spun\u0103 c\u00e2t \u0219i \u00een ce m\u0103sur\u0103 a ajutat Ucraina, ceea ce alimenteaz\u0103 propaganda \u0219i minciunile Rusiei. Un general, un politolog \u0219i [&hellip;]<\/p>\n","protected":false},"author":1,"featured_media":7014,"comment_status":"open","ping_status":"open","sticky":false,"template":"","format":"standard","meta":{"_monsterinsights_skip_tracking":false,"footnotes":""},"categories":[6],"tags":[],"class_list":["post-7013","post","type-post","status-publish","format-standard","has-post-thumbnail","hentry","category-popular"],"aioseo_notices":[],"_links":{"self":[{"href":"https:\/\/info-eforie.ro\/index.php\/wp-json\/wp\/v2\/posts\/7013","targetHints":{"allow":["GET"]}}],"collection":[{"href":"https:\/\/info-eforie.ro\/index.php\/wp-json\/wp\/v2\/posts"}],"about":[{"href":"https:\/\/info-eforie.ro\/index.php\/wp-json\/wp\/v2\/types\/post"}],"author":[{"embeddable":true,"href":"https:\/\/info-eforie.ro\/index.php\/wp-json\/wp\/v2\/users\/1"}],"replies":[{"embeddable":true,"href":"https:\/\/info-eforie.ro\/index.php\/wp-json\/wp\/v2\/comments?post=7013"}],"version-history":[{"count":0,"href":"https:\/\/info-eforie.ro\/index.php\/wp-json\/wp\/v2\/posts\/7013\/revisions"}],"wp:featuredmedia":[{"embeddable":true,"href":"https:\/\/info-eforie.ro\/index.php\/wp-json\/wp\/v2\/media\/7014"}],"wp:attachment":[{"href":"https:\/\/info-eforie.ro\/index.php\/wp-json\/wp\/v2\/media?parent=7013"}],"wp:term":[{"taxonomy":"category","embeddable":true,"href":"https:\/\/info-eforie.ro\/index.php\/wp-json\/wp\/v2\/categories?post=7013"},{"taxonomy":"post_tag","embeddable":true,"href":"https:\/\/info-eforie.ro\/index.php\/wp-json\/wp\/v2\/tags?post=7013"}],"curies":[{"name":"wp","href":"https:\/\/api.w.org\/{rel}","templated":true}]}}