{"id":7011,"date":"2025-08-27T09:12:18","date_gmt":"2025-08-27T09:12:18","guid":{"rendered":"https:\/\/info-eforie.ro\/index.php\/2025\/08\/27\/migratia-noul-pariu-electoral-al-aur-dupa-modelul-partidelor-suveraniste-din-vest\/"},"modified":"2025-08-27T09:12:18","modified_gmt":"2025-08-27T09:12:18","slug":"migratia-noul-pariu-electoral-al-aur-dupa-modelul-partidelor-suveraniste-din-vest","status":"publish","type":"post","link":"https:\/\/info-eforie.ro\/index.php\/2025\/08\/27\/migratia-noul-pariu-electoral-al-aur-dupa-modelul-partidelor-suveraniste-din-vest\/","title":{"rendered":"Migra\u021bia, noul pariu electoral al AUR, dup\u0103 modelul partidelor suveraniste din Vest"},"content":{"rendered":"<div>\n<p>Migra\u021bia, o tem\u0103 mai pu\u021bin prezent\u0103 \u00een Rom\u00e2nia ar putea prinde contur \u00eenaintea alegerilor din 2028-2030, atrag aten\u021bia anali\u0219tii. Asta \u00een condi\u021biile \u00een care deficitul de for\u021b\u0103 de munc\u0103 \u00een \u021bara noastr\u0103 este de peste 600.000, companiile fiind obligate s\u0103 angajeze muncitori str\u0103ini pentru c\u0103 ai no\u0219tri nu vor s\u0103 munceasc\u0103 cu forme legale.<\/p>\n<div><picture loading=\"eager\" width=\"1400\" height=\"750\" alt=\"FOTO Inquam Photos \/ George C\u0103lin \"><source type=\"image\/webp\"  media=\"(min-width: 1400px)\"><source type=\"image\/webp\"  media=\"(min-width: 1000px)\"><source type=\"image\/webp\"  media=\"(min-width: 700px)\"><source type=\"image\/jpeg\"  media=\"(min-width: 1400px)\"><source type=\"image\/jpeg\"  media=\"(min-width: 1000px)\"><source type=\"image\/jpeg\"  media=\"(min-width: 700px)\"><img fetchpriority=\"high\" decoding=\"async\" src=\"https:\/\/cdn.adh.reperio.news\/image-9\/9c4a58db-d031-4199-b62e-4a65592c105f\/index.jpeg?p=a%3D1%26co%3D1.05%26w%3D700%26h%3D750%26r%3Dcontain%26f%3Dwebp\" alt=\"FOTO Inquam Photos \/ George C\u0103lin \" width=\"1400\" height=\"750\" loading=\"eager\"><\/picture>\n<p>FOTO Inquam Photos \/ George C\u0103lin <\/p>\n<\/div>\n<p>Retorica anti-migran\u021bi a fost un factor-cheie \u00een ascensiunea partidelor extremiste din \u021b\u0103ri precum Marea Britanie, Germania \u0219i Fran\u021ba. \u00cen plus, aceast\u0103 tem\u0103 l-a ajutat pe Donald Trump s\u0103 ob\u021bin\u0103 al doilea mandat preziden\u021bial \u00een SUA. <\/p>\n<p> Dac\u0103 p\u00e2n\u0103 acum AUR a vorbit doar despre refugia\u021bii din Ucraina, \u00een contextul r\u0103zboiului de la grani\u021b\u0103, acum partidul pare hot\u0103r\u00e2t s\u0103 \u00eenceap\u0103 o adev\u0103rat\u0103 ofensiv\u0103 pe model vestic. Vicepre\u0219edintele AUR, Dan Tanas\u0103, a postat recent un mesaj \u00een care \u00eendeamn\u0103 urm\u0103ritorii s\u0103 nu mai primeasc\u0103 comenzi de m\u00e2ncare dac\u0103 livratorii nu sunt rom\u00e2ni, suger\u00e2nd c\u0103 acest lucru \u00eencurajeaz\u0103  \u201eimportul de muncitori necalifica\u021bi din Asia \u0219i Africa\u201d.  <\/p>\n<h2>Discursul anti-migra\u021biune, \u00eentemeiat pe spaimele societ\u0103\u021bii<\/h2>\n<p>Genul acesta de discurs \u201e<i>se \u00eentemeiaz\u0103 pe spaimele sociale. Spaima de a pierde locul de munc\u0103, spaima de a genera conflicte<\/i>\u201d, explic\u0103 politologul Andrei \u021a\u0103ranu, ar\u0103t\u00e2nd c\u0103 acesta a avut succes \u00een \u021b\u0103rile din vest, mai ales \u00een cazul Brexitului &#8211; ie\u0219irea Marii Britanii din Uniunea European\u0103.  <\/p>\n<p>Pe de alt\u0103 parte, \u201e<i>partidele suveraniste, \u00een acest moment au \u0219i ele o criz\u0103 de discurs. Adic\u0103 nu sunt neap\u0103rat credibile \u0219i discursul lor este preluat de cele mai multe ori din str\u0103in\u0103tate. Nu este un discurs care s\u0103 fie inteligibil pentru cet\u0103\u021benii rom\u00e2ni. Asta nu \u00eenseamn\u0103 c\u0103 la un moment dat nu se va produce fuziunea, s\u0103 spunem. Adic\u0103 discursul rom\u00e2nesc \u0219i discursul din str\u0103in\u0103tate s\u0103 poat\u0103 s\u0103 coincid\u0103<\/i>\u201d. <\/p>\n<p>Politologul George Jigl\u0103u puncteaz\u0103 c\u0103 \u201e<i>tema migra\u021biei este categoric un element extrem de important \u00een alte societ\u0103\u021bi occidentale  \u0219i \u00een discursul politic de tip, hai s\u0103 zicem, suveranist, na\u021bionalist dus la extrem, conservator dus tot a\u0219a p\u00e2n\u0103 la extrem. (&#8230;) Este asul din m\u00e2neca suverani\u0219tilor no\u0219tri. Era de a\u0219teptat, cam de la alegerile de anul trecut am a\u0219teptat s\u0103 v\u0103d dac\u0103 asta va deveni o tem\u0103 de campanie\u201d<\/i>.<\/p>\n<p>Angaja\u021bii str\u0103ini au fost \u00een ultimele zile \u00een centrul aten\u021biei. La Baia Mare, mai mul\u021bi muncitori din Rom\u00e2nia \u0219i din Nepal, angaja\u021bi ai unei fabrici de mobil\u0103, au ajuns s\u0103 se bat\u0103 \u00een unitatea de produc\u021bie. <\/p>\n<p>Acolo, de fapt, e o ciocnire a dou\u0103 minorit\u0103\u021bi prezente \u00een Rom\u00e2nia. Astfel c\u0103 \u201e<i>s-ar putea ca la acest tip de discurs s\u0103 vin\u0103 foarte bine \u0219i la el s\u0103 adere oameni care altfel poate n-ar fi neap\u0103rat \u00een siajul discursului AUR<\/i>\u201d, mai subliniaz\u0103 politologul George Jigl\u0103u.  <\/p>\n<h2>AUR, f\u0103r\u0103 propuneri alternative <\/h2>\n<p>Situa\u021bia arat\u0103 cel pu\u021bin c\u0103 partidele suveraniste sunt \u00een prezent \u00eentr-un \u201econ de umbr\u0103\u201d, explic\u0103 politologul George Jigl\u0103u, ar\u0103t\u00e2nd c\u0103 discursul anti-migra\u021bie are poten\u021bialul e a reaprinde aten\u021bia asupra partidului. <\/p>\n<p>\u201e<i>Chiar dac\u0103 exist\u0103 sentimentul \u0103sta, pe bun\u0103 dreptate, c\u0103 prosper\u0103 \u00een opozi\u021bie, c\u0103 cei din coali\u021bie se ceart\u0103 \u00eentre ei, iau m\u0103suri nepopulare \u0219i \u00een timpul \u0103sta AUR cre\u0219te, partidul cre\u0219te f\u0103r\u0103 s\u0103 fie vizibil. Majoritatea cov\u00e2r\u0219itoare a aten\u021biei este pe ce se \u00eent\u00e2mpl\u0103 la guvernare. AUR apare foarte rar \u0219i pe bun\u0103 dreptate. Fac opozi\u021bie de foarte slab\u0103 calitate. (&#8230;) Opozi\u021bia noastr\u0103 nu vine cu absolut nimic pe masa discu\u021biilor legat de temele care enerveaz\u0103 acum publicul. AUR nu cre\u0219te pentru c\u0103 publicul vede propuneri de la AUR mai bune. Pentru c\u0103 AUR nu vine cu absolut nimic<\/i>\u201d. <\/p>\n<h2>De ce aleg companiile rom\u00e2ne\u0219ti muncitori str\u0103ini, \u00een ciuda costurilor mai mari<\/h2>\n<p>Angajarea cet\u0103\u021benilor non-UE \u00een Rom\u00e2nia presupune multiple costuri suplimentare pentru angajatori, \u00eens\u0103 acest lucru nu \u00eempiedic\u0103 companiile s\u0103 \u0219i-i doreasc\u0103: aproape 141.000 de muncitori str\u0103ini muncesc deja \u00een diferite sectoare cheie ale economiei.\u00a0<i>,,Principalul motiv pentru care\u00a0<\/i><a href=\"https:\/\/adevarul.ro\/economie\/aproape-141000-de-muncitori-straini-muncesc-in-2457536.html\" target=\"_blank\">companiile aleg s\u0103 angajeze lucr\u0103tori str\u0103ini,<\/a><i>\u00a0\u00een ciuda faptului c\u0103 acest lucru implic\u0103 costuri mai mari dec\u00e2t angajarea rom\u00e2nilor, este dorin\u021ba de stabilitate pe termen lung. Muncitorii str\u0103ini vin \u00een Rom\u00e2nia cu scopul clar de a munci, fiind \u00eentr-o pozi\u021bie vulnerabil\u0103 care \u00eei determin\u0103 s\u0103 respecte cu rigurozitate condi\u021biile contractuale, ceea ce \u00eei face, \u00een practic\u0103, mai stabili \u0219i mai predictibili dec\u00e2t o parte din for\u021ba de munc\u0103 autohton\u0103\u201d,<\/i>\u00a0a declarat recent Yosef Gavriel Peisakh &#8211; General Manager Work from Asia \u2013 pentru \u201e<i>Adev\u0103rul<\/i>\u201d.<a href=\"https:\/\/adevarul.ro\/economie\/de-ce-aleg-companiile-romanesti-muncitori-straini-2458316.html\">\u00a0 Detalii<\/a><\/p>\n<h2>Rom\u00e2nia angajeaz\u0103 muncitori str\u0103ini pentru c\u0103 ai no\u0219tri nu vor s\u0103 munceasc\u0103 cu forme legale<\/h2>\n<p>Angajatorii rom\u00e2ni \u00eencearc\u0103 s\u0103 acopere cu muncitori adu\u015fi din str\u0103in\u0103tate un deficit de for\u0163\u0103 de munc\u0103 de peste 600.000 de persoane, \u00een condi\u0163iile \u00een care la ora actual\u0103 peste 500.000 de oameni activi nu sunt \u00een c\u00e2mpul muncii, a declarat pre\u015fedintele Patronatului Importatorilor de For\u0163\u0103 de Munc\u0103 (PIFM), Romulus Badea.\u00a0<i>\u201eA\u015f vrea s\u0103 v\u0103 reamintesc de ce discut\u0103m despre recrutarea de muncitori str\u0103ini. Sunt c\u00e2teva statistici care explic\u0103 multe. De exemplu, conform statisticii UE, diaspora rom\u00e2neasc\u0103 este cea mai mare \u00een cadrul UE. Deci, rom\u00e2nii reprezint\u0103 cel mai mare num\u0103r de cet\u0103\u0163eni europeni care tr\u0103iesc \u00een celelalte state membre, \u00een afara grani\u0163elor. Undeva la 3,1 milioane de oameni. Vreau s\u0103 atrag aten\u0163ia c\u0103 ace\u015ftia sunt cei care sunt \u00eenregistra\u0163i, care apar \u00een statisticile oficiale. \u00cen 2022, un fost conduc\u0103tor al Departamentului Rom\u00e2nilor de Pretutindeni d\u0103dea exemplul Fran\u0163ei, unde sunt \u00eenregistra\u0163i 150.000 de oameni, cu aproxima\u0163ie, \u00eens\u0103 estim\u0103rile erau c\u0103 de fapt sunt vreo 500.000. \u015ei, repet, num\u0103rul acesta este doar \u00een lumea european\u0103. Dac\u0103 ad\u0103ug\u0103m alte \u0163\u0103ri preferate de rom\u00e2ni, cum ar fi Marea Britanie sau Statele Unite, este clar c\u0103 num\u0103rul este mult mai mare. Estim\u0103rile duc spre 5,6 milioane de rom\u00e2ni pleca\u0163i din interiorul grani\u0163elor&#8221;<\/i>, <a href=\"https:\/\/adevarul.ro\/economie\/romania-angajeaza-muncitori-straini-pentru-ca-ai-2458077.html\">a afirmat Badea.<\/a><\/p>\n<\/p><\/div>\n<p><a href=\"https:\/\/adevarul.ro\/politica\/migratia-noul-pariu-electoral-al-aur-dupa-2467642.html\" class=\"button purchase\" rel=\"nofollow noopener\" target=\"_blank\">Read More<\/a><\/p>\n","protected":false},"excerpt":{"rendered":"<p>Migra\u021bia, o tem\u0103 mai pu\u021bin prezent\u0103 \u00een Rom\u00e2nia ar putea prinde contur \u00eenaintea alegerilor din 2028-2030, atrag aten\u021bia anali\u0219tii. Asta \u00een condi\u021biile \u00een care deficitul [&hellip;]<\/p>\n","protected":false},"author":1,"featured_media":7012,"comment_status":"open","ping_status":"open","sticky":false,"template":"","format":"standard","meta":{"_monsterinsights_skip_tracking":false,"footnotes":""},"categories":[6],"tags":[],"class_list":["post-7011","post","type-post","status-publish","format-standard","has-post-thumbnail","hentry","category-popular"],"aioseo_notices":[],"_links":{"self":[{"href":"https:\/\/info-eforie.ro\/index.php\/wp-json\/wp\/v2\/posts\/7011","targetHints":{"allow":["GET"]}}],"collection":[{"href":"https:\/\/info-eforie.ro\/index.php\/wp-json\/wp\/v2\/posts"}],"about":[{"href":"https:\/\/info-eforie.ro\/index.php\/wp-json\/wp\/v2\/types\/post"}],"author":[{"embeddable":true,"href":"https:\/\/info-eforie.ro\/index.php\/wp-json\/wp\/v2\/users\/1"}],"replies":[{"embeddable":true,"href":"https:\/\/info-eforie.ro\/index.php\/wp-json\/wp\/v2\/comments?post=7011"}],"version-history":[{"count":0,"href":"https:\/\/info-eforie.ro\/index.php\/wp-json\/wp\/v2\/posts\/7011\/revisions"}],"wp:featuredmedia":[{"embeddable":true,"href":"https:\/\/info-eforie.ro\/index.php\/wp-json\/wp\/v2\/media\/7012"}],"wp:attachment":[{"href":"https:\/\/info-eforie.ro\/index.php\/wp-json\/wp\/v2\/media?parent=7011"}],"wp:term":[{"taxonomy":"category","embeddable":true,"href":"https:\/\/info-eforie.ro\/index.php\/wp-json\/wp\/v2\/categories?post=7011"},{"taxonomy":"post_tag","embeddable":true,"href":"https:\/\/info-eforie.ro\/index.php\/wp-json\/wp\/v2\/tags?post=7011"}],"curies":[{"name":"wp","href":"https:\/\/api.w.org\/{rel}","templated":true}]}}