{"id":6947,"date":"2025-08-24T09:07:11","date_gmt":"2025-08-24T09:07:11","guid":{"rendered":"https:\/\/info-eforie.ro\/index.php\/2025\/08\/24\/cristela-georgescu-da-plaiurile-romanesti-pe-vacanta-in-grecia-suveranisti-de-carton-isi-fac-concediile-in-europa-aia-pe-care-o-hulesc\/"},"modified":"2025-08-24T09:07:11","modified_gmt":"2025-08-24T09:07:11","slug":"cristela-georgescu-da-plaiurile-romanesti-pe-vacanta-in-grecia-suveranisti-de-carton-isi-fac-concediile-in-europa-aia-pe-care-o-hulesc","status":"publish","type":"post","link":"https:\/\/info-eforie.ro\/index.php\/2025\/08\/24\/cristela-georgescu-da-plaiurile-romanesti-pe-vacanta-in-grecia-suveranisti-de-carton-isi-fac-concediile-in-europa-aia-pe-care-o-hulesc\/","title":{"rendered":"Cristela Georgescu d\u0103 plaiurile rom\u00e2ne\u0219ti pe vacan\u021ba \u00een Grecia. \u201eSuverani\u0219ti de carton, \u00ee\u0219i fac concediile \u00een Europa aia pe care o hulesc\u201d"},"content":{"rendered":"<div>\n<p>Cristela Georgescu, so\u021bia fostului candidat independent la alegerile preziden\u021biale C\u0103lin Georgescu, a fost surprins\u0103 \u00een aeroport \u00een timp ce se preg\u0103tea s\u0103 plece din \u021bar\u0103. Imaginile au st\u00e2rnit critici din partea internau\u021bilor, care au acuzat-o de ipocrizie.<\/p>\n<div><picture loading=\"eager\" width=\"1400\" height=\"750\" alt=\"FOTO Dana Hering\"><source type=\"image\/webp\"  media=\"(min-width: 1400px)\"><source type=\"image\/webp\"  media=\"(min-width: 1000px)\"><source type=\"image\/webp\"  media=\"(min-width: 700px)\"><source type=\"image\/jpeg\"  media=\"(min-width: 1400px)\"><source type=\"image\/jpeg\"  media=\"(min-width: 1000px)\"><source type=\"image\/jpeg\"  media=\"(min-width: 700px)\"><img fetchpriority=\"high\" decoding=\"async\" src=\"https:\/\/cdn.adh.reperio.news\/image-0\/0806efac-ec5b-48a3-b25e-2dd81574934a\/index.jpeg?p=a%3D1%26co%3D1.05%26w%3D700%26h%3D750%26r%3Dcontain%26c%3D0%252C0.26%252C1%252C0.74%26f%3Dwebp\" alt=\"FOTO Dana Hering\" width=\"1400\" height=\"750\" loading=\"eager\"><\/picture>\n<p>FOTO Dana Hering<\/p>\n<\/div>\n<p><i>\u201e\u00centre timp, doamna Cristela a plecat s\u0103-\u0219i fac\u0103 vacan\u021ba \u00een Corfu, c\u0103 la Eforie nu-i de nasul ei. Nu sunt deloc ipocri\u021bi suverani\u0219tii \u0103\u0219tia, care, dup\u0103 ce \u00eenjur\u0103 Europa \u0219i ridic\u0103 \u00een sl\u0103vi \u021b\u0103ri\u0219oara cu mun\u021bi \u0219i cu mare, o taie \u00een vacan\u021b\u0103 prin Grecia \u0219i Spania\u201d<\/i>, a scris activista Dana Hering pe pagina sa de Facebook.<\/p>\n<p>Ea a postat o imagine \u00een care so\u021bia lui C\u0103lin Georgescu se afl\u0103 pe aeroport cu bagajele dup\u0103 ea.<\/p>\n<p>Reac\u021bia internau\u021bilor nu a \u00eent\u00e2rziat s\u0103 apar\u0103, mul\u021bi observ\u00e2nd c\u0103 vorbele Cristelei Georgescu nu se potrivesc cu faptele ei.<\/p>\n<p><i>\u201eAre nevoie de ochelari de citit? P\u0103i nu propov\u0103duie\u0219te ea, pe pagina ei, cum c\u0103 a sc\u0103pat de ei \u00een mod natural f\u0103c\u00e2nd anumite exerci\u021bii?\u201d<\/i>, a scris un internaut, care a ad\u0103ugat apoi un fragment chiar de pe pagina Cristelei: <i>\u201ePractic ceea ce propov\u0103duiesc: munca! Partea mea de 1%. Sunt la Tab\u0103ra de educa\u021bie a vederii, organizat\u0103 de Flavius Adrian \u021aurcanu, pe care \u00eel sprijin, respect \u0219i recomand tuturor celor care m\u0103 \u00eentreab\u0103 cum s\u0103 \u00ee\u0219i \u00eembun\u0103t\u0103\u021beasc\u0103 vederea. Euforia mea se datoreaz\u0103 faptului c\u0103 de 5 zile nu mai folosesc ochelari! Desigur, mai am de lucru, dar am v\u0103zut ce poate fi f\u0103cut \u00een 5 zile, sunt motivat\u0103 s\u0103 integrez \u00eenv\u0103\u021b\u0103tura primit\u0103, ca disciplin\u0103\/stil de via\u021b\u0103! Pe cur\u00e2nd\u201d.\u201d<\/i><\/p>\n<p>Al\u021bii au atras aten\u021bia c\u0103 acesta nu este un comportament \u00eent\u00e2lnit doar la suverani\u0219tii rom\u00e2ni, ci \u0219i la lideri din alte \u021b\u0103ri, care afi\u0219eaz\u0103 public un discurs na\u021bionalist, dar \u00een via\u021ba personal\u0103 aleg s\u0103 se bucure de confortul \u0219i luxul oferit de alte destina\u021bii.<\/p>\n<p><i>\u201eAcum c\u00e2\u021biva ani Viktor Orb\u00e1n spunea \u00abMai pu\u021bin\u0103 Adriatica \u0219i mai mult Balaton\u00bb. De atunci, \u00een fiecare an se duce \u00een Croa\u021bia. Ieri a fost fotografiat cum pleca \u00een Croa\u021bia cu un elicopter privat de lux (a fost de ajuns s\u0103 foloseasc\u0103 de dou\u0103 ori low cost ca s\u0103 \u00eel vad\u0103 lumea, ce-i prea mult stric\u0103), \u0219i ajuns \u00een Croa\u021bia a fost fotografiat pe un iaht. Cam a\u0219a cu suverani\u0219tii \u0103\u0219tia \u0219i \u021b\u0103ri\u0219oarele lor\u201d<\/i>, a mai scris un internaut.<\/p>\n<p><i>\u201eSuverani\u0219ti de carton; \u00ee\u0219i fac vacan\u021bele \u00een Europa aia pe care o hulesc la toate col\u021burile \u0219i \u00ee\u0219i trimit copiii la \u0219coli interna\u021bionale pe bani grei\u201d<\/i>, a ad\u0103ugat un altul.<\/p>\n<p>So\u021bii Georgescu au fost acuza\u021bi de ipocrizie \u00een mai multe r\u00e2nduri, inclusiv \u00een luna februarie c\u00e2nd au \u00eendemnat la boicotarea supermarketurilor \u00een favoarea produc\u0103torilor rom\u00e2ni. La vremea respectiv\u0103, <a href=\"https:\/\/adevarul.ro\/stiri-interne\/societate\/marian-godina-il-ironizeaza-pe-calin-georgescu-2421062.html\">Marian Godin\u0103 a atras aten\u021bia c\u0103 fostul candidat independent<\/a> a transformat momentul \u00een campanie electoral\u0103 \u0219i a mers la pia\u0163\u0103 \u00eentr-o jachet\u0103 scump\u0103, fabricat\u0103 \u00een Germania.<\/p>\n<p><i>\u201eDac\u0103 v\u0103 gr\u0103bi\u021bi, pute\u021bi prinde la reducere geaca pe care a purtat-o la cump\u0103r\u0103turi rom\u00e2ne\u0219ti \u00abpre\u0219edintele ales\u00bb. E la reducere de la 1509 la 1191,99 lei. E fabricat\u0103 \u00een Germania, dar se poate lipi un tricolor rom\u00e2nesc cu scai\u201d<\/i>, a scris, ironic, poli\u021bistul-influencer Marian Godin\u0103 pe contul s\u0103u de Facebook.<\/p>\n<p>Mai mult de at\u00e2t, jurnali\u0219tii au descoperit ulterior c\u0103 momentul \u00een care so\u021bii Georgescu au cump\u0103rat legume \u0219i fructe de la un om din pia\u021b\u0103 <a href=\"https:\/\/adevarul.ro\/stiri-interne\/evenimente\/calin-georgescu-si-sotia-sa-cristela-si-au-2421043.html\">ar fi fost regizat.<\/a><\/p>\n<p>Cristela Georgescu este cunoscut\u0103 pentru discursul s\u0103u na\u021bionalist. Ea este o prezen\u021b\u0103 constant\u0103 \u00een mediul online, <a href=\"https:\/\/adevarul.ro\/stil-de-viata\/magazin\/cat-costa-cursurile-vandute-de-cristela-georgescu-2405480.html\">unde vinde mai multe cursuri \u0219i c\u0103r\u021bi, la pre\u021buri exorbitante.<\/a><\/p>\n<p>Potrivit site-ului s\u0103u, cel mai ieftin curs porne\u0219te de la 300 de lei \u0219i este, de fapt, vorba despre un video de o or\u0103 \u0219i 20 de minute, la care clien\u021bii au acces timp de trei luni de zile de la achizi\u021bionare, iar apoi trebuie s\u0103 pl\u0103teasc\u0103 un abonament suplimentar.<\/p>\n<p>Cel mai scump, pe de alt\u0103 parte, se nume\u0219te \u201eSecretele comportamentului alimentar\u201d \u0219i cost\u0103 1.900 de lei, iar durata sa este de 5 ore \u0219i jum\u0103tate.<\/p>\n<p>&#8222;Prime\u0219ti edi\u021bia revizuit\u0103 a celei de-a doua p\u0103r\u021bi din Cursul live de Nutri\u021bie Holistic\u0103, \u00eentr-o form\u0103 \u00eembun\u0103t\u0103\u021bit\u0103, \u00eemp\u0103r\u021bit\u0103 \u00een 22 de lec\u021bii u\u0219or de parcurs. Durat\u0103 curs: 5 ore \u0219i jum\u0103tate&#8221;, potrivit site-ului oficial. \u0218i \u00een acest caz, site-ul men\u021bioneaz\u0103 c\u0103 accesul se \u00eentinde pe trei luni de zile din momentul achizi\u021bion\u0103rii, iar dup\u0103 aceea, acesta &#8222;se prelunge\u0219te automat dac\u0103 e\u0219ti membru \u00een Clubul Acasa Inimii, pe toat\u0103 durata apartenen\u021bei la acest club&#8221;.<\/p>\n<\/p><\/div>\n<p><a href=\"https:\/\/adevarul.ro\/stiri-interne\/societate\/cristela-georgescu-da-plaiurile-romanesti-pe-2466962.html\" class=\"button purchase\" rel=\"nofollow noopener\" target=\"_blank\">Read More<\/a><\/p>\n","protected":false},"excerpt":{"rendered":"<p>Cristela Georgescu, so\u021bia fostului candidat independent la alegerile preziden\u021biale C\u0103lin Georgescu, a fost surprins\u0103 \u00een aeroport \u00een timp ce se preg\u0103tea s\u0103 plece din \u021bar\u0103. [&hellip;]<\/p>\n","protected":false},"author":1,"featured_media":6948,"comment_status":"open","ping_status":"open","sticky":false,"template":"","format":"standard","meta":{"_monsterinsights_skip_tracking":false,"_monsterinsights_sitenote_active":false,"_monsterinsights_sitenote_note":"","_monsterinsights_sitenote_category":0,"footnotes":""},"categories":[6],"tags":[],"class_list":["post-6947","post","type-post","status-publish","format-standard","has-post-thumbnail","hentry","category-popular"],"aioseo_notices":[],"_links":{"self":[{"href":"https:\/\/info-eforie.ro\/index.php\/wp-json\/wp\/v2\/posts\/6947","targetHints":{"allow":["GET"]}}],"collection":[{"href":"https:\/\/info-eforie.ro\/index.php\/wp-json\/wp\/v2\/posts"}],"about":[{"href":"https:\/\/info-eforie.ro\/index.php\/wp-json\/wp\/v2\/types\/post"}],"author":[{"embeddable":true,"href":"https:\/\/info-eforie.ro\/index.php\/wp-json\/wp\/v2\/users\/1"}],"replies":[{"embeddable":true,"href":"https:\/\/info-eforie.ro\/index.php\/wp-json\/wp\/v2\/comments?post=6947"}],"version-history":[{"count":0,"href":"https:\/\/info-eforie.ro\/index.php\/wp-json\/wp\/v2\/posts\/6947\/revisions"}],"wp:featuredmedia":[{"embeddable":true,"href":"https:\/\/info-eforie.ro\/index.php\/wp-json\/wp\/v2\/media\/6948"}],"wp:attachment":[{"href":"https:\/\/info-eforie.ro\/index.php\/wp-json\/wp\/v2\/media?parent=6947"}],"wp:term":[{"taxonomy":"category","embeddable":true,"href":"https:\/\/info-eforie.ro\/index.php\/wp-json\/wp\/v2\/categories?post=6947"},{"taxonomy":"post_tag","embeddable":true,"href":"https:\/\/info-eforie.ro\/index.php\/wp-json\/wp\/v2\/tags?post=6947"}],"curies":[{"name":"wp","href":"https:\/\/api.w.org\/{rel}","templated":true}]}}