{"id":6925,"date":"2025-08-23T08:07:38","date_gmt":"2025-08-23T08:07:38","guid":{"rendered":"https:\/\/info-eforie.ro\/index.php\/2025\/08\/23\/victor-angelescu-a-facut-anuntul-fotbalistul-pe-care-il-vrea-rapid-ce-a-spus-despre-ianis-hagi\/"},"modified":"2025-08-23T08:07:38","modified_gmt":"2025-08-23T08:07:38","slug":"victor-angelescu-a-facut-anuntul-fotbalistul-pe-care-il-vrea-rapid-ce-a-spus-despre-ianis-hagi","status":"publish","type":"post","link":"https:\/\/info-eforie.ro\/index.php\/2025\/08\/23\/victor-angelescu-a-facut-anuntul-fotbalistul-pe-care-il-vrea-rapid-ce-a-spus-despre-ianis-hagi\/","title":{"rendered":"Victor Angelescu a f\u0103cut anun\u021bul! Fotbalistul pe care \u00eel vrea Rapid + Ce a spus despre Ianis Hagi"},"content":{"rendered":"<div>\n<p>Rapid s-a impus cu 2-1 \u00een duelul cu Metaloglobus din etapa a \u0219aptea a Superligii.<\/p>\n<p>Cu toate c\u0103 forma\u021bia lui G\u00e2lc\u0103 nu a avut o presta\u021bie grozav\u0103 a reu\u0219it s\u0103 ob\u021bin\u0103 cele trei puncte \u0219i a urcat pe locul doi \u00een clasament.<\/p>\n<h2>Victor Angelescu a f\u0103cut anun\u021bul! Fotbalistul pe care \u00eel vrea Rapid<\/h2>\n<p>\u00centrebat dac\u0103 <a href=\"https:\/\/www.sport.ro\/fotbal-intern\/adrian-ilie-impresionat-de-rapidul-lui-galca-au-echilibru-echipele-nu-si-creeaza-multe-ocazii-cu-ei.html\" rel=\"noopener noreferrer\"><strong>Rapid<\/strong><\/a> va mai aduce juc\u0103tori pe acest final de mercato, Victor Angelescu a dezv\u0103luit c\u0103 giule\u0219tenii se afl\u0103 \u00een discu\u021bii pentru transferul unui mijloca\u0219 ofensiv.<\/p>\n<p>Oficialul Rapidului a explicat c\u0103 este destul de greu ca \u201ealb-vi\u0219inii\u201d s\u0103 \u00eel poat\u0103 aduce pe Ianis Hagi din cauza preten\u021biilor sale financiare.<\/p>\n<ul>\n<li><strong>Cite\u0219te \u0219i: <\/strong><a href=\"https:\/\/www.sport.ro\/liga-1\/claudiu-petrila-a-explicat-de-ce-nu-a-dat-mana-cu-costel-galca-doamne-fereste.html\" rel=\"noopener noreferrer\"><strong>Claudiu Petrila a explicat de ce nu a dat m\u00e2na cu Costel G\u00e2lc\u0103: \u201dDoamne fere\u0219te!\u201d<\/strong><\/a><\/li>\n<\/ul>\n<\/div>\n<div>\n<p><strong>\u201eNe mai dorim s\u0103 facem un transfer, un singur juc\u0103tor, un mijloca\u0219 ofensiv. Avem discu\u021bii pe mai multe piste, dar nu e nimic concret care s\u0103 se finalizeze \u00een urm\u0103toarele zile. To\u021bi juc\u0103torii adu\u0219i au fost propu\u0219i de Mauro Pederzoli, \u00eempreun\u0103 cu departamentul de scouting \u0219i cu Costel.<\/strong><\/p>\n<p><strong>De exemplu, Baroan a fost propus de Mauro. Dac\u0103 antrenorul nu-\u0219i dore\u0219te un juc\u0103tor, nu-l aducem. El are ultimul cuv\u00e2nt. Antrenorul trebuie s\u0103 fie de acord \u0219i s\u0103 cread\u0103 c\u0103 se poate baza pe el. A\u0219a am procedat cu to\u021bi antrenorii. Toate transferurile pe care le-am f\u0103cut au avut acordul lui Costel \u0219i el a considerat c\u0103 ne pot ajuta.<\/strong><\/p>\n<p><strong>Despre Ianis Hagi nu \u0219tiu nimic. Am v\u0103zut \u00een pres\u0103 c\u0103 a discutat cu domnul \u0218ucu, b\u0103nuiesc c\u0103 a fost o discu\u021bie \u00een ideea c\u0103 ar putea veni, \u00een cazul \u00een care nu \u0219i-ar g\u0103si echip\u0103. Nu l-am \u00eentrebat, pentru c\u0103 \u0219ansele cred c\u0103 sunt foarte, foarte mici. Din ce \u0219tiu, Ianis a refuzat ni\u0219te oferte destul de bune din afar\u0103, a\u0219tept\u00e2nd un salariu mai mare, pe care noi, cu siguran\u021b\u0103, nu avem cum s\u0103 \u00eel oferim aici. Nu putem s\u0103 d\u0103m un milion de euro salariu unui juc\u0103tor.\u201d<\/strong>, a spus Victor Angelescu la Digi Sport.<\/p>\n<\/div>\n<div>\n<h2>G\u00e2lc\u0103, nemul\u021bumit dup\u0103 victoria la limit\u0103 cu Metaloglobus<\/h2>\n<p>Tehnicianul giule\u0219tenilor consider\u0103 c\u0103 juc\u0103torii s\u0103i ar fi trebuit s\u0103 gestioneze mult mai bine avantajul de pe tabel\u0103 \u0219i s\u0103 nu le permit\u0103 adversarilor s\u0103 marcheze.<\/p>\n<p><strong>\u201eTrebuia s\u0103 \u00eenscriem mai multe goluri \u0219i eram mult mai lini\u0219ti\u021bi. Trebuie s\u0103 avem mai mult\u0103 constan\u021b\u0103, s\u0103 control\u0103m jocul. S\u0103 temporiz\u0103m. Ne gr\u0103bim uneori c\u00e2nd avem \u0219i alte op\u021biuni\u201d<\/strong>, a spus Costel G\u00e2lc\u0103 la finalul meciului.<\/p>\n<p>Antrenorul giule\u0219tenilor a admis c\u0103 starea gazonului de la Clinceni a influen\u021bat jocul, \u00eens\u0103 a insistat c\u0103 ocaziile ratate sunt principala cauz\u0103 pentru finalul tensionat de meci.\u00a0\u201e<strong>Trebuie s\u0103 cre\u0219tem mai mult \u00een joc. Poate \u0219i terenul a influen\u021bat jocul nostru, \u00eens\u0103 am avut ac\u021biuni care puteau decide mult mai devreme jocul\u201d<\/strong>, a punctat tehnicianul.<\/p>\n<p>\u00centrebat despre momentul controversat din minutul 67, G\u00e2lc\u0103 a l\u0103murit rapid situa\u021bia:\u00a0\u201e<strong>N-a dat m\u00e2na cu mine\u00a0<\/strong>(n.r. &#8211; Petrila)<strong>, pentru c\u0103 eram \u00eentors. A dat cu mine dup\u0103 aceea, am vorbit cu el la vestiar. Nu \u0219tiu de unde \u0219i p\u00e2n\u0103 unde\u201d<\/strong>.<\/p>\n<p>\u00cen privin\u021ba posibilelor transferuri, antrenorul Rapidului a r\u0103mas evaziv, transmi\u021b\u00e2nd c\u0103 se bazeaz\u0103 pe lotul actual.\u00a0\u201e<strong>Vom vedea ce se \u00eent\u00e2mpl\u0103 p\u00e2n\u0103 se \u00eenchide perioada de transferuri, deocamdat\u0103 avem juc\u0103torii no\u0219tri\u201d<\/strong>, a \u00eencheiat G\u00e2lc\u0103.<\/p>\n<\/div>\n<p><a href=\"https:\/\/www.sport.ro\/liga-1\/victor-angelescu-a-facut-anuntul-fotbalistul-pe-care-il-vrea-rapid-ce-a-spus-despre-ianis-hagi.html\" class=\"button purchase\" rel=\"nofollow noopener\" target=\"_blank\">Read More<\/a><\/p>\n","protected":false},"excerpt":{"rendered":"<p>Rapid s-a impus cu 2-1 \u00een duelul cu Metaloglobus din etapa a \u0219aptea a Superligii. Cu toate c\u0103 forma\u021bia lui G\u00e2lc\u0103 nu a avut o [&hellip;]<\/p>\n","protected":false},"author":1,"featured_media":6926,"comment_status":"open","ping_status":"open","sticky":false,"template":"","format":"standard","meta":{"_monsterinsights_skip_tracking":false,"_monsterinsights_sitenote_active":false,"_monsterinsights_sitenote_note":"","_monsterinsights_sitenote_category":0,"footnotes":""},"categories":[7],"tags":[],"class_list":["post-6925","post","type-post","status-publish","format-standard","has-post-thumbnail","hentry","category-sports"],"aioseo_notices":[],"_links":{"self":[{"href":"https:\/\/info-eforie.ro\/index.php\/wp-json\/wp\/v2\/posts\/6925","targetHints":{"allow":["GET"]}}],"collection":[{"href":"https:\/\/info-eforie.ro\/index.php\/wp-json\/wp\/v2\/posts"}],"about":[{"href":"https:\/\/info-eforie.ro\/index.php\/wp-json\/wp\/v2\/types\/post"}],"author":[{"embeddable":true,"href":"https:\/\/info-eforie.ro\/index.php\/wp-json\/wp\/v2\/users\/1"}],"replies":[{"embeddable":true,"href":"https:\/\/info-eforie.ro\/index.php\/wp-json\/wp\/v2\/comments?post=6925"}],"version-history":[{"count":0,"href":"https:\/\/info-eforie.ro\/index.php\/wp-json\/wp\/v2\/posts\/6925\/revisions"}],"wp:featuredmedia":[{"embeddable":true,"href":"https:\/\/info-eforie.ro\/index.php\/wp-json\/wp\/v2\/media\/6926"}],"wp:attachment":[{"href":"https:\/\/info-eforie.ro\/index.php\/wp-json\/wp\/v2\/media?parent=6925"}],"wp:term":[{"taxonomy":"category","embeddable":true,"href":"https:\/\/info-eforie.ro\/index.php\/wp-json\/wp\/v2\/categories?post=6925"},{"taxonomy":"post_tag","embeddable":true,"href":"https:\/\/info-eforie.ro\/index.php\/wp-json\/wp\/v2\/tags?post=6925"}],"curies":[{"name":"wp","href":"https:\/\/api.w.org\/{rel}","templated":true}]}}