{"id":6859,"date":"2025-08-20T07:08:33","date_gmt":"2025-08-20T07:08:33","guid":{"rendered":"https:\/\/info-eforie.ro\/index.php\/2025\/08\/20\/ofiter-de-politie-condamnat-la-inchisoare-pentru-furtul-lenjeriei-intime-a-unei-femei-in-timpul-unei-perchezitii\/"},"modified":"2025-08-20T07:08:33","modified_gmt":"2025-08-20T07:08:33","slug":"ofiter-de-politie-condamnat-la-inchisoare-pentru-furtul-lenjeriei-intime-a-unei-femei-in-timpul-unei-perchezitii","status":"publish","type":"post","link":"https:\/\/info-eforie.ro\/index.php\/2025\/08\/20\/ofiter-de-politie-condamnat-la-inchisoare-pentru-furtul-lenjeriei-intime-a-unei-femei-in-timpul-unei-perchezitii\/","title":{"rendered":"Ofi\u021ber de poli\u021bie, condamnat la \u00eenchisoare pentru furtul lenjeriei intime a unei femei \u00een timpul unei perchezi\u021bii"},"content":{"rendered":"<div>\n<p>Un fost ofi\u021ber de poli\u021bie din Herts (UK) a fost condamnat  de c\u0103tre la Curtea Coroanei din Cambridge la \u00eenchisoare pentru furtul lenjeriei intime a unei femei.<\/p>\n<p><iframe loading=\"lazy\" width=\"444\" height=\"789\" src=\"https:\/\/www.youtube.com\/embed\/pW9O89pVI1M\" frameborder=\"0\" allow=\"accelerometer; autoplay; clipboard-write; encrypted-media; gyroscope; picture-in-picture; web-share\" allowfullscreen><\/iframe><\/p>\n<p>Marcin Zielinski, \u00een v\u00e2rst\u0103 de 27 de ani, din Shefford, Bedfordshire, a fost condamnat luni, 18 august, la patru luni de \u00eenchisoare dup\u0103 ce a recunoscut \u00een fa\u021ba instan\u021bei britanice o acuza\u021bie de furt \u0219i o acuza\u021bie de exercitare corupt\u0103\/necorespunz\u0103toare a puterilor \u0219i privilegiilor poli\u021biene\u0219ti de c\u0103tre un agent de poli\u021bie, potrivit\u00a0<a href=\"https:\/\/www.thecomet.net\/news\/25400404.former-herts-police-officer-sentenced-theft-offences\/\" rel=\"nofollow\">The Comet<\/a><\/p>\n<p>Zielinski a fost acuzat c\u0103 a furat un articol de lenjerie intim\u0103 dintr-o proprietate \u00een timp ce efectua o perchezi\u021bie la o locuin\u021b\u0103 din Stevenage, pe 12 septembrie 2024.<\/p>\n<p>O femeie care locuia la adresa respectiv\u0103 fusese arestat\u0103 \u00een leg\u0103tur\u0103 cu o chestiune f\u0103r\u0103 leg\u0103tur\u0103 cu acest caz \u0219i a fost eliberat\u0103 ulterior f\u0103r\u0103 a se lua alte m\u0103suri.<\/p>\n<h2>\u201eComportamentul s\u0103u infrac\u021bional d\u0103uneaz\u0103 reputa\u021biei poli\u021biei\u201d\u00a0<\/h2>\n<p>\u00cen noiembrie 2024, Zielinski a demisionat din poli\u021bie \u00een timp ce era anchetat.<\/p>\n<p><i>\u201eZielinski a dezam\u0103git publicul din Hertfordshire, serviciul de poli\u021bie \u00een ansamblu \u0219i fo\u0219tii s\u0103i colegi, care ac\u021bioneaz\u0103 cu profesionalism \u0219i integritate. Comportamentul s\u0103u infrac\u021bional d\u0103uneaz\u0103 reputa\u021biei poli\u021biei \u0219i reprezint\u0103 o tr\u0103dare fundamental\u0103 a publicului \u0219i a valorilor pe care le reprezint\u0103 serviciul de poli\u021bie\u201d<\/i>, a declarat adjunctul \u0219efului poli\u021biei din Hertfordshire, Genna Telfer<\/p>\n<div><picture loading=\"eager\" width=\"1400\" height=\"750\" alt=\"Momentul furtului, surprins de o camer\u0103 de supraveghere. FOTO captur\u0103 dailymail.co.uk\"><source type=\"image\/webp\"  media=\"(min-width: 1400px)\"><source type=\"image\/webp\"  media=\"(min-width: 1000px)\"><source type=\"image\/webp\"  media=\"(min-width: 700px)\"><source type=\"image\/png\"  media=\"(min-width: 1400px)\"><source type=\"image\/png\"  media=\"(min-width: 1000px)\"><source type=\"image\/png\"  media=\"(min-width: 700px)\"><img fetchpriority=\"high\" decoding=\"async\" src=\"https:\/\/cdn.adh.reperio.news\/image-d\/d06c706b-883a-4f64-bf8d-15a92b43213b\/index.png?p=a%3D1%26co%3D1.05%26w%3D700%26h%3D750%26r%3Dcontain%26f%3Dwebp\" alt=\"Momentul furtului, surprins de o camer\u0103 de supraveghere. FOTO captur\u0103 dailymail.co.uk\" width=\"1400\" height=\"750\" loading=\"eager\"><\/picture>\n<p>Momentul furtului, surprins de o camer\u0103 de supraveghere. FOTO captur\u0103 dailymail.co.uk<\/p>\n<\/div>\n<p>Amintim c\u0103, \u00een 2022, un agent de poli\u0163ie de 47 de ani, din Rom\u00e2nia, a fost re\u0163inut dup\u0103 ce<a href=\"https:\/\/adevarul.ro\/stiri-locale\/cluj-napoca\/politist-clujean-retinut-dupa-ce-ar-fi-furat-doua-2160300.html\"> a fost prins cu dou\u0103 obiecte ascunse sub cascheta de poli\u0163ist. <\/a>Agentul a fost acuzat de furt dintr-un magazin.<\/p>\n<p>Cu un an \u00een urm\u0103, un poli\u0163ist din Bihor a fost prins \u00een flagrant \u00een timp ce desc\u0103rca lemne de foc luate cu un aviz dubios dintr-o p\u0103dure administrat\u0103 de o asocia\u0163ie unde pre\u015fedint\u0103 este chiar so\u0163ia sa, b\u0103rbatul fiind cercetat de-a lungul vremii pentru<a href=\"https:\/\/adevarul.ro\/stiri-locale\/oradea\/merite-de-politist-a-furat-carlige-de-pescuit-2117796.html\"> furt \u015fi chiar delapidare.<\/a><\/p>\n<\/p><\/div>\n<p><a href=\"https:\/\/adevarul.ro\/stiri-externe\/europa\/ofiter-de-politie-condamnat-la-inchisoare-pentru-2466064.html\" class=\"button purchase\" rel=\"nofollow noopener\" target=\"_blank\">Read More<\/a><\/p>\n","protected":false},"excerpt":{"rendered":"<p>Un fost ofi\u021ber de poli\u021bie din Herts (UK) a fost condamnat de c\u0103tre la Curtea Coroanei din Cambridge la \u00eenchisoare pentru furtul lenjeriei intime a [&hellip;]<\/p>\n","protected":false},"author":1,"featured_media":6860,"comment_status":"open","ping_status":"open","sticky":false,"template":"","format":"standard","meta":{"_monsterinsights_skip_tracking":false,"_monsterinsights_sitenote_active":false,"_monsterinsights_sitenote_note":"","_monsterinsights_sitenote_category":0,"footnotes":""},"categories":[6],"tags":[],"class_list":["post-6859","post","type-post","status-publish","format-standard","has-post-thumbnail","hentry","category-popular"],"aioseo_notices":[],"_links":{"self":[{"href":"https:\/\/info-eforie.ro\/index.php\/wp-json\/wp\/v2\/posts\/6859","targetHints":{"allow":["GET"]}}],"collection":[{"href":"https:\/\/info-eforie.ro\/index.php\/wp-json\/wp\/v2\/posts"}],"about":[{"href":"https:\/\/info-eforie.ro\/index.php\/wp-json\/wp\/v2\/types\/post"}],"author":[{"embeddable":true,"href":"https:\/\/info-eforie.ro\/index.php\/wp-json\/wp\/v2\/users\/1"}],"replies":[{"embeddable":true,"href":"https:\/\/info-eforie.ro\/index.php\/wp-json\/wp\/v2\/comments?post=6859"}],"version-history":[{"count":0,"href":"https:\/\/info-eforie.ro\/index.php\/wp-json\/wp\/v2\/posts\/6859\/revisions"}],"wp:featuredmedia":[{"embeddable":true,"href":"https:\/\/info-eforie.ro\/index.php\/wp-json\/wp\/v2\/media\/6860"}],"wp:attachment":[{"href":"https:\/\/info-eforie.ro\/index.php\/wp-json\/wp\/v2\/media?parent=6859"}],"wp:term":[{"taxonomy":"category","embeddable":true,"href":"https:\/\/info-eforie.ro\/index.php\/wp-json\/wp\/v2\/categories?post=6859"},{"taxonomy":"post_tag","embeddable":true,"href":"https:\/\/info-eforie.ro\/index.php\/wp-json\/wp\/v2\/tags?post=6859"}],"curies":[{"name":"wp","href":"https:\/\/api.w.org\/{rel}","templated":true}]}}