{"id":6853,"date":"2025-08-20T07:08:22","date_gmt":"2025-08-20T07:08:22","guid":{"rendered":"https:\/\/info-eforie.ro\/index.php\/2025\/08\/20\/momentul-care-a-tulburat-apele-si-a-schimbat-complet-atmosfera-intre-paul-iacob-si-fanii-rapidisti\/"},"modified":"2025-08-20T07:08:22","modified_gmt":"2025-08-20T07:08:22","slug":"momentul-care-a-tulburat-apele-si-a-schimbat-complet-atmosfera-intre-paul-iacob-si-fanii-rapidisti","status":"publish","type":"post","link":"https:\/\/info-eforie.ro\/index.php\/2025\/08\/20\/momentul-care-a-tulburat-apele-si-a-schimbat-complet-atmosfera-intre-paul-iacob-si-fanii-rapidisti\/","title":{"rendered":"Momentul care a tulburat apele \u0219i a schimbat complet atmosfera \u00eentre Paul Iacob \u0219i fanii rapidi\u0219ti"},"content":{"rendered":"<div>\n<p>Cotat la 900.000 de euro de site-urile de specialitate, Paul Iacob a plecat de la Rapid dup\u0103 ce a ajuns \u00een Giule\u0219ti \u00een august 2022. Atunci, echipa de sub Podul \u201dGrant\u201d l-a adus pe funda\u0219 liber de contract de la Chindia T\u00e2rgovi\u0219te.<\/p>\n<p>\u00cen februarie 2025, Rapid l-a trimis pe Paul Iacob sub form\u0103 de \u00eemprumut la FC Boto\u0219ani, dar \u00een cele din urm\u0103 stoperul nu a r\u0103mas nici la clubul patronat de Valeriu Iftime, ci a prins \u00een aceast\u0103 var\u0103 un transfer la O\u021belul Gala\u021bi.<\/p>\n<p>Rapid l-ar fi l\u0103sat s\u0103 plece liber de contract la echipa lui Laszlo Balint, \u00een ciuda faptului c\u0103 Iacob mai avea contract cu forma\u021bia din Giule\u0219ti p\u00e2n\u0103 la finele actualei stagiuni.<\/p>\n<h2><strong>Momentul care a tulburat apele \u0219i a schimbat complet atmosfera \u00eentre Paul Iacob \u0219i fanii rapidi\u0219ti<\/strong><br \/><\/h2>\n<p>La sf\u00e2r\u0219itul lui aprilie 2024, Rapid a primit vizita in Giule\u0219ti celor de la Universitatea Craiova, \u00een etapa #7 din play-off-ul SuperLigii Rom\u00e2niei. Oltenii s-au impus atunci cu 2-1.<\/p>\n<p>La finalul partidei, spiritele s-au \u00eencins \u00een Giule\u0219ti, iar Paul Iacob, enervat de un suporter care i-ar fi adresat injurii, nu \u0219i-a mai putut controla nervii \u0219i a s\u0103rit la b\u0103taie.<\/p>\n<p>Fotbalistul a \u021b\u00e2\u0219nit spre fanul aflat \u00een tribun\u0103, dar a fost \u00eenconjurat de colegi care l-au dus cu for\u021ba spre tunel, \u00een ideea ca un conflict mai puternic s\u0103 nu degenereze.<\/p>\n<p><strong>\u201dAm f\u0103cut un gest care nu m\u0103 caracterizeaz\u0103. Mi-am pierdut pu\u021bin capul. Vreau s\u0103-mi cer scuze acelui suporter, suporterilor \u00een general. Am reac\u021bionat la nervi\u201d<\/strong>, spunea Paul Iacob la flash-interviu dup\u0103 respectivul moment.<\/p>\n<\/div>\n<p><a href=\"https:\/\/www.sport.ro\/liga-1\/momentul-care-a-tulburat-apele-si-a-schimbat-complet-atmosfera-intre-paul-iacob-si-fanii-rapidisti.html\" class=\"button purchase\" rel=\"nofollow noopener\" target=\"_blank\">Read More<\/a><\/p>\n","protected":false},"excerpt":{"rendered":"<p>Cotat la 900.000 de euro de site-urile de specialitate, Paul Iacob a plecat de la Rapid dup\u0103 ce a ajuns \u00een Giule\u0219ti \u00een august 2022. [&hellip;]<\/p>\n","protected":false},"author":1,"featured_media":6854,"comment_status":"open","ping_status":"open","sticky":false,"template":"","format":"standard","meta":{"_monsterinsights_skip_tracking":false,"footnotes":""},"categories":[7],"tags":[],"class_list":["post-6853","post","type-post","status-publish","format-standard","has-post-thumbnail","hentry","category-sports"],"aioseo_notices":[],"_links":{"self":[{"href":"https:\/\/info-eforie.ro\/index.php\/wp-json\/wp\/v2\/posts\/6853","targetHints":{"allow":["GET"]}}],"collection":[{"href":"https:\/\/info-eforie.ro\/index.php\/wp-json\/wp\/v2\/posts"}],"about":[{"href":"https:\/\/info-eforie.ro\/index.php\/wp-json\/wp\/v2\/types\/post"}],"author":[{"embeddable":true,"href":"https:\/\/info-eforie.ro\/index.php\/wp-json\/wp\/v2\/users\/1"}],"replies":[{"embeddable":true,"href":"https:\/\/info-eforie.ro\/index.php\/wp-json\/wp\/v2\/comments?post=6853"}],"version-history":[{"count":0,"href":"https:\/\/info-eforie.ro\/index.php\/wp-json\/wp\/v2\/posts\/6853\/revisions"}],"wp:featuredmedia":[{"embeddable":true,"href":"https:\/\/info-eforie.ro\/index.php\/wp-json\/wp\/v2\/media\/6854"}],"wp:attachment":[{"href":"https:\/\/info-eforie.ro\/index.php\/wp-json\/wp\/v2\/media?parent=6853"}],"wp:term":[{"taxonomy":"category","embeddable":true,"href":"https:\/\/info-eforie.ro\/index.php\/wp-json\/wp\/v2\/categories?post=6853"},{"taxonomy":"post_tag","embeddable":true,"href":"https:\/\/info-eforie.ro\/index.php\/wp-json\/wp\/v2\/tags?post=6853"}],"curies":[{"name":"wp","href":"https:\/\/api.w.org\/{rel}","templated":true}]}}