{"id":6727,"date":"2025-08-16T06:07:30","date_gmt":"2025-08-16T06:07:30","guid":{"rendered":"https:\/\/info-eforie.ro\/index.php\/2025\/08\/16\/cfr-cluj-a-trecut-peste-esecul-de-la-braga-mesaj-in-limba-engleza-pe-retelele-sociale\/"},"modified":"2025-08-16T06:07:30","modified_gmt":"2025-08-16T06:07:30","slug":"cfr-cluj-a-trecut-peste-esecul-de-la-braga-mesaj-in-limba-engleza-pe-retelele-sociale","status":"publish","type":"post","link":"https:\/\/info-eforie.ro\/index.php\/2025\/08\/16\/cfr-cluj-a-trecut-peste-esecul-de-la-braga-mesaj-in-limba-engleza-pe-retelele-sociale\/","title":{"rendered":"CFR Cluj a trecut peste e\u0219ecul de la Braga: mesaj \u00een limba englez\u0103 pe re\u021belele sociale"},"content":{"rendered":"<div>\n<p>\u00cen prima man\u0219\u0103, CFR Cluj a primit vizita lui Braga pe stadionul \u201dDr. Constantin R\u0103dulescu\u201d din Gruia, iar portughezii s-au impus \u00een Rom\u00e2nia cu 2-1. \u00cen a doua man\u0219\u0103, ardelenii s-au deplasat pe \u201dEstadio Municipal de Braga\u201d joi sear\u0103.<\/p>\n<p>Braga a rezolvat meciul \u00eenc\u0103 din prima repriz\u0103. Rodrigo Zalazar a deblocat tabela de marcaj \u00een minutul 19, dup\u0103 ce a fructificat o lovitur\u0103 de la 11 metri, iar \u00een minutele suplimentare (45+5&#8242;) a realizat \u201ddubla\u201d din pasa lui Joao Moutinho.<\/p>\n<h2><strong>CFR Cluj a trecut peste e\u0219ecul de la Braga: mesaj \u00een limba englez\u0103 pe re\u021belele sociale<\/strong><br \/><\/h2>\n<p><strong>\u201dOne journey ends, another begins\u201d<\/strong>, a scris CFR Cluj pe re\u021belele social media. \u00cen traducere: <strong>\u201dC\u00e2nd o c\u0103l\u0103torie se termin\u0103, alta \u00eencepe\u201d<\/strong>, reprezent\u00e2nd faptul c\u0103 CFR Cluj \u00ee\u0219i continu\u0103 parcursul european.<\/p>\n<p>Forma\u021bia dirijat\u0103 de Dan Petrescu a fost eliminat\u0103 din turul trei preliminar UEFA Europa League \u0219i a c\u0103zut, \u00een consecni\u021b\u0103, \u00een play-off-ul Conference League, unde va da peste Hacken.<\/p>\n<h2><strong>Dan Petrescu, furios dup\u0103 eliminarea din Europa League: &#8222;Nu aveau nevoie de ajutor! Nou\u0103 de ce nu ne-au dat penalty?&#8221;<\/strong><br \/><\/h2>\n<p>De\u0219i a recunoscut superioritatea adversarilor, Petrescu a pus accentul pe deciziile &#8222;centralului&#8221; Sascha Stegemann. <strong>&#8222;E clar c\u0103 echipa mai bun\u0103 a c\u00e2\u0219tigat, diferen\u021ba de valoare s-a v\u0103zut, dar mici detalii au f\u0103cut aceast\u0103 calificare. M\u0103 g\u00e2ndesc la neprimirea penalty-ului pe care l-am avut, \u00een schimb ei au primit un penalty cred c\u0103 mult mai u\u0219or. Nu cred c\u0103 aveau nevoie de ajutorul arbitrilor, asta e p\u0103rerea mea&#8221;<\/strong>, a transmis tehnicianul.<\/p>\n<p>Nemul\u021bumirea lui Petrescu a continuat, f\u0103c\u00e2nd o paralel\u0103 direct\u0103 \u00eentre cele dou\u0103 man\u0219e: <strong>&#8222;Poate c\u0103 am\u00e2ndou\u0103 au fost penalty-uri, dar mai \u00eent\u00e2i d\u0103-l pe al meu la Cluj \u0219i dup\u0103 aia d\u0103-le \u0219i lor dac\u0103 vrei. Dac\u0103 era 2-2, poate nu se mai ajungea la faza aia&#8221;<\/strong>.<\/p>\n<\/div>\n<p><a href=\"https:\/\/www.sport.ro\/europa-league\/cfr-cluj-a-trecut-peste-esecul-de-la-braga-mesaj-in-limba-engleza-pe-retelele-sociale.html\" class=\"button purchase\" rel=\"nofollow noopener\" target=\"_blank\">Read More<\/a><\/p>\n","protected":false},"excerpt":{"rendered":"<p>\u00cen prima man\u0219\u0103, CFR Cluj a primit vizita lui Braga pe stadionul \u201dDr. Constantin R\u0103dulescu\u201d din Gruia, iar portughezii s-au impus \u00een Rom\u00e2nia cu 2-1. [&hellip;]<\/p>\n","protected":false},"author":1,"featured_media":6728,"comment_status":"open","ping_status":"open","sticky":false,"template":"","format":"standard","meta":{"_monsterinsights_skip_tracking":false,"footnotes":""},"categories":[7],"tags":[],"class_list":["post-6727","post","type-post","status-publish","format-standard","has-post-thumbnail","hentry","category-sports"],"aioseo_notices":[],"_links":{"self":[{"href":"https:\/\/info-eforie.ro\/index.php\/wp-json\/wp\/v2\/posts\/6727","targetHints":{"allow":["GET"]}}],"collection":[{"href":"https:\/\/info-eforie.ro\/index.php\/wp-json\/wp\/v2\/posts"}],"about":[{"href":"https:\/\/info-eforie.ro\/index.php\/wp-json\/wp\/v2\/types\/post"}],"author":[{"embeddable":true,"href":"https:\/\/info-eforie.ro\/index.php\/wp-json\/wp\/v2\/users\/1"}],"replies":[{"embeddable":true,"href":"https:\/\/info-eforie.ro\/index.php\/wp-json\/wp\/v2\/comments?post=6727"}],"version-history":[{"count":0,"href":"https:\/\/info-eforie.ro\/index.php\/wp-json\/wp\/v2\/posts\/6727\/revisions"}],"wp:featuredmedia":[{"embeddable":true,"href":"https:\/\/info-eforie.ro\/index.php\/wp-json\/wp\/v2\/media\/6728"}],"wp:attachment":[{"href":"https:\/\/info-eforie.ro\/index.php\/wp-json\/wp\/v2\/media?parent=6727"}],"wp:term":[{"taxonomy":"category","embeddable":true,"href":"https:\/\/info-eforie.ro\/index.php\/wp-json\/wp\/v2\/categories?post=6727"},{"taxonomy":"post_tag","embeddable":true,"href":"https:\/\/info-eforie.ro\/index.php\/wp-json\/wp\/v2\/tags?post=6727"}],"curies":[{"name":"wp","href":"https:\/\/api.w.org\/{rel}","templated":true}]}}