{"id":6473,"date":"2025-08-07T02:10:32","date_gmt":"2025-08-07T02:10:32","guid":{"rendered":"https:\/\/info-eforie.ro\/index.php\/2025\/08\/07\/ce-a-facut-shkendija-in-meciul-cu-qarabag-din-turul-3-preliminar-champions-league-macedonenii-au-eliminat-o-pe-fcsb\/"},"modified":"2025-08-07T02:10:32","modified_gmt":"2025-08-07T02:10:32","slug":"ce-a-facut-shkendija-in-meciul-cu-qarabag-din-turul-3-preliminar-champions-league-macedonenii-au-eliminat-o-pe-fcsb","status":"publish","type":"post","link":"https:\/\/info-eforie.ro\/index.php\/2025\/08\/07\/ce-a-facut-shkendija-in-meciul-cu-qarabag-din-turul-3-preliminar-champions-league-macedonenii-au-eliminat-o-pe-fcsb\/","title":{"rendered":"Ce a f\u0103cut Shkendija \u00een meciul cu Qarabag din turul 3 preliminar Champions League. Macedonenii au eliminat-o pe FCSB"},"content":{"rendered":"<div>\n<p>Campioana Azerbaidjanului s-a impus cu 1-0 \u00een man\u0219a tur din turul 3 preliminar al UEFA Champions League, gra\u021bie unui gol marcat de <strong>Toral Bayramov <\/strong>din penalty \u00een minutul 18.<\/p>\n<h2><strong>Shkendija a cedat cu 1-0 \u00een fa\u021ba lui Qarabag<\/strong><br \/><\/h2>\n<p>Meciul s-a disputat mar\u021bi, 5 august, pe stadionul \u201eTodor Proeski\u201d din Skopje, \u00een fa\u021ba unui public care a sperat \u00eentr-un nou rezultat mare pentru macedoneni.<\/p>\n<p>Shkendija, care \u0219i-a asigurat deja prezen\u021ba \u00een grupele Conference League, pleac\u0103 acum cu a doua \u0219ans\u0103 \u00een returul din Azerbaidjan, programat pe 12 august.<\/p>\n<h2><strong>FCSB va juca \u00een turul 3 preliminar Europa League, LIVE pe PRO TV \u0219i VOYO<br \/><\/strong><\/h2>\n<p>\u00cen turul precedent, Shkendija a eliminat-o pe FCSB cu un dublu succes: 1-0 acas\u0103 \u0219i 2-1 pe Arena Na\u021bional\u0103, rezultat care trimis campioana Rom\u00e2niei \u00een Europa League.<\/p>\n<p>De cealalt\u0103 parte, FCSB va \u00eencerca s\u0103 \u00ee\u0219i salveze sezonul european \u00een turul 3 preliminar al UEFA Europa League, acolo unde o va \u00eent\u00e2lni pe Drita, campioana din Kosovo. Prima man\u0219\u0103 va avea loc joi, 8 august, de la ora 21:30, pe Arena Na\u021bional\u0103, \u0219i va fi transmis\u0103 de Pro TV \u0219i VOYO.<\/p>\n<\/div>\n<p><a href=\"https:\/\/www.sport.ro\/liga-campionilor\/ce-a-facut-shkendija-in-meciul-cu-qarabag-din-turul-3-preliminar-champions-league-macedonenii-au-eliminat-o-pe-fcsb.html\" class=\"button purchase\" rel=\"nofollow noopener\" target=\"_blank\">Read More<\/a><\/p>\n","protected":false},"excerpt":{"rendered":"<p>Campioana Azerbaidjanului s-a impus cu 1-0 \u00een man\u0219a tur din turul 3 preliminar al UEFA Champions League, gra\u021bie unui gol marcat de Toral Bayramov din [&hellip;]<\/p>\n","protected":false},"author":1,"featured_media":6474,"comment_status":"open","ping_status":"open","sticky":false,"template":"","format":"standard","meta":{"_monsterinsights_skip_tracking":false,"footnotes":""},"categories":[7],"tags":[],"class_list":["post-6473","post","type-post","status-publish","format-standard","has-post-thumbnail","hentry","category-sports"],"aioseo_notices":[],"_links":{"self":[{"href":"https:\/\/info-eforie.ro\/index.php\/wp-json\/wp\/v2\/posts\/6473","targetHints":{"allow":["GET"]}}],"collection":[{"href":"https:\/\/info-eforie.ro\/index.php\/wp-json\/wp\/v2\/posts"}],"about":[{"href":"https:\/\/info-eforie.ro\/index.php\/wp-json\/wp\/v2\/types\/post"}],"author":[{"embeddable":true,"href":"https:\/\/info-eforie.ro\/index.php\/wp-json\/wp\/v2\/users\/1"}],"replies":[{"embeddable":true,"href":"https:\/\/info-eforie.ro\/index.php\/wp-json\/wp\/v2\/comments?post=6473"}],"version-history":[{"count":0,"href":"https:\/\/info-eforie.ro\/index.php\/wp-json\/wp\/v2\/posts\/6473\/revisions"}],"wp:featuredmedia":[{"embeddable":true,"href":"https:\/\/info-eforie.ro\/index.php\/wp-json\/wp\/v2\/media\/6474"}],"wp:attachment":[{"href":"https:\/\/info-eforie.ro\/index.php\/wp-json\/wp\/v2\/media?parent=6473"}],"wp:term":[{"taxonomy":"category","embeddable":true,"href":"https:\/\/info-eforie.ro\/index.php\/wp-json\/wp\/v2\/categories?post=6473"},{"taxonomy":"post_tag","embeddable":true,"href":"https:\/\/info-eforie.ro\/index.php\/wp-json\/wp\/v2\/tags?post=6473"}],"curies":[{"name":"wp","href":"https:\/\/api.w.org\/{rel}","templated":true}]}}