{"id":6407,"date":"2025-08-05T02:07:52","date_gmt":"2025-08-05T02:07:52","guid":{"rendered":"https:\/\/info-eforie.ro\/index.php\/2025\/08\/05\/ce-l-a-deranjat-pe-costel-galca-dupa-victoria-cu-fc-botosani-asta-ma-nemultumeste-o-noua-problema-are-glezna-umflata\/"},"modified":"2025-08-05T02:07:52","modified_gmt":"2025-08-05T02:07:52","slug":"ce-l-a-deranjat-pe-costel-galca-dupa-victoria-cu-fc-botosani-asta-ma-nemultumeste-o-noua-problema-are-glezna-umflata","status":"publish","type":"post","link":"https:\/\/info-eforie.ro\/index.php\/2025\/08\/05\/ce-l-a-deranjat-pe-costel-galca-dupa-victoria-cu-fc-botosani-asta-ma-nemultumeste-o-noua-problema-are-glezna-umflata\/","title":{"rendered":"Ce l-a deranjat pe Costel G\u00e2lc\u0103 dup\u0103 victoria cu FC Boto\u0219ani: \u201eAsta m\u0103 nemul\u021bume\u0219te\u201d + o nou\u0103 problem\u0103: \u201eAre glezna umflat\u0103\u201d"},"content":{"rendered":"<div>\n<p>\u201eAlb-vi\u0219inii\u201d au deschis scorul \u00een minutul 60 prin Baroan, care a reu\u0219it \u201edubla\u201d nou\u0103 minute mai t\u00e2rziu. Moldovenii au redus din diferen\u021b\u0103 prin Ongenda, dar reu\u0219ita francezului din lovitur\u0103 liber\u0103 nu a fost de ajuns.<\/p>\n<h2>Costel G\u00e2lc\u0103, nemul\u021bumit de golul primit<\/h2>\n<p>Costel G\u00e2lc\u0103 a fost mul\u021bumit de presta\u021bia elevilor s\u0103i din aceast\u0103 sear\u0103, dar \u0219i-ar fi dorit ca echipa sa s\u0103 nu fi luat gol.<\/p>\n<p>Antrenorul Rapidului a dezv\u0103luit c\u0103 R\u0103zvan Onea, care a p\u0103r\u0103sit terenul \u00een prima repriz\u0103 are glezna umflat\u0103 \u0219i ar putea s\u0103 se adauge pe lista juc\u0103torilor indisponibili.<\/p>\n<\/div>\n<div>\n<p><strong>\u201e\u00cei felicit pe b\u0103ie\u021bi pentru meciul prestat, 80 de minute din meci s-au prezentat foarte bine. Adversarul nu \u0219i-au creat, ca \u00een alte meciuri, multe ocazii \u0219i totul a fost bine, dar m\u0103 nemul\u021bume\u0219te golul pe care l-am primit.<\/strong><\/p>\n<p><strong>\u0218tiam dinainte de calit\u0103\u021bi are Baroan, c\u0103 e combinativ, c\u0103 vine \u00eentre linii, c\u0103 simte jocul, finalizare foarte bun\u0103, dar nu este la 100%.<\/strong><\/p>\n<p><strong>Onea are glezna umflat\u0103 pu\u021bin, dar sper\u0103m s\u0103 nu fie ceva grav. M\u0103 \u00eengrijoreaz\u0103 bine-\u00een\u021beles accident\u0103rile, \u0219i Manea a fost c\u0103lcat pe m\u00e2n\u0103, dar sper\u0103m s\u0103 \u00eei avem pe to\u021bi.<\/strong><\/p>\n<p><strong>\u00cen prima repriz\u0103 nu am reu\u0219it s\u0103 ne cre\u0103m ocazii clare de gol, dar dup\u0103 intrarea lui Baroan am avut un plus, am fost mai dinamici \u0219i am marcat golurile.<\/strong><\/p>\n<p><strong>A fost o execu\u021bie care pare imparabil\u0103. Stolz a avut evolu\u021bii destul de bune, a ap\u0103rat destul de bine\u201d<\/strong>, a declarat Costel G\u00e2lc\u0103 la flash interviu.<\/p>\n<p>Rapid a urcat pe primul loc \u00een Superliga, \u00een timp ce\u00a0FC Boto\u0219ani a r\u0103mas pe pozi\u021bia a \u0219asea.<\/p>\n<\/div>\n<p><a href=\"https:\/\/www.sport.ro\/liga-1\/ce-l-a-deranjat-pe-costel-galca-dupa-victoria-cu-fc-botosani-asta-ma-nemultumeste-o-noua-problema-are-glezna-umflata.html\" class=\"button purchase\" rel=\"nofollow noopener\" target=\"_blank\">Read More<\/a><\/p>\n","protected":false},"excerpt":{"rendered":"<p>\u201eAlb-vi\u0219inii\u201d au deschis scorul \u00een minutul 60 prin Baroan, care a reu\u0219it \u201edubla\u201d nou\u0103 minute mai t\u00e2rziu. Moldovenii au redus din diferen\u021b\u0103 prin Ongenda, dar [&hellip;]<\/p>\n","protected":false},"author":1,"featured_media":6408,"comment_status":"open","ping_status":"open","sticky":false,"template":"","format":"standard","meta":{"_monsterinsights_skip_tracking":false,"_monsterinsights_sitenote_active":false,"_monsterinsights_sitenote_note":"","_monsterinsights_sitenote_category":0,"footnotes":""},"categories":[7],"tags":[],"class_list":["post-6407","post","type-post","status-publish","format-standard","has-post-thumbnail","hentry","category-sports"],"aioseo_notices":[],"_links":{"self":[{"href":"https:\/\/info-eforie.ro\/index.php\/wp-json\/wp\/v2\/posts\/6407","targetHints":{"allow":["GET"]}}],"collection":[{"href":"https:\/\/info-eforie.ro\/index.php\/wp-json\/wp\/v2\/posts"}],"about":[{"href":"https:\/\/info-eforie.ro\/index.php\/wp-json\/wp\/v2\/types\/post"}],"author":[{"embeddable":true,"href":"https:\/\/info-eforie.ro\/index.php\/wp-json\/wp\/v2\/users\/1"}],"replies":[{"embeddable":true,"href":"https:\/\/info-eforie.ro\/index.php\/wp-json\/wp\/v2\/comments?post=6407"}],"version-history":[{"count":0,"href":"https:\/\/info-eforie.ro\/index.php\/wp-json\/wp\/v2\/posts\/6407\/revisions"}],"wp:featuredmedia":[{"embeddable":true,"href":"https:\/\/info-eforie.ro\/index.php\/wp-json\/wp\/v2\/media\/6408"}],"wp:attachment":[{"href":"https:\/\/info-eforie.ro\/index.php\/wp-json\/wp\/v2\/media?parent=6407"}],"wp:term":[{"taxonomy":"category","embeddable":true,"href":"https:\/\/info-eforie.ro\/index.php\/wp-json\/wp\/v2\/categories?post=6407"},{"taxonomy":"post_tag","embeddable":true,"href":"https:\/\/info-eforie.ro\/index.php\/wp-json\/wp\/v2\/tags?post=6407"}],"curies":[{"name":"wp","href":"https:\/\/api.w.org\/{rel}","templated":true}]}}