{"id":6329,"date":"2025-08-02T01:07:58","date_gmt":"2025-08-02T01:07:58","guid":{"rendered":"https:\/\/info-eforie.ro\/index.php\/2025\/08\/02\/fata-la-joc-editie-speciala-la-finalul-fcsb\/"},"modified":"2025-08-02T01:07:58","modified_gmt":"2025-08-02T01:07:58","slug":"fata-la-joc-editie-speciala-la-finalul-fcsb","status":"publish","type":"post","link":"https:\/\/info-eforie.ro\/index.php\/2025\/08\/02\/fata-la-joc-editie-speciala-la-finalul-fcsb\/","title":{"rendered":"Fa\u021ba la joc, edi\u021bie special\u0103 la finalul FCSB"},"content":{"rendered":"<div>\n<p>Joi, 7 august, de la ora 21:30, PRO TV transmite \u00een direct confruntarea dintre FCSB \u0219i Drita (Kosovo), \u00een turul 3 preliminar al UEFA Europa League. Meciul va avea loc pe Arena Na\u021bional\u0103 \u0219i marcheaz\u0103 o nou\u0103 etap\u0103 important\u0103 \u00een parcursul echipei bucure\u0219tene \u00een competi\u021biile europene.<\/p>\n<h2><strong>Fa\u021ba la joc, edi\u021bie special\u0103 la finalul FCSB &#8211; Drita<br \/><\/strong><\/h2>\n<p>Astfel, FCSB are \u0219ansa de a face un nou pas spre grupele Europa League. Duelul cu Drita se anun\u021b\u0103 unul intens, \u00een fa\u021ba unui adversar ambi\u021bios, care a impresionat \u00een fazele anterioare ale competi\u021biei. Cu un lot valoros \u0219i sus\u021binerea suporterilor, FCSB \u00ee\u0219i propune o victorie conving\u0103toare \u00een fa\u021ba propriilor fani, transmis\u0103 \u00een exclusivitate de PRO TV.<\/p>\n<p>Imediat dup\u0103 fluierul final, telespectatorii sunt invita\u021bi s\u0103 r\u0103m\u00e2n\u0103 pe PRO TV pentru o nou\u0103 edi\u021bie a emisiunii &#8222;Fa\u021ba la joc&#8221;, un format dedicat analizelor \u0219i reac\u021biilor la cald dup\u0103 partidele importante ale serii. Emisiunea aduce la aceea\u0219i mas\u0103 jurnali\u0219ti sportivi, anali\u0219ti, invita\u021bi speciali \u0219i, bine\u00een\u021beles, vocea experimentat\u0103 a gazdei Costin \u0218tucan.<\/p>\n<p>PRO TV continu\u0103 s\u0103 aduc\u0103 telespectatorilor cele mai importante meciuri din fotbalul rom\u00e2nesc \u0219i interna\u021bional, cu transmisiuni de top, comentariu profesionist \u0219i produc\u021bie la cele mai \u00eenalte standarde. Nu rata\u021bi, a\u0219adar, joi sear\u0103, spectacolul european FCSB \u2013 Drita, \u00een direct de la 21:30 la PRO TV.<\/p>\n<\/div>\n<p><a href=\"https:\/\/www.sport.ro\/europa-league\/fata-la-joc-editie-speciala-la-finalul-fcsb-drita-pe-pro-tv-si-voyo-costin-stucan-si-catalin-oprisan-comenteaza-la-cald-prestatia-campioanei.html\" class=\"button purchase\" rel=\"nofollow noopener\" target=\"_blank\">Read More<\/a><\/p>\n","protected":false},"excerpt":{"rendered":"<p>Joi, 7 august, de la ora 21:30, PRO TV transmite \u00een direct confruntarea dintre FCSB \u0219i Drita (Kosovo), \u00een turul 3 preliminar al UEFA Europa [&hellip;]<\/p>\n","protected":false},"author":1,"featured_media":6330,"comment_status":"open","ping_status":"open","sticky":false,"template":"","format":"standard","meta":{"_monsterinsights_skip_tracking":false,"_monsterinsights_sitenote_active":false,"_monsterinsights_sitenote_note":"","_monsterinsights_sitenote_category":0,"footnotes":""},"categories":[7],"tags":[],"class_list":["post-6329","post","type-post","status-publish","format-standard","has-post-thumbnail","hentry","category-sports"],"aioseo_notices":[],"_links":{"self":[{"href":"https:\/\/info-eforie.ro\/index.php\/wp-json\/wp\/v2\/posts\/6329","targetHints":{"allow":["GET"]}}],"collection":[{"href":"https:\/\/info-eforie.ro\/index.php\/wp-json\/wp\/v2\/posts"}],"about":[{"href":"https:\/\/info-eforie.ro\/index.php\/wp-json\/wp\/v2\/types\/post"}],"author":[{"embeddable":true,"href":"https:\/\/info-eforie.ro\/index.php\/wp-json\/wp\/v2\/users\/1"}],"replies":[{"embeddable":true,"href":"https:\/\/info-eforie.ro\/index.php\/wp-json\/wp\/v2\/comments?post=6329"}],"version-history":[{"count":0,"href":"https:\/\/info-eforie.ro\/index.php\/wp-json\/wp\/v2\/posts\/6329\/revisions"}],"wp:featuredmedia":[{"embeddable":true,"href":"https:\/\/info-eforie.ro\/index.php\/wp-json\/wp\/v2\/media\/6330"}],"wp:attachment":[{"href":"https:\/\/info-eforie.ro\/index.php\/wp-json\/wp\/v2\/media?parent=6329"}],"wp:term":[{"taxonomy":"category","embeddable":true,"href":"https:\/\/info-eforie.ro\/index.php\/wp-json\/wp\/v2\/categories?post=6329"},{"taxonomy":"post_tag","embeddable":true,"href":"https:\/\/info-eforie.ro\/index.php\/wp-json\/wp\/v2\/tags?post=6329"}],"curies":[{"name":"wp","href":"https:\/\/api.w.org\/{rel}","templated":true}]}}